{"id":3042,"date":"2019-03-08T16:34:35","date_gmt":"2019-03-08T16:34:35","guid":{"rendered":"https:\/\/blogsaverroes.juntadeandalucia.es\/tomasapinilla\/?p=3042"},"modified":"2025-03-08T10:22:41","modified_gmt":"2025-03-08T10:22:41","slug":"trabajos-dia-internacional-de-la-mujer","status":"publish","type":"post","link":"https:\/\/blogsaverroes.juntadeandalucia.es\/tomasapinilla\/trabajos-dia-internacional-de-la-mujer\/","title":{"rendered":"Trabajos &#8220;D\u00eda Internacional de la Mujer&#8221;"},"content":{"rendered":"<p>Aqu\u00ed os mostramos algunos trabajos de los alumnos y alumnas de cuarto y quinto de primaria sobre el D\u00eda Internacional de la Mujer.&nbsp;<\/p>\n<p><a href=\"https:\/\/blogsaverroes.juntadeandalucia.es\/tomasapinilla\/files\/2019\/03\/IMG-20190308-WA0026.jpg\"><img loading=\"lazy\" decoding=\"async\" class=\"alignnone size-medium wp-image-3051\" src=\"https:\/\/blogsaverroes.juntadeandalucia.es\/tomasapinilla\/files\/2019\/03\/IMG-20190308-WA0026-225x300.jpg\" alt=\"\" width=\"225\" height=\"300\" srcset=\"https:\/\/blogsaverroes.juntadeandalucia.es\/tomasapinilla\/files\/2019\/03\/IMG-20190308-WA0026-225x300.jpg 225w, https:\/\/blogsaverroes.juntadeandalucia.es\/tomasapinilla\/files\/2019\/03\/IMG-20190308-WA0026-768x1024.jpg 768w, https:\/\/blogsaverroes.juntadeandalucia.es\/tomasapinilla\/files\/2019\/03\/IMG-20190308-WA0026-18x24.jpg 18w, https:\/\/blogsaverroes.juntadeandalucia.es\/tomasapinilla\/files\/2019\/03\/IMG-20190308-WA0026-27x36.jpg 27w, https:\/\/blogsaverroes.juntadeandalucia.es\/tomasapinilla\/files\/2019\/03\/IMG-20190308-WA0026-36x48.jpg 36w, https:\/\/blogsaverroes.juntadeandalucia.es\/tomasapinilla\/files\/2019\/03\/IMG-20190308-WA0026.jpg 1200w\" sizes=\"(max-width: 225px) 100vw, 225px\" \/><\/a><\/p>\n<p><a href=\"https:\/\/blogsaverroes.juntadeandalucia.es\/tomasapinilla\/files\/2019\/03\/IMG-20190308-WA0018.jpg\"><img loading=\"lazy\" decoding=\"async\" class=\"alignnone size-medium wp-image-3043\" src=\"https:\/\/blogsaverroes.juntadeandalucia.es\/tomasapinilla\/files\/2019\/03\/IMG-20190308-WA0018-225x300.jpg\" alt=\"\" width=\"225\" height=\"300\" srcset=\"https:\/\/blogsaverroes.juntadeandalucia.es\/tomasapinilla\/files\/2019\/03\/IMG-20190308-WA0018-225x300.jpg 225w, https:\/\/blogsaverroes.juntadeandalucia.es\/tomasapinilla\/files\/2019\/03\/IMG-20190308-WA0018-768x1024.jpg 768w, https:\/\/blogsaverroes.juntadeandalucia.es\/tomasapinilla\/files\/2019\/03\/IMG-20190308-WA0018-18x24.jpg 18w, https:\/\/blogsaverroes.juntadeandalucia.es\/tomasapinilla\/files\/2019\/03\/IMG-20190308-WA0018-27x36.jpg 27w, https:\/\/blogsaverroes.juntadeandalucia.es\/tomasapinilla\/files\/2019\/03\/IMG-20190308-WA0018-36x48.jpg 36w, https:\/\/blogsaverroes.juntadeandalucia.es\/tomasapinilla\/files\/2019\/03\/IMG-20190308-WA0018.jpg 1200w\" sizes=\"(max-width: 225px) 100vw, 225px\" \/><\/a> <a href=\"https:\/\/blogsaverroes.juntadeandalucia.es\/tomasapinilla\/files\/2019\/03\/IMG-20190308-WA0019.jpg\"><img loading=\"lazy\" decoding=\"async\" class=\"alignnone size-medium wp-image-3044\" src=\"https:\/\/blogsaverroes.juntadeandalucia.es\/tomasapinilla\/files\/2019\/03\/IMG-20190308-WA0019-225x300.jpg\" alt=\"\" width=\"225\" height=\"300\" srcset=\"https:\/\/blogsaverroes.juntadeandalucia.es\/tomasapinilla\/files\/2019\/03\/IMG-20190308-WA0019-225x300.jpg 225w, https:\/\/blogsaverroes.juntadeandalucia.es\/tomasapinilla\/files\/2019\/03\/IMG-20190308-WA0019-768x1024.jpg 768w, https:\/\/blogsaverroes.juntadeandalucia.es\/tomasapinilla\/files\/2019\/03\/IMG-20190308-WA0019-18x24.jpg 18w, https:\/\/blogsaverroes.juntadeandalucia.es\/tomasapinilla\/files\/2019\/03\/IMG-20190308-WA0019-27x36.jpg 27w, https:\/\/blogsaverroes.juntadeandalucia.es\/tomasapinilla\/files\/2019\/03\/IMG-20190308-WA0019-36x48.jpg 36w, https:\/\/blogsaverroes.juntadeandalucia.es\/tomasapinilla\/files\/2019\/03\/IMG-20190308-WA0019.jpg 1200w\" sizes=\"(max-width: 225px) 100vw, 225px\" \/><\/a> <a href=\"https:\/\/blogsaverroes.juntadeandalucia.es\/tomasapinilla\/files\/2019\/03\/IMG-20190308-WA0020.jpg\"><img loading=\"lazy\" decoding=\"async\" class=\"alignnone size-medium wp-image-3045\" src=\"https:\/\/blogsaverroes.juntadeandalucia.es\/tomasapinilla\/files\/2019\/03\/IMG-20190308-WA0020-225x300.jpg\" alt=\"\" width=\"225\" height=\"300\" srcset=\"https:\/\/blogsaverroes.juntadeandalucia.es\/tomasapinilla\/files\/2019\/03\/IMG-20190308-WA0020-225x300.jpg 225w, https:\/\/blogsaverroes.juntadeandalucia.es\/tomasapinilla\/files\/2019\/03\/IMG-20190308-WA0020-768x1024.jpg 768w, https:\/\/blogsaverroes.juntadeandalucia.es\/tomasapinilla\/files\/2019\/03\/IMG-20190308-WA0020-18x24.jpg 18w, https:\/\/blogsaverroes.juntadeandalucia.es\/tomasapinilla\/files\/2019\/03\/IMG-20190308-WA0020-27x36.jpg 27w, https:\/\/blogsaverroes.juntadeandalucia.es\/tomasapinilla\/files\/2019\/03\/IMG-20190308-WA0020-36x48.jpg 36w, https:\/\/blogsaverroes.juntadeandalucia.es\/tomasapinilla\/files\/2019\/03\/IMG-20190308-WA0020.jpg 1200w\" sizes=\"(max-width: 225px) 100vw, 225px\" \/><\/a> <a href=\"https:\/\/blogsaverroes.juntadeandalucia.es\/tomasapinilla\/files\/2019\/03\/IMG-20190308-WA0015.jpg\"><img loading=\"lazy\" decoding=\"async\" class=\"alignnone size-medium wp-image-3046\" src=\"https:\/\/blogsaverroes.juntadeandalucia.es\/tomasapinilla\/files\/2019\/03\/IMG-20190308-WA0015-300x225.jpg\" alt=\"\" width=\"300\" height=\"225\" srcset=\"https:\/\/blogsaverroes.juntadeandalucia.es\/tomasapinilla\/files\/2019\/03\/IMG-20190308-WA0015-300x225.jpg 300w, https:\/\/blogsaverroes.juntadeandalucia.es\/tomasapinilla\/files\/2019\/03\/IMG-20190308-WA0015-768x576.jpg 768w, https:\/\/blogsaverroes.juntadeandalucia.es\/tomasapinilla\/files\/2019\/03\/IMG-20190308-WA0015-1024x768.jpg 1024w, https:\/\/blogsaverroes.juntadeandalucia.es\/tomasapinilla\/files\/2019\/03\/IMG-20190308-WA0015-24x18.jpg 24w, https:\/\/blogsaverroes.juntadeandalucia.es\/tomasapinilla\/files\/2019\/03\/IMG-20190308-WA0015-36x27.jpg 36w, https:\/\/blogsaverroes.juntadeandalucia.es\/tomasapinilla\/files\/2019\/03\/IMG-20190308-WA0015-48x36.jpg 48w, https:\/\/blogsaverroes.juntadeandalucia.es\/tomasapinilla\/files\/2019\/03\/IMG-20190308-WA0015.jpg 1600w\" sizes=\"(max-width: 300px) 100vw, 300px\" \/><\/a> <a href=\"https:\/\/blogsaverroes.juntadeandalucia.es\/tomasapinilla\/files\/2019\/03\/IMG-20190308-WA0016.jpg\"><img loading=\"lazy\" decoding=\"async\" class=\"alignnone size-medium wp-image-3047\" src=\"https:\/\/blogsaverroes.juntadeandalucia.es\/tomasapinilla\/files\/2019\/03\/IMG-20190308-WA0016-225x300.jpg\" alt=\"\" width=\"225\" height=\"300\" srcset=\"https:\/\/blogsaverroes.juntadeandalucia.es\/tomasapinilla\/files\/2019\/03\/IMG-20190308-WA0016-225x300.jpg 225w, https:\/\/blogsaverroes.juntadeandalucia.es\/tomasapinilla\/files\/2019\/03\/IMG-20190308-WA0016-768x1024.jpg 768w, https:\/\/blogsaverroes.juntadeandalucia.es\/tomasapinilla\/files\/2019\/03\/IMG-20190308-WA0016-18x24.jpg 18w, https:\/\/blogsaverroes.juntadeandalucia.es\/tomasapinilla\/files\/2019\/03\/IMG-20190308-WA0016-27x36.jpg 27w, https:\/\/blogsaverroes.juntadeandalucia.es\/tomasapinilla\/files\/2019\/03\/IMG-20190308-WA0016-36x48.jpg 36w, https:\/\/blogsaverroes.juntadeandalucia.es\/tomasapinilla\/files\/2019\/03\/IMG-20190308-WA0016.jpg 1200w\" sizes=\"(max-width: 225px) 100vw, 225px\" \/><\/a> <a href=\"https:\/\/blogsaverroes.juntadeandalucia.es\/tomasapinilla\/files\/2019\/03\/IMG-20190308-WA0017.jpg\"><img loading=\"lazy\" decoding=\"async\" class=\"alignnone size-medium wp-image-3048\" src=\"https:\/\/blogsaverroes.juntadeandalucia.es\/tomasapinilla\/files\/2019\/03\/IMG-20190308-WA0017-225x300.jpg\" alt=\"\" width=\"225\" height=\"300\" srcset=\"https:\/\/blogsaverroes.juntadeandalucia.es\/tomasapinilla\/files\/2019\/03\/IMG-20190308-WA0017-225x300.jpg 225w, https:\/\/blogsaverroes.juntadeandalucia.es\/tomasapinilla\/files\/2019\/03\/IMG-20190308-WA0017-768x1024.jpg 768w, https:\/\/blogsaverroes.juntadeandalucia.es\/tomasapinilla\/files\/2019\/03\/IMG-20190308-WA0017-18x24.jpg 18w, https:\/\/blogsaverroes.juntadeandalucia.es\/tomasapinilla\/files\/2019\/03\/IMG-20190308-WA0017-27x36.jpg 27w, https:\/\/blogsaverroes.juntadeandalucia.es\/tomasapinilla\/files\/2019\/03\/IMG-20190308-WA0017-36x48.jpg 36w, https:\/\/blogsaverroes.juntadeandalucia.es\/tomasapinilla\/files\/2019\/03\/IMG-20190308-WA0017.jpg 1200w\" sizes=\"(max-width: 225px) 100vw, 225px\" \/><\/a><\/p>\n","protected":false},"excerpt":{"rendered":"<p>Aqu\u00ed os mostramos algunos trabajos de los alumnos y alumnas de cuarto y quinto de primaria sobre el D\u00eda Internacional de la Mujer.&nbsp;<\/p>\n","protected":false},"author":6145,"featured_media":3049,"comment_status":"open","ping_status":"open","sticky":false,"template":"","format":"standard","meta":{"_exactmetrics_skip_tracking":false,"_exactmetrics_sitenote_active":false,"_exactmetrics_sitenote_note":"","_exactmetrics_sitenote_category":0,"ngg_post_thumbnail":0,"footnotes":""},"categories":[1510046,28259],"tags":[],"aioseo_notices":[],"post_mailing_queue_ids":[],"_links":{"self":[{"href":"https:\/\/blogsaverroes.juntadeandalucia.es\/tomasapinilla\/wp-json\/wp\/v2\/posts\/3042"}],"collection":[{"href":"https:\/\/blogsaverroes.juntadeandalucia.es\/tomasapinilla\/wp-json\/wp\/v2\/posts"}],"about":[{"href":"https:\/\/blogsaverroes.juntadeandalucia.es\/tomasapinilla\/wp-json\/wp\/v2\/types\/post"}],"author":[{"embeddable":true,"href":"https:\/\/blogsaverroes.juntadeandalucia.es\/tomasapinilla\/wp-json\/wp\/v2\/users\/6145"}],"replies":[{"embeddable":true,"href":"https:\/\/blogsaverroes.juntadeandalucia.es\/tomasapinilla\/wp-json\/wp\/v2\/comments?post=3042"}],"version-history":[{"count":2,"href":"https:\/\/blogsaverroes.juntadeandalucia.es\/tomasapinilla\/wp-json\/wp\/v2\/posts\/3042\/revisions"}],"predecessor-version":[{"id":3052,"href":"https:\/\/blogsaverroes.juntadeandalucia.es\/tomasapinilla\/wp-json\/wp\/v2\/posts\/3042\/revisions\/3052"}],"wp:featuredmedia":[{"embeddable":true,"href":"https:\/\/blogsaverroes.juntadeandalucia.es\/tomasapinilla\/wp-json\/wp\/v2\/media\/3049"}],"wp:attachment":[{"href":"https:\/\/blogsaverroes.juntadeandalucia.es\/tomasapinilla\/wp-json\/wp\/v2\/media?parent=3042"}],"wp:term":[{"taxonomy":"category","embeddable":true,"href":"https:\/\/blogsaverroes.juntadeandalucia.es\/tomasapinilla\/wp-json\/wp\/v2\/categories?post=3042"},{"taxonomy":"post_tag","embeddable":true,"href":"https:\/\/blogsaverroes.juntadeandalucia.es\/tomasapinilla\/wp-json\/wp\/v2\/tags?post=3042"}],"curies":[{"name":"wp","href":"https:\/\/api.w.org\/{rel}","templated":true}]}}