{"id":627,"date":"2022-09-08T10:26:50","date_gmt":"2022-09-08T09:26:50","guid":{"rendered":"https:\/\/blogsaverroes.juntadeandalucia.es\/tomasdeybarra\/?p=627"},"modified":"2023-01-15T21:36:30","modified_gmt":"2023-01-15T20:36:30","slug":"horario-primer-dia","status":"publish","type":"post","link":"https:\/\/blogsaverroes.juntadeandalucia.es\/tomasdeybarra\/horario-primer-dia\/","title":{"rendered":"HORARIO PRIMER D\u00cdA"},"content":{"rendered":"<p>Estimadas familias:<\/p>\n<p>El horario de primer d\u00eda, lunes 12 de septiembre, ser\u00e1 de<strong>&nbsp;12.00h a 14.00h<\/strong>&nbsp;para todos los cursos,<strong>&nbsp;excepto para infantil 3 a\u00f1os<\/strong>&nbsp;que ser\u00e1 de&nbsp;<strong>13.00h a 14.00h.<\/strong>&nbsp;<\/p>\n<p>La entrada de<strong>&nbsp;infantil y 1\u00ba<\/strong>&nbsp;ser\u00e1 por la puerta amarilla del edificio de infantil.&nbsp;<strong>No podr\u00e1n ir acompa\u00f1ados de familiares, ya que el profesorado les acompa\u00f1ar\u00e1 desde la entrada a la fila de su clase que estar\u00e1 se\u00f1alada por una pica.&nbsp;<\/strong><\/p>\n<p>La salida de<strong>&nbsp;infantil&nbsp;<\/strong>ser\u00e1 como el a\u00f1o pasado. Los familiares acceder\u00e1n al centro por la puerta principal y recoger\u00e1n a los alumnos\/as en el c\u00e9sped verde.<\/p>\n<p>La salida de&nbsp;<strong>1\u00ba<\/strong>&nbsp;ser\u00e1 por la puerta amarilla del edificio de infantil.&nbsp;<\/p>\n<p>La entrada y salida de<strong>&nbsp;2\u00ba,3\u00ba y 4\u00ba<\/strong>&nbsp;se har\u00e1 por la puerta principal.&nbsp;<strong>No podr\u00e1n ir acompa\u00f1ados de familiares, ya que el profesorado les acompa\u00f1ar\u00e1 desde la entrada a la fila de su clase que estar\u00e1 se\u00f1alada por una pica.&nbsp;<\/strong><\/p>\n<p>La entrada y salida de<strong>&nbsp;5\u00ba y 6\u00ba<\/strong>&nbsp;ser\u00e1 por la puerta m\u00e1s pr\u00f3xima al comedor.&nbsp;<strong>No podr\u00e1n ir acompa\u00f1ados de familiares, ya que el profesorado les acompa\u00f1ar\u00e1 desde la entrada a la fila de su clase que estar\u00e1 se\u00f1alada por una pica.&nbsp;<\/strong><\/p>\n<p>El&nbsp;<strong>comedor y el aula de buenas tarde<\/strong>s empezar\u00e1n a funcionar el pr\u00f3ximo<strong>&nbsp;lunes 12 de septiembre<\/strong>&nbsp;con normalidad.<\/p>\n<p>El&nbsp;<strong>aula matinal y aula de buenos d\u00edas<\/strong>&nbsp;empezar\u00e1 el&nbsp;<strong>martes 13 de septiembre<\/strong>&nbsp;en horario habitual.<\/p>\n<p>Rogamos paciencia tanto en la entrada y como en la salida al Centro.&nbsp;<\/p>\n<p>Feliz inicio de curso.&nbsp;<\/p>\n","protected":false},"excerpt":{"rendered":"<p>Estimadas familias: El horario de primer d\u00eda, lunes 12 de septiembre, ser\u00e1 de&nbsp;12.00h a 14.00h&nbsp;para todos los cursos,&nbsp;excepto para infantil 3 a\u00f1os&nbsp;que ser\u00e1 de&nbsp;13.00h a 14.00h.&nbsp; La entrada de&nbsp;infantil y 1\u00ba&nbsp;ser\u00e1 por la puerta amarilla&#46;&#46;&#46;<\/p>\n","protected":false},"author":15493,"featured_media":602,"comment_status":"closed","ping_status":"open","sticky":false,"template":"","format":"standard","meta":{"ngg_post_thumbnail":0,"footnotes":""},"categories":[4],"tags":[],"aioseo_notices":[],"_links":{"self":[{"href":"https:\/\/blogsaverroes.juntadeandalucia.es\/tomasdeybarra\/wp-json\/wp\/v2\/posts\/627"}],"collection":[{"href":"https:\/\/blogsaverroes.juntadeandalucia.es\/tomasdeybarra\/wp-json\/wp\/v2\/posts"}],"about":[{"href":"https:\/\/blogsaverroes.juntadeandalucia.es\/tomasdeybarra\/wp-json\/wp\/v2\/types\/post"}],"author":[{"embeddable":true,"href":"https:\/\/blogsaverroes.juntadeandalucia.es\/tomasdeybarra\/wp-json\/wp\/v2\/users\/15493"}],"replies":[{"embeddable":true,"href":"https:\/\/blogsaverroes.juntadeandalucia.es\/tomasdeybarra\/wp-json\/wp\/v2\/comments?post=627"}],"version-history":[{"count":5,"href":"https:\/\/blogsaverroes.juntadeandalucia.es\/tomasdeybarra\/wp-json\/wp\/v2\/posts\/627\/revisions"}],"predecessor-version":[{"id":961,"href":"https:\/\/blogsaverroes.juntadeandalucia.es\/tomasdeybarra\/wp-json\/wp\/v2\/posts\/627\/revisions\/961"}],"wp:featuredmedia":[{"embeddable":true,"href":"https:\/\/blogsaverroes.juntadeandalucia.es\/tomasdeybarra\/wp-json\/wp\/v2\/media\/602"}],"wp:attachment":[{"href":"https:\/\/blogsaverroes.juntadeandalucia.es\/tomasdeybarra\/wp-json\/wp\/v2\/media?parent=627"}],"wp:term":[{"taxonomy":"category","embeddable":true,"href":"https:\/\/blogsaverroes.juntadeandalucia.es\/tomasdeybarra\/wp-json\/wp\/v2\/categories?post=627"},{"taxonomy":"post_tag","embeddable":true,"href":"https:\/\/blogsaverroes.juntadeandalucia.es\/tomasdeybarra\/wp-json\/wp\/v2\/tags?post=627"}],"curies":[{"name":"wp","href":"https:\/\/api.w.org\/{rel}","templated":true}]}}