{"id":758,"date":"2022-10-25T19:17:36","date_gmt":"2022-10-25T18:17:36","guid":{"rendered":"https:\/\/blogsaverroes.juntadeandalucia.es\/tomasdeybarra\/?p=758"},"modified":"2023-01-21T14:31:37","modified_gmt":"2023-01-21T13:31:37","slug":"convocatoria-cheque-escolar","status":"publish","type":"post","link":"https:\/\/blogsaverroes.juntadeandalucia.es\/tomasdeybarra\/convocatoria-cheque-escolar\/","title":{"rendered":"Convocatoria Cheque Escolar"},"content":{"rendered":"<p><span style=\"color: #000000\">Estimadas familias:&nbsp;<\/span><\/p>\n<p><span style=\"color: #000000\">Ha salido la<\/span><a href=\"https:\/\/www.juntadeandalucia.es\/eboja\/2022\/205\/BOJA22-205-00023-16834-01_00270100.pdf\" target=\"_blank\" rel=\"noopener noreferrer\"> Orden de 21 de octubre de 2022<\/a>, <span style=\"color: #000000\">por la que se efect\u00faa la convocatoria para el curso 2022\/2023 del cheque escolar de Andaluc\u00eda y se aprueban las bases reguladoras para su concesi\u00f3n.&nbsp;<\/span><\/p>\n<p><a href=\"https:\/\/www.juntadeandalucia.es\/eboja\/2022\/205\/BOJA22-205-00023-16834-01_00270100.pdf\" target=\"_blank\" rel=\"noopener noreferrer\">https:\/\/www.juntadeandalucia.es\/eboja\/2022\/205\/BOJA22-205-00023-16834-01_00270100.pdf<\/a><\/p>\n<p><span style=\"color: #000000\">El objetivo de esta ayuda es apoyar a las familias andaluzas a afrontar los gastos derivados del presente curso escolar, incluyendo entre los mismos los derivados de la adquisici\u00f3n del material escolar, uniformes, comedor, aula matinal, actividades extraescolares y otros de naturaleza an\u00e1loga, ante la situaci\u00f3n generada por los altos niveles de inflaci\u00f3n registrados en el presente a\u00f1os 2022. La concesi\u00f3n del cheque escolar de Andaluc\u00eda estar\u00e1 limitada por las disponibilidades presupuestarias existentes.<\/span><\/p>\n<p><span style=\"color: #000000\">La cuant\u00eda ser\u00e1 de 100 euros, que se abonar\u00e1 en un \u00fanico pago. Se har\u00e1 por transferencia bancaria a la cuenta corriente del solicitante.<\/span><\/p>\n<p><span style=\"color: #000000\">Requisitos:<\/span><\/p>\n<p><span style=\"color: #000000\">1. Estar matriculado\/a en las siguientes ense\u00f1anzas: Ed. Primaria, Ed. Secundaria Obligatoria, Ciclos Formativos de Grado B\u00e1sico y Educaci\u00f3n B\u00e1sica Especial.<\/span><\/p>\n<p><span style=\"color: #000000\">2. Tener una renta y patrimonio familiar que no supere los umbrales establecidos en la presente orden.<\/span><\/p>\n<p><span style=\"color: #000000\">La renta computable y patrimonio familiar para la concesi\u00f3n ser\u00e1 la de no superar los 15.000 euros (menos de 5 miembros en la familia). Se sumar\u00e1 3.750 euros por miembro dem\u00e1s.<\/span><\/p>\n<p><span style=\"color: #000000\">Para solicitarlo deb\u00e9is presentar el modelo Anexo II de las bases, a trav\u00e9s de la Secretar\u00eda virtual de la Consejer\u00eda de Desarrollo Educativo y Formaci\u00f3n Profesional preferentemente<\/span> &nbsp;<a href=\"https:\/\/www.juntadeandalucia.es\/educacion\/secretariavirtual\/\" target=\"_blank\" rel=\"noopener noreferrer\">https:\/\/www.juntadeandalucia.es\/educacion\/secretariavirtual\/<\/a><\/p>\n<p><span style=\"color: #000000\">El Plazo para solicitarlo es de 10 d\u00edas h\u00e1biles a contar desde la publicaci\u00f3n en el BOJA. Es decir, del 26 de octubre al 9 de noviembre de 2022.<\/span><\/p>\n<p><span style=\"color: #000000\">Esperamos que esta informaci\u00f3n os sea \u00fatil.<\/span><\/p>\n","protected":false},"excerpt":{"rendered":"<p>Estimadas familias:&nbsp; Ha salido la Orden de 21 de octubre de 2022, por la que se efect\u00faa la convocatoria para el curso 2022\/2023 del cheque escolar de Andaluc\u00eda y se aprueban las bases reguladoras para&#46;&#46;&#46;<\/p>\n","protected":false},"author":15493,"featured_media":1027,"comment_status":"closed","ping_status":"open","sticky":false,"template":"","format":"aside","meta":{"ngg_post_thumbnail":0,"footnotes":""},"categories":[1],"tags":[12],"aioseo_notices":[],"_links":{"self":[{"href":"https:\/\/blogsaverroes.juntadeandalucia.es\/tomasdeybarra\/wp-json\/wp\/v2\/posts\/758"}],"collection":[{"href":"https:\/\/blogsaverroes.juntadeandalucia.es\/tomasdeybarra\/wp-json\/wp\/v2\/posts"}],"about":[{"href":"https:\/\/blogsaverroes.juntadeandalucia.es\/tomasdeybarra\/wp-json\/wp\/v2\/types\/post"}],"author":[{"embeddable":true,"href":"https:\/\/blogsaverroes.juntadeandalucia.es\/tomasdeybarra\/wp-json\/wp\/v2\/users\/15493"}],"replies":[{"embeddable":true,"href":"https:\/\/blogsaverroes.juntadeandalucia.es\/tomasdeybarra\/wp-json\/wp\/v2\/comments?post=758"}],"version-history":[{"count":3,"href":"https:\/\/blogsaverroes.juntadeandalucia.es\/tomasdeybarra\/wp-json\/wp\/v2\/posts\/758\/revisions"}],"predecessor-version":[{"id":983,"href":"https:\/\/blogsaverroes.juntadeandalucia.es\/tomasdeybarra\/wp-json\/wp\/v2\/posts\/758\/revisions\/983"}],"wp:featuredmedia":[{"embeddable":true,"href":"https:\/\/blogsaverroes.juntadeandalucia.es\/tomasdeybarra\/wp-json\/wp\/v2\/media\/1027"}],"wp:attachment":[{"href":"https:\/\/blogsaverroes.juntadeandalucia.es\/tomasdeybarra\/wp-json\/wp\/v2\/media?parent=758"}],"wp:term":[{"taxonomy":"category","embeddable":true,"href":"https:\/\/blogsaverroes.juntadeandalucia.es\/tomasdeybarra\/wp-json\/wp\/v2\/categories?post=758"},{"taxonomy":"post_tag","embeddable":true,"href":"https:\/\/blogsaverroes.juntadeandalucia.es\/tomasdeybarra\/wp-json\/wp\/v2\/tags?post=758"}],"curies":[{"name":"wp","href":"https:\/\/api.w.org\/{rel}","templated":true}]}}