{"id":268,"date":"2018-02-26T17:24:53","date_gmt":"2018-02-26T17:24:53","guid":{"rendered":"http:\/\/blogsaverroes.juntadeandalucia.es\/tripleb\/?p=268"},"modified":"2018-02-26T17:27:09","modified_gmt":"2018-02-26T17:27:09","slug":"cuentos-malgaches","status":"publish","type":"post","link":"https:\/\/blogsaverroes.juntadeandalucia.es\/tripleb\/2018\/02\/26\/cuentos-malgaches\/","title":{"rendered":"Cuentos Malgaches"},"content":{"rendered":"<p>Ya est\u00e1 encuadernado y disponible en Espa\u00f1ol, Ingl\u00e9s y Franc\u00e9s el nuevo t\u00edtulo del cuento malgache de este trimestre.<\/p>\n<h2><span style=\"color: #0000ff\">\u00abHery y la leche m\u00e1gica\u00bb<\/span><\/h2>\n<p>ac\u00e9rcate a la biblioteca y podras disfrutar de una nueva aventura de nuestros \u00abNamanas\u00bb de la Fundaci\u00f3n Agua de Coco-<\/p>\n<h6>J. Guillermo S\u00e1nchez responsable de la biblioteca<\/h6>\n<p><img loading=\"lazy\" decoding=\"async\" class=\"alignleft wp-image-249 size-medium\" src=\"https:\/\/blogsaverroes.juntadeandalucia.es\/tripleb\/files\/2017\/02\/HERY-PORTADA-208x300.jpg\" alt=\"\" width=\"208\" height=\"300\" srcset=\"https:\/\/blogsaverroes.juntadeandalucia.es\/tripleb\/files\/2017\/02\/HERY-PORTADA-208x300.jpg 208w, https:\/\/blogsaverroes.juntadeandalucia.es\/tripleb\/files\/2017\/02\/HERY-PORTADA-768x1108.jpg 768w, https:\/\/blogsaverroes.juntadeandalucia.es\/tripleb\/files\/2017\/02\/HERY-PORTADA-710x1024.jpg 710w, https:\/\/blogsaverroes.juntadeandalucia.es\/tripleb\/files\/2017\/02\/HERY-PORTADA-17x24.jpg 17w, https:\/\/blogsaverroes.juntadeandalucia.es\/tripleb\/files\/2017\/02\/HERY-PORTADA-25x36.jpg 25w, https:\/\/blogsaverroes.juntadeandalucia.es\/tripleb\/files\/2017\/02\/HERY-PORTADA-33x48.jpg 33w, https:\/\/blogsaverroes.juntadeandalucia.es\/tripleb\/files\/2017\/02\/HERY-PORTADA.jpg 1109w\" sizes=\"(max-width: 208px) 100vw, 208px\" \/><\/p>\n","protected":false},"excerpt":{"rendered":"<p>Ya est\u00e1 encuadernado y disponible en Espa\u00f1ol, Ingl\u00e9s y Franc\u00e9s el nuevo t\u00edtulo del cuento malgache de este trimestre. \u00abHery y la leche m\u00e1gica\u00bb ac\u00e9rcate a la biblioteca y podras disfrutar de una nueva&#46;&#46;&#46;<\/p>\n","protected":false},"author":3817,"featured_media":0,"comment_status":"open","ping_status":"open","sticky":false,"template":"","format":"standard","meta":{"ngg_post_thumbnail":0,"footnotes":""},"categories":[101],"tags":[1188541,317,911452],"aioseo_notices":[],"_links":{"self":[{"href":"https:\/\/blogsaverroes.juntadeandalucia.es\/tripleb\/wp-json\/wp\/v2\/posts\/268"}],"collection":[{"href":"https:\/\/blogsaverroes.juntadeandalucia.es\/tripleb\/wp-json\/wp\/v2\/posts"}],"about":[{"href":"https:\/\/blogsaverroes.juntadeandalucia.es\/tripleb\/wp-json\/wp\/v2\/types\/post"}],"author":[{"embeddable":true,"href":"https:\/\/blogsaverroes.juntadeandalucia.es\/tripleb\/wp-json\/wp\/v2\/users\/3817"}],"replies":[{"embeddable":true,"href":"https:\/\/blogsaverroes.juntadeandalucia.es\/tripleb\/wp-json\/wp\/v2\/comments?post=268"}],"version-history":[{"count":2,"href":"https:\/\/blogsaverroes.juntadeandalucia.es\/tripleb\/wp-json\/wp\/v2\/posts\/268\/revisions"}],"predecessor-version":[{"id":270,"href":"https:\/\/blogsaverroes.juntadeandalucia.es\/tripleb\/wp-json\/wp\/v2\/posts\/268\/revisions\/270"}],"wp:attachment":[{"href":"https:\/\/blogsaverroes.juntadeandalucia.es\/tripleb\/wp-json\/wp\/v2\/media?parent=268"}],"wp:term":[{"taxonomy":"category","embeddable":true,"href":"https:\/\/blogsaverroes.juntadeandalucia.es\/tripleb\/wp-json\/wp\/v2\/categories?post=268"},{"taxonomy":"post_tag","embeddable":true,"href":"https:\/\/blogsaverroes.juntadeandalucia.es\/tripleb\/wp-json\/wp\/v2\/tags?post=268"}],"curies":[{"name":"wp","href":"https:\/\/api.w.org\/{rel}","templated":true}]}}