{"id":143,"date":"2022-02-20T18:36:21","date_gmt":"2022-02-20T18:36:21","guid":{"rendered":"https:\/\/blogsaverroes.juntadeandalucia.es\/unaalenprimaria\/?p=143"},"modified":"2022-02-20T18:36:21","modified_gmt":"2022-02-20T18:36:21","slug":"las-palabras-compuestas","status":"publish","type":"post","link":"https:\/\/blogsaverroes.juntadeandalucia.es\/unaalenprimaria\/las-palabras-compuestas\/","title":{"rendered":"LAS PALABRAS COMPUESTAS"},"content":{"rendered":"<p><span style=\"font-family: 'comic sans ms', sans-serif\">La semana pasada, vimos las palabras compuestas en clase de lengua. <a href=\"https:\/\/youtu.be\/jbKmFTNp5Ww\">Aqu\u00ed<\/a> ten\u00e9is un v\u00eddeo sobre ellas. Despu\u00e9s, las repasamos con la siguiente actividad:<\/span><\/p>\n<p><img loading=\"lazy\" decoding=\"async\" class=\"alignnone size-medium wp-image-144\" src=\"https:\/\/blogsaverroes.juntadeandalucia.es\/unaalenprimaria\/files\/2022\/02\/parabrisas-225x300.jpeg\" alt=\"\" width=\"225\" height=\"300\" srcset=\"https:\/\/blogsaverroes.juntadeandalucia.es\/unaalenprimaria\/files\/2022\/02\/parabrisas-225x300.jpeg 225w, https:\/\/blogsaverroes.juntadeandalucia.es\/unaalenprimaria\/files\/2022\/02\/parabrisas-770x1024.jpeg 770w, https:\/\/blogsaverroes.juntadeandalucia.es\/unaalenprimaria\/files\/2022\/02\/parabrisas-768x1022.jpeg 768w, https:\/\/blogsaverroes.juntadeandalucia.es\/unaalenprimaria\/files\/2022\/02\/parabrisas.jpeg 1135w\" sizes=\"(max-width: 225px) 100vw, 225px\" \/> <img loading=\"lazy\" decoding=\"async\" class=\"alignnone size-medium wp-image-145\" src=\"https:\/\/blogsaverroes.juntadeandalucia.es\/unaalenprimaria\/files\/2022\/02\/parabrisas2-300x195.jpeg\" alt=\"\" width=\"300\" height=\"195\" srcset=\"https:\/\/blogsaverroes.juntadeandalucia.es\/unaalenprimaria\/files\/2022\/02\/parabrisas2-300x195.jpeg 300w, https:\/\/blogsaverroes.juntadeandalucia.es\/unaalenprimaria\/files\/2022\/02\/parabrisas2-1024x667.jpeg 1024w, https:\/\/blogsaverroes.juntadeandalucia.es\/unaalenprimaria\/files\/2022\/02\/parabrisas2-768x500.jpeg 768w, https:\/\/blogsaverroes.juntadeandalucia.es\/unaalenprimaria\/files\/2022\/02\/parabrisas2-1536x1000.jpeg 1536w, https:\/\/blogsaverroes.juntadeandalucia.es\/unaalenprimaria\/files\/2022\/02\/parabrisas2.jpeg 1969w\" sizes=\"(max-width: 300px) 100vw, 300px\" \/><\/p>\n<p><img loading=\"lazy\" decoding=\"async\" class=\"alignnone size-medium wp-image-146\" src=\"https:\/\/blogsaverroes.juntadeandalucia.es\/unaalenprimaria\/files\/2022\/02\/guardaespaldas-233x300.jpeg\" alt=\"\" width=\"233\" height=\"300\" srcset=\"https:\/\/blogsaverroes.juntadeandalucia.es\/unaalenprimaria\/files\/2022\/02\/guardaespaldas-233x300.jpeg 233w, https:\/\/blogsaverroes.juntadeandalucia.es\/unaalenprimaria\/files\/2022\/02\/guardaespaldas-796x1024.jpeg 796w, https:\/\/blogsaverroes.juntadeandalucia.es\/unaalenprimaria\/files\/2022\/02\/guardaespaldas-768x988.jpeg 768w, https:\/\/blogsaverroes.juntadeandalucia.es\/unaalenprimaria\/files\/2022\/02\/guardaespaldas.jpeg 1177w\" sizes=\"(max-width: 233px) 100vw, 233px\" \/> <img loading=\"lazy\" decoding=\"async\" class=\"alignnone size-medium wp-image-147\" src=\"https:\/\/blogsaverroes.juntadeandalucia.es\/unaalenprimaria\/files\/2022\/02\/guardaespaldas2-300x206.jpeg\" alt=\"\" width=\"300\" height=\"206\" srcset=\"https:\/\/blogsaverroes.juntadeandalucia.es\/unaalenprimaria\/files\/2022\/02\/guardaespaldas2-300x206.jpeg 300w, https:\/\/blogsaverroes.juntadeandalucia.es\/unaalenprimaria\/files\/2022\/02\/guardaespaldas2-1024x702.jpeg 1024w, https:\/\/blogsaverroes.juntadeandalucia.es\/unaalenprimaria\/files\/2022\/02\/guardaespaldas2-768x526.jpeg 768w, https:\/\/blogsaverroes.juntadeandalucia.es\/unaalenprimaria\/files\/2022\/02\/guardaespaldas2-1536x1053.jpeg 1536w, https:\/\/blogsaverroes.juntadeandalucia.es\/unaalenprimaria\/files\/2022\/02\/guardaespaldas2.jpeg 1688w\" sizes=\"(max-width: 300px) 100vw, 300px\" \/><\/p>\n<p><img loading=\"lazy\" decoding=\"async\" class=\"alignnone size-medium wp-image-148\" src=\"https:\/\/blogsaverroes.juntadeandalucia.es\/unaalenprimaria\/files\/2022\/02\/saltamontes-227x300.jpeg\" alt=\"\" width=\"227\" height=\"300\" srcset=\"https:\/\/blogsaverroes.juntadeandalucia.es\/unaalenprimaria\/files\/2022\/02\/saltamontes-227x300.jpeg 227w, https:\/\/blogsaverroes.juntadeandalucia.es\/unaalenprimaria\/files\/2022\/02\/saltamontes-776x1024.jpeg 776w, https:\/\/blogsaverroes.juntadeandalucia.es\/unaalenprimaria\/files\/2022\/02\/saltamontes-768x1014.jpeg 768w, https:\/\/blogsaverroes.juntadeandalucia.es\/unaalenprimaria\/files\/2022\/02\/saltamontes.jpeg 1125w\" sizes=\"(max-width: 227px) 100vw, 227px\" \/> <img loading=\"lazy\" decoding=\"async\" class=\"alignnone size-medium wp-image-149\" src=\"https:\/\/blogsaverroes.juntadeandalucia.es\/unaalenprimaria\/files\/2022\/02\/saltamontes2-300x223.jpeg\" alt=\"\" width=\"300\" height=\"223\" srcset=\"https:\/\/blogsaverroes.juntadeandalucia.es\/unaalenprimaria\/files\/2022\/02\/saltamontes2-300x223.jpeg 300w, https:\/\/blogsaverroes.juntadeandalucia.es\/unaalenprimaria\/files\/2022\/02\/saltamontes2-1024x760.jpeg 1024w, https:\/\/blogsaverroes.juntadeandalucia.es\/unaalenprimaria\/files\/2022\/02\/saltamontes2-768x570.jpeg 768w, https:\/\/blogsaverroes.juntadeandalucia.es\/unaalenprimaria\/files\/2022\/02\/saltamontes2-1536x1140.jpeg 1536w, https:\/\/blogsaverroes.juntadeandalucia.es\/unaalenprimaria\/files\/2022\/02\/saltamontes2-360x268.jpeg 360w, https:\/\/blogsaverroes.juntadeandalucia.es\/unaalenprimaria\/files\/2022\/02\/saltamontes2.jpeg 1607w\" sizes=\"(max-width: 300px) 100vw, 300px\" \/><\/p>\n<p><img loading=\"lazy\" decoding=\"async\" class=\"alignnone size-medium wp-image-150\" src=\"https:\/\/blogsaverroes.juntadeandalucia.es\/unaalenprimaria\/files\/2022\/02\/rompehielo-244x300.jpeg\" alt=\"\" width=\"244\" height=\"300\" srcset=\"https:\/\/blogsaverroes.juntadeandalucia.es\/unaalenprimaria\/files\/2022\/02\/rompehielo-244x300.jpeg 244w, https:\/\/blogsaverroes.juntadeandalucia.es\/unaalenprimaria\/files\/2022\/02\/rompehielo-832x1024.jpeg 832w, https:\/\/blogsaverroes.juntadeandalucia.es\/unaalenprimaria\/files\/2022\/02\/rompehielo-768x946.jpeg 768w, https:\/\/blogsaverroes.juntadeandalucia.es\/unaalenprimaria\/files\/2022\/02\/rompehielo.jpeg 1073w\" sizes=\"(max-width: 244px) 100vw, 244px\" \/> <img loading=\"lazy\" decoding=\"async\" class=\"alignnone size-medium wp-image-151\" src=\"https:\/\/blogsaverroes.juntadeandalucia.es\/unaalenprimaria\/files\/2022\/02\/rompehielo2-300x203.jpeg\" alt=\"\" width=\"300\" height=\"203\" srcset=\"https:\/\/blogsaverroes.juntadeandalucia.es\/unaalenprimaria\/files\/2022\/02\/rompehielo2-300x203.jpeg 300w, https:\/\/blogsaverroes.juntadeandalucia.es\/unaalenprimaria\/files\/2022\/02\/rompehielo2-1024x693.jpeg 1024w, https:\/\/blogsaverroes.juntadeandalucia.es\/unaalenprimaria\/files\/2022\/02\/rompehielo2-768x520.jpeg 768w, https:\/\/blogsaverroes.juntadeandalucia.es\/unaalenprimaria\/files\/2022\/02\/rompehielo2.jpeg 1530w\" sizes=\"(max-width: 300px) 100vw, 300px\" \/><\/p>\n<p><span style=\"font-family: 'comic sans ms', sans-serif\">Muy buen trabajo, chicos y chicas.&nbsp;<\/span><\/p>\n","protected":false},"excerpt":{"rendered":"<p>La semana pasada, vimos las palabras compuestas en clase de lengua. Aqu\u00ed ten\u00e9is un v\u00eddeo sobre ellas. Despu\u00e9s, las repasamos con la siguiente actividad: Muy buen trabajo, chicos y chicas.&nbsp;<\/p>\n","protected":false},"author":14157,"featured_media":0,"comment_status":"open","ping_status":"open","sticky":false,"template":"","format":"standard","meta":{"ngg_post_thumbnail":0,"footnotes":""},"categories":[3],"tags":[13],"aioseo_notices":[],"_links":{"self":[{"href":"https:\/\/blogsaverroes.juntadeandalucia.es\/unaalenprimaria\/wp-json\/wp\/v2\/posts\/143"}],"collection":[{"href":"https:\/\/blogsaverroes.juntadeandalucia.es\/unaalenprimaria\/wp-json\/wp\/v2\/posts"}],"about":[{"href":"https:\/\/blogsaverroes.juntadeandalucia.es\/unaalenprimaria\/wp-json\/wp\/v2\/types\/post"}],"author":[{"embeddable":true,"href":"https:\/\/blogsaverroes.juntadeandalucia.es\/unaalenprimaria\/wp-json\/wp\/v2\/users\/14157"}],"replies":[{"embeddable":true,"href":"https:\/\/blogsaverroes.juntadeandalucia.es\/unaalenprimaria\/wp-json\/wp\/v2\/comments?post=143"}],"version-history":[{"count":1,"href":"https:\/\/blogsaverroes.juntadeandalucia.es\/unaalenprimaria\/wp-json\/wp\/v2\/posts\/143\/revisions"}],"predecessor-version":[{"id":152,"href":"https:\/\/blogsaverroes.juntadeandalucia.es\/unaalenprimaria\/wp-json\/wp\/v2\/posts\/143\/revisions\/152"}],"wp:attachment":[{"href":"https:\/\/blogsaverroes.juntadeandalucia.es\/unaalenprimaria\/wp-json\/wp\/v2\/media?parent=143"}],"wp:term":[{"taxonomy":"category","embeddable":true,"href":"https:\/\/blogsaverroes.juntadeandalucia.es\/unaalenprimaria\/wp-json\/wp\/v2\/categories?post=143"},{"taxonomy":"post_tag","embeddable":true,"href":"https:\/\/blogsaverroes.juntadeandalucia.es\/unaalenprimaria\/wp-json\/wp\/v2\/tags?post=143"}],"curies":[{"name":"wp","href":"https:\/\/api.w.org\/{rel}","templated":true}]}}