{"id":299,"date":"2020-05-15T19:24:24","date_gmt":"2020-05-15T17:24:24","guid":{"rendered":"https:\/\/blogsaverroes.juntadeandalucia.es\/uncuadernodecolores\/?p=299"},"modified":"2020-05-15T19:40:32","modified_gmt":"2020-05-15T17:40:32","slug":"orq-el-nino-cavernicola","status":"publish","type":"post","link":"https:\/\/blogsaverroes.juntadeandalucia.es\/uncuadernodecolores\/orq-el-nino-cavernicola\/","title":{"rendered":"Orq, el ni\u00f1o cavern\u00edcola"},"content":{"rendered":"<p>Siguiendo con el proyecto de la Prehistoria, he preparado un <a href=\"https:\/\/www.genial.ly\/\">genially<\/a>, una presentaci\u00f3n interactiva. Se trata de un juego de preguntas, basado en un cuento titulado <em>Este ser Orq (ser ni\u00f1o cavern\u00edcola<\/em>), escrito por David Elliot e ilustrado por Lori Nichols, editado por Planeta DeAgostini.<\/p>\n<p><iframe loading=\"lazy\" src=\"https:\/\/view.genial.ly\/5ebd9d258e243b0d5a32a493\" width=\"1200px\" height=\"675px\" frameborder=\"0\" scrolling=\"yes\"><\/iframe><\/p>\n<p>Espero que os guste y la us\u00e9is en clase o en casa.<\/p>\n<!--themify_builder_content-->\n<div id=\"themify_builder_content-299\" data-postid=\"299\" class=\"themify_builder_content themify_builder_content-299 themify_builder tf_clear\">\n    <\/div>\n<!--\/themify_builder_content-->\n","protected":false},"excerpt":{"rendered":"<p>Siguiendo con el proyecto de la Prehistoria, he preparado un genially, una presentaci\u00f3n interactiva. Se trata de un juego de preguntas, basado en un cuento titulado Este ser Orq (ser ni\u00f1o cavern\u00edcola), escrito por David Elliot e ilustrado por Lori Nichols, editado por Planeta DeAgostini. Espero que os guste y la us\u00e9is en clase o [&hellip;]<\/p>\n","protected":false},"author":8426,"featured_media":0,"comment_status":"open","ping_status":"open","sticky":false,"template":"","format":"aside","meta":{"ngg_post_thumbnail":0,"footnotes":""},"categories":[11918],"tags":[18963,11929,18971,18973,18972],"aioseo_notices":[],"_links":{"self":[{"href":"https:\/\/blogsaverroes.juntadeandalucia.es\/uncuadernodecolores\/wp-json\/wp\/v2\/posts\/299"}],"collection":[{"href":"https:\/\/blogsaverroes.juntadeandalucia.es\/uncuadernodecolores\/wp-json\/wp\/v2\/posts"}],"about":[{"href":"https:\/\/blogsaverroes.juntadeandalucia.es\/uncuadernodecolores\/wp-json\/wp\/v2\/types\/post"}],"author":[{"embeddable":true,"href":"https:\/\/blogsaverroes.juntadeandalucia.es\/uncuadernodecolores\/wp-json\/wp\/v2\/users\/8426"}],"replies":[{"embeddable":true,"href":"https:\/\/blogsaverroes.juntadeandalucia.es\/uncuadernodecolores\/wp-json\/wp\/v2\/comments?post=299"}],"version-history":[{"count":6,"href":"https:\/\/blogsaverroes.juntadeandalucia.es\/uncuadernodecolores\/wp-json\/wp\/v2\/posts\/299\/revisions"}],"predecessor-version":[{"id":305,"href":"https:\/\/blogsaverroes.juntadeandalucia.es\/uncuadernodecolores\/wp-json\/wp\/v2\/posts\/299\/revisions\/305"}],"wp:attachment":[{"href":"https:\/\/blogsaverroes.juntadeandalucia.es\/uncuadernodecolores\/wp-json\/wp\/v2\/media?parent=299"}],"wp:term":[{"taxonomy":"category","embeddable":true,"href":"https:\/\/blogsaverroes.juntadeandalucia.es\/uncuadernodecolores\/wp-json\/wp\/v2\/categories?post=299"},{"taxonomy":"post_tag","embeddable":true,"href":"https:\/\/blogsaverroes.juntadeandalucia.es\/uncuadernodecolores\/wp-json\/wp\/v2\/tags?post=299"}],"curies":[{"name":"wp","href":"https:\/\/api.w.org\/{rel}","templated":true}]}}