{"id":496,"date":"2021-09-05T16:15:26","date_gmt":"2021-09-05T16:15:26","guid":{"rendered":"https:\/\/blogsaverroes.juntadeandalucia.es\/unitedcolors\/?p=496"},"modified":"2022-04-07T19:22:47","modified_gmt":"2022-04-07T19:22:47","slug":"6th-7th-september-kick-off-meeting-united-colors-of-young-european-businessmen","status":"publish","type":"post","link":"https:\/\/blogsaverroes.juntadeandalucia.es\/unitedcolors\/2021\/09\/05\/6th-7th-september-kick-off-meeting-united-colors-of-young-european-businessmen\/","title":{"rendered":"6th-7th September 2021 &#8211; KICK OFF MEETING &#8211; UNITED COLORS OF YOUNG EUROPEAN BUSINESSMEN"},"content":{"rendered":"<p>Los socios del Caribe asistieron al encuentro de manera online, ya que no pudieron venir a Salobre\u00f1a. La coordinadora de Madeira (Portugal) tambi\u00e9n asisti\u00f3 a la reuni\u00f3n online, aunque hab\u00eda dos representantes de este pa\u00eds de manera presencial tambi\u00e9n.<\/p>\n<p><span style=\"color: #2f5496\"><i>The Caribbean partners atended the meeting online, since they could not come to Salobre\u00f1a. The coordinator from Madeira (Portugal) also attended the online meeting, although there were two representatives from this country in person as well.<\/i><\/span><\/p>\n<p>&nbsp;<\/p>\n<p>Repasamos la valoraci\u00f3n del SEPIE (Servicio Espa\u00f1ol para la Internacionalizaci\u00f3n de la Educaci\u00f3n) y tambi\u00e9n repasamos las distintas partes del proyecto ( contexto y necesidades, objetivos y prioridades, destinatarios, comunicaci\u00f3n entre socios, distribuci\u00f3n de tareas, expectativas\u2026) Establecimos la agenda del proyecto acordando realizar la siguiente movilidad a la isla caribe\u00f1a de Saint Marteen ( Holanda) en Enero de 2022.<\/p>\n<p>&nbsp;<\/p>\n<p><span style=\"color: #0070c0\"><i>We reviewed the assessment of SEPIE ( Spanish Service for the Internationalization of Education) and we also reviewed the different parts of the Project ( context and needs, objectives and priorities, recipients , communication between partners, distribution of tasks, expectations\u2026) We established the Project agenda and we agreed to carry out the following mobility to the Caribbean island of Saint Marteen (Holland) in January 2022.<\/i><\/span><\/p>\n<p>&nbsp;<\/p>\n<p>Esta primera movilidad ha sido muy enriquecedora para todos los participantes y una experiencia muy positiva.<\/p>\n<p><span style=\"color: #0070c0\"><i>This first mobility has been enriching for all the participants and a very positive experience.<\/i><\/span><\/p>\n<p>&nbsp;<\/p>\n","protected":false},"excerpt":{"rendered":"<p>Los socios del Caribe asistieron al encuentro de manera online, ya que no pudieron venir a Salobre\u00f1a. La coordinadora de Madeira (Portugal) tambi\u00e9n asisti\u00f3 a&hellip;<\/p>\n","protected":false},"author":3523,"featured_media":499,"comment_status":"closed","ping_status":"open","sticky":false,"template":"","format":"standard","meta":{"ngg_post_thumbnail":0,"footnotes":""},"categories":[6],"tags":[],"aioseo_notices":[],"_links":{"self":[{"href":"https:\/\/blogsaverroes.juntadeandalucia.es\/unitedcolors\/wp-json\/wp\/v2\/posts\/496"}],"collection":[{"href":"https:\/\/blogsaverroes.juntadeandalucia.es\/unitedcolors\/wp-json\/wp\/v2\/posts"}],"about":[{"href":"https:\/\/blogsaverroes.juntadeandalucia.es\/unitedcolors\/wp-json\/wp\/v2\/types\/post"}],"author":[{"embeddable":true,"href":"https:\/\/blogsaverroes.juntadeandalucia.es\/unitedcolors\/wp-json\/wp\/v2\/users\/3523"}],"replies":[{"embeddable":true,"href":"https:\/\/blogsaverroes.juntadeandalucia.es\/unitedcolors\/wp-json\/wp\/v2\/comments?post=496"}],"version-history":[{"count":3,"href":"https:\/\/blogsaverroes.juntadeandalucia.es\/unitedcolors\/wp-json\/wp\/v2\/posts\/496\/revisions"}],"predecessor-version":[{"id":591,"href":"https:\/\/blogsaverroes.juntadeandalucia.es\/unitedcolors\/wp-json\/wp\/v2\/posts\/496\/revisions\/591"}],"wp:featuredmedia":[{"embeddable":true,"href":"https:\/\/blogsaverroes.juntadeandalucia.es\/unitedcolors\/wp-json\/wp\/v2\/media\/499"}],"wp:attachment":[{"href":"https:\/\/blogsaverroes.juntadeandalucia.es\/unitedcolors\/wp-json\/wp\/v2\/media?parent=496"}],"wp:term":[{"taxonomy":"category","embeddable":true,"href":"https:\/\/blogsaverroes.juntadeandalucia.es\/unitedcolors\/wp-json\/wp\/v2\/categories?post=496"},{"taxonomy":"post_tag","embeddable":true,"href":"https:\/\/blogsaverroes.juntadeandalucia.es\/unitedcolors\/wp-json\/wp\/v2\/tags?post=496"}],"curies":[{"name":"wp","href":"https:\/\/api.w.org\/{rel}","templated":true}]}}