{"id":157,"date":"2020-09-25T12:34:12","date_gmt":"2020-09-25T12:34:12","guid":{"rendered":"https:\/\/blogsaverroes.juntadeandalucia.es\/bilinguismovaldeolletas\/?p=1"},"modified":"2021-06-20T11:37:31","modified_gmt":"2021-06-20T11:37:31","slug":"higiene","status":"publish","type":"post","link":"https:\/\/blogsaverroes.juntadeandalucia.es\/valdeolletasbilingue\/2020\/09\/25\/higiene\/","title":{"rendered":"APRENDEMOS H\u00c1BITOS DE HIGIENE.      WE LEARN HIGYENE HABITS."},"content":{"rendered":"<p><strong><span style=\"color: #000000\">H\u00c1BITOS<\/span><span style=\"color: #000000\"> DE HIGIENE PROTOCOLO COVID 2019&nbsp;<\/span><\/strong><\/p>\n<p><strong><span style=\"color: #000000\">Este curso escolar comenzamos aprendiendo nuestro protocolo COVID.<\/span><\/strong><\/p>\n<p><img loading=\"lazy\" decoding=\"async\" class=\"alignnone size-medium wp-image-261\" src=\"https:\/\/blogsaverroes.juntadeandalucia.es\/valdeolletasbilingue\/files\/2020\/09\/covit2-300x218.png\" alt=\"\" width=\"300\" height=\"218\" srcset=\"https:\/\/blogsaverroes.juntadeandalucia.es\/valdeolletasbilingue\/files\/2020\/09\/covit2-300x218.png 300w, https:\/\/blogsaverroes.juntadeandalucia.es\/valdeolletasbilingue\/files\/2020\/09\/covit2.png 595w\" sizes=\"(max-width: 300px) 100vw, 300px\" \/><\/p>\n<p><strong><span style=\"color: #000000\">Aqu\u00ed ten\u00e9is un enlace donde<\/span><span style=\"color: #000000\">&nbsp;podr\u00e9is encontrar<\/span>:<\/strong><\/p>\n<p><strong><span style=\"color: #000000\">-Cuentos<\/span><\/strong><\/p>\n<p><strong><span style=\"color: #000000\">-Canciones<\/span><\/strong><\/p>\n<p><strong><span style=\"color: #000000\">-Dibujos y manualidades.<\/span><\/strong><\/p>\n<p><strong><span style=\"color: #000000\">EN INGL\u00c9S Y ESPA\u00d1OL PARA INFANTIL Y PRIMARIA.<\/span><\/strong><\/p>\n<p>&nbsp;<\/p>\n<p><span style=\"color: #0000ff\">HYGIENIC HABITS COVID 2019<\/span><\/p>\n<p><span style=\"color: #0000ff\">This school year we started learning our COVID protocol.<\/span><\/p>\n<p><span style=\"color: #0000ff\"><em>You&nbsp;<\/em><\/span> <em style=\"color: #0000ff\">can find here:<\/em><\/p>\n<p><span style=\"color: #0000ff\"><em>-Stories<\/em><\/span><\/p>\n<p><span style=\"color: #0000ff\"><em>-Songs<\/em><\/span><\/p>\n<p><span style=\"color: #0000ff\"><em>-Arts and crafts.<\/em><\/span><\/p>\n<p><span style=\"color: #0000ff\"><em>IN ENGLISH AND SPANISH FOR KINDERGARTEN AND ELEMENTARY SCHOOL.<\/em><\/span><\/p>\n<p><strong>Aqu\u00ed ten\u00e9is el enlace:<\/strong><\/p>\n<p><span style=\"color: #0000ff\">Here is the link:<\/span><\/p>\n<p><span style=\"color: #ff0000\"><a style=\"color: #ff0000\" title=\"Acceder a los recursos\" href=\"http:\/\/bit.ly\/recursoscovidprimerciclo\" target=\"_blank\" rel=\"noopener noreferrer\">Recursos COVID Biling\u00fce<\/a><\/span><\/p>\n<p>&nbsp;<\/p>\n<p><strong>Nuestros alumnos biling\u00fces aprenden a llevar la mascarilla y aprenden nuestro protocolo covid para este curso.<\/strong><\/p>\n<p><span style=\"color: #0000ff\">Our bilingual students learn to wear the mask and learn our covid protocol for this course.<\/span><\/p>\n<p><img loading=\"lazy\" decoding=\"async\" class=\"alignnone size-full wp-image-253\" src=\"https:\/\/blogsaverroes.juntadeandalucia.es\/valdeolletasbilingue\/files\/2020\/09\/descarga.jpg\" alt=\"\" width=\"195\" height=\"259\">&nbsp; &nbsp; &nbsp; &nbsp; &nbsp; &nbsp; &nbsp; &nbsp; &nbsp; <img loading=\"lazy\" decoding=\"async\" class=\"alignnone size-medium wp-image-254\" src=\"https:\/\/blogsaverroes.juntadeandalucia.es\/valdeolletasbilingue\/files\/2020\/09\/f73e76faaf37903f1fe3f4ce18c94034-169x300.jpg\" alt=\"\" width=\"169\" height=\"300\" srcset=\"https:\/\/blogsaverroes.juntadeandalucia.es\/valdeolletasbilingue\/files\/2020\/09\/f73e76faaf37903f1fe3f4ce18c94034-169x300.jpg 169w, https:\/\/blogsaverroes.juntadeandalucia.es\/valdeolletasbilingue\/files\/2020\/09\/f73e76faaf37903f1fe3f4ce18c94034-576x1024.jpg 576w, https:\/\/blogsaverroes.juntadeandalucia.es\/valdeolletasbilingue\/files\/2020\/09\/f73e76faaf37903f1fe3f4ce18c94034.jpg 736w\" sizes=\"(max-width: 169px) 100vw, 169px\" \/>&nbsp; &nbsp; &nbsp; &nbsp; &nbsp; &nbsp; &nbsp; &nbsp; <img loading=\"lazy\" decoding=\"async\" class=\"alignnone size-full wp-image-255\" src=\"https:\/\/blogsaverroes.juntadeandalucia.es\/valdeolletasbilingue\/files\/2020\/09\/descarga-1.jpg\" alt=\"\" width=\"195\" height=\"259\"><\/p>\n<p><strong>PRIMARIA<\/strong>&nbsp; &#8211;&nbsp;<\/p>\n<p><strong>Este curso todos debemos usar mascarilla para protegernos, pero nuestros alumnos no quieren perder la sonrisa.<\/strong><\/p>\n<p><strong>Los alumnos de 6\u00ba de primaria aprenden Ingl\u00e9s mientras&nbsp; nos cuentan que se sienten felices de volver al colegio por fin y estar con sus amigos.<\/strong><\/p>\n<p>&nbsp;<span style=\"color: #0000ff\">PRIMARY SCHOOL STUDENTS &#8211;<\/span><\/p>\n<p><span style=\"color: #0000ff\">This year we all have to wear masks to protect ourselves, but our students don&#8217;t want to lose their smiles.<\/span><\/p>\n<p><span style=\"color: #0000ff\">The 6th grade students learn English while telling us how happy they are to finally be back at school and be with their friends.<\/span><\/p>\n<div id=\"attachment_233\" style=\"width: 296px\" class=\"wp-caption alignnone\"><img loading=\"lazy\" decoding=\"async\" aria-describedby=\"caption-attachment-233\" class=\"wp-image-233\" src=\"https:\/\/blogsaverroes.juntadeandalucia.es\/valdeolletasbilingue\/files\/2020\/09\/IMG_20210415_100137-1-300x225.jpg\" alt=\"We use adjectives to describe ourselves.\" width=\"286\" height=\"215\" srcset=\"https:\/\/blogsaverroes.juntadeandalucia.es\/valdeolletasbilingue\/files\/2020\/09\/IMG_20210415_100137-1-300x225.jpg 300w, https:\/\/blogsaverroes.juntadeandalucia.es\/valdeolletasbilingue\/files\/2020\/09\/IMG_20210415_100137-1-1024x768.jpg 1024w, https:\/\/blogsaverroes.juntadeandalucia.es\/valdeolletasbilingue\/files\/2020\/09\/IMG_20210415_100137-1-768x576.jpg 768w, https:\/\/blogsaverroes.juntadeandalucia.es\/valdeolletasbilingue\/files\/2020\/09\/IMG_20210415_100137-1-1536x1152.jpg 1536w, https:\/\/blogsaverroes.juntadeandalucia.es\/valdeolletasbilingue\/files\/2020\/09\/IMG_20210415_100137-1-2048x1536.jpg 2048w\" sizes=\"(max-width: 286px) 100vw, 286px\" \/><p id=\"caption-attachment-233\" class=\"wp-caption-text\"><strong>Este curso usamos mascarilla, pero seguimos sonriendo.<\/strong><\/p><\/div>\n<div id=\"attachment_232\" style=\"width: 219px\" class=\"wp-caption aligncenter\"><img loading=\"lazy\" decoding=\"async\" aria-describedby=\"caption-attachment-232\" class=\"wp-image-232\" src=\"https:\/\/blogsaverroes.juntadeandalucia.es\/valdeolletasbilingue\/files\/2020\/09\/IMG_20210415_100153-225x300.jpg\" alt=\"\" width=\"209\" height=\"279\" srcset=\"https:\/\/blogsaverroes.juntadeandalucia.es\/valdeolletasbilingue\/files\/2020\/09\/IMG_20210415_100153-225x300.jpg 225w, https:\/\/blogsaverroes.juntadeandalucia.es\/valdeolletasbilingue\/files\/2020\/09\/IMG_20210415_100153-768x1024.jpg 768w, https:\/\/blogsaverroes.juntadeandalucia.es\/valdeolletasbilingue\/files\/2020\/09\/IMG_20210415_100153-1152x1536.jpg 1152w, https:\/\/blogsaverroes.juntadeandalucia.es\/valdeolletasbilingue\/files\/2020\/09\/IMG_20210415_100153-1536x2048.jpg 1536w, https:\/\/blogsaverroes.juntadeandalucia.es\/valdeolletasbilingue\/files\/2020\/09\/IMG_20210415_100153-scaled.jpg 1920w\" sizes=\"(max-width: 209px) 100vw, 209px\" \/><p id=\"caption-attachment-232\" class=\"wp-caption-text\"><span style=\"color: #0000ff\">This year we are wearing mask, but we are still smiling.<\/span><\/p><\/div>\n\n\t\t<style>\n\t\t\t#gallery-1 {\n\t\t\t\tmargin: auto;\n\t\t\t}\n\t\t\t#gallery-1 .gallery-item {\n\t\t\t\tfloat: left;\n\t\t\t\tmargin-top: 10px;\n\t\t\t\ttext-align: center;\n\t\t\t\twidth: 33%;\n\t\t\t}\n\t\t\t#gallery-1 img {\n\t\t\t\tborder: 2px solid #cfcfcf;\n\t\t\t}\n\t\t\t#gallery-1 .gallery-caption {\n\t\t\t\tmargin-left: 0;\n\t\t\t}\n\t\t\t\/* see gallery_shortcode() in wp-includes\/media.php *\/\n\t\t<\/style>\n\t\t<div id='gallery-1' class='gallery galleryid-157 gallery-columns-3 gallery-size-thumbnail'><dl class='gallery-item'>\n\t\t\t<dt class='gallery-icon landscape'>\n\t\t\t\t<a href='https:\/\/blogsaverroes.juntadeandalucia.es\/valdeolletasbilingue\/2020\/09\/25\/higiene\/01-2\/'><img loading=\"lazy\" decoding=\"async\" width=\"150\" height=\"150\" src=\"https:\/\/blogsaverroes.juntadeandalucia.es\/valdeolletasbilingue\/files\/2020\/12\/01-150x150.jpg\" class=\"attachment-thumbnail size-thumbnail\" alt=\"\" aria-describedby=\"gallery-1-219\" srcset=\"https:\/\/blogsaverroes.juntadeandalucia.es\/valdeolletasbilingue\/files\/2020\/12\/01-150x150.jpg 150w, https:\/\/blogsaverroes.juntadeandalucia.es\/valdeolletasbilingue\/files\/2020\/12\/01-80x80.jpg 80w, https:\/\/blogsaverroes.juntadeandalucia.es\/valdeolletasbilingue\/files\/2020\/12\/01-320x320.jpg 320w\" sizes=\"(max-width: 150px) 100vw, 150px\" \/><\/a>\n\t\t\t<\/dt>\n\t\t\t\t<dd class='wp-caption-text gallery-caption' id='gallery-1-219'>\n\t\t\t\tWe use adjectives to describe ourselves.\n\t\t\t\t<\/dd><\/dl><dl class='gallery-item'>\n\t\t\t<dt class='gallery-icon portrait'>\n\t\t\t\t<a href='https:\/\/blogsaverroes.juntadeandalucia.es\/valdeolletasbilingue\/2020\/09\/25\/higiene\/attachment\/02\/'><img loading=\"lazy\" decoding=\"async\" width=\"150\" height=\"150\" src=\"https:\/\/blogsaverroes.juntadeandalucia.es\/valdeolletasbilingue\/files\/2020\/12\/02-150x150.jpg\" class=\"attachment-thumbnail size-thumbnail\" alt=\"\" aria-describedby=\"gallery-1-220\" srcset=\"https:\/\/blogsaverroes.juntadeandalucia.es\/valdeolletasbilingue\/files\/2020\/12\/02-150x150.jpg 150w, https:\/\/blogsaverroes.juntadeandalucia.es\/valdeolletasbilingue\/files\/2020\/12\/02-80x80.jpg 80w, https:\/\/blogsaverroes.juntadeandalucia.es\/valdeolletasbilingue\/files\/2020\/12\/02-320x320.jpg 320w\" sizes=\"(max-width: 150px) 100vw, 150px\" \/><\/a>\n\t\t\t<\/dt>\n\t\t\t\t<dd class='wp-caption-text gallery-caption' id='gallery-1-220'>\n\t\t\t\tUsamos adjetivos para describirnos\n\t\t\t\t<\/dd><\/dl>\n\t\t\t<br style='clear: both' \/>\n\t\t<\/div>\n\n<p>&nbsp;<img loading=\"lazy\" decoding=\"async\" class=\"alignnone size-medium wp-image-237\" src=\"https:\/\/blogsaverroes.juntadeandalucia.es\/valdeolletasbilingue\/files\/2020\/09\/IMG_20210415_100309-225x300.jpg\" alt=\"\" width=\"225\" height=\"300\" srcset=\"https:\/\/blogsaverroes.juntadeandalucia.es\/valdeolletasbilingue\/files\/2020\/09\/IMG_20210415_100309-225x300.jpg 225w, https:\/\/blogsaverroes.juntadeandalucia.es\/valdeolletasbilingue\/files\/2020\/09\/IMG_20210415_100309-768x1024.jpg 768w, https:\/\/blogsaverroes.juntadeandalucia.es\/valdeolletasbilingue\/files\/2020\/09\/IMG_20210415_100309-1152x1536.jpg 1152w, https:\/\/blogsaverroes.juntadeandalucia.es\/valdeolletasbilingue\/files\/2020\/09\/IMG_20210415_100309-1536x2048.jpg 1536w, https:\/\/blogsaverroes.juntadeandalucia.es\/valdeolletasbilingue\/files\/2020\/09\/IMG_20210415_100309-scaled.jpg 1920w\" sizes=\"(max-width: 225px) 100vw, 225px\" \/>&nbsp; &nbsp; &nbsp; &nbsp; &nbsp; &nbsp; &nbsp; &nbsp; &nbsp; &nbsp; &nbsp; &nbsp; &nbsp; &nbsp; &nbsp;<img loading=\"lazy\" decoding=\"async\" class=\"alignnone size-medium wp-image-238\" src=\"https:\/\/blogsaverroes.juntadeandalucia.es\/valdeolletasbilingue\/files\/2020\/09\/IMG_20210415_100255-225x300.jpg\" alt=\"\" width=\"225\" height=\"300\" srcset=\"https:\/\/blogsaverroes.juntadeandalucia.es\/valdeolletasbilingue\/files\/2020\/09\/IMG_20210415_100255-225x300.jpg 225w, https:\/\/blogsaverroes.juntadeandalucia.es\/valdeolletasbilingue\/files\/2020\/09\/IMG_20210415_100255-768x1024.jpg 768w, https:\/\/blogsaverroes.juntadeandalucia.es\/valdeolletasbilingue\/files\/2020\/09\/IMG_20210415_100255-1152x1536.jpg 1152w, https:\/\/blogsaverroes.juntadeandalucia.es\/valdeolletasbilingue\/files\/2020\/09\/IMG_20210415_100255-1536x2048.jpg 1536w, https:\/\/blogsaverroes.juntadeandalucia.es\/valdeolletasbilingue\/files\/2020\/09\/IMG_20210415_100255-scaled.jpg 1920w\" sizes=\"(max-width: 225px) 100vw, 225px\" \/><\/p>\n","protected":false},"excerpt":{"rendered":"<p>H\u00c1BITOS DE HIGIENE PROTOCOLO COVID 2019&nbsp; Este curso escolar comenzamos aprendiendo nuestro protocolo COVID. Aqu\u00ed ten\u00e9is un enlace donde&nbsp;podr\u00e9is encontrar: -Cuentos -Canciones -Dibujos y manualidades. EN INGL\u00c9S Y ESPA\u00d1OL PARA INFANTIL Y PRIMARIA. &nbsp;&#46;&#46;&#46;<\/p>\n","protected":false},"author":10994,"featured_media":224,"comment_status":"open","ping_status":"open","sticky":false,"template":"","format":"standard","meta":{"ngg_post_thumbnail":0,"footnotes":""},"categories":[12],"tags":[],"aioseo_notices":[],"_links":{"self":[{"href":"https:\/\/blogsaverroes.juntadeandalucia.es\/valdeolletasbilingue\/wp-json\/wp\/v2\/posts\/157"}],"collection":[{"href":"https:\/\/blogsaverroes.juntadeandalucia.es\/valdeolletasbilingue\/wp-json\/wp\/v2\/posts"}],"about":[{"href":"https:\/\/blogsaverroes.juntadeandalucia.es\/valdeolletasbilingue\/wp-json\/wp\/v2\/types\/post"}],"author":[{"embeddable":true,"href":"https:\/\/blogsaverroes.juntadeandalucia.es\/valdeolletasbilingue\/wp-json\/wp\/v2\/users\/10994"}],"replies":[{"embeddable":true,"href":"https:\/\/blogsaverroes.juntadeandalucia.es\/valdeolletasbilingue\/wp-json\/wp\/v2\/comments?post=157"}],"version-history":[{"count":23,"href":"https:\/\/blogsaverroes.juntadeandalucia.es\/valdeolletasbilingue\/wp-json\/wp\/v2\/posts\/157\/revisions"}],"predecessor-version":[{"id":264,"href":"https:\/\/blogsaverroes.juntadeandalucia.es\/valdeolletasbilingue\/wp-json\/wp\/v2\/posts\/157\/revisions\/264"}],"wp:featuredmedia":[{"embeddable":true,"href":"https:\/\/blogsaverroes.juntadeandalucia.es\/valdeolletasbilingue\/wp-json\/wp\/v2\/media\/224"}],"wp:attachment":[{"href":"https:\/\/blogsaverroes.juntadeandalucia.es\/valdeolletasbilingue\/wp-json\/wp\/v2\/media?parent=157"}],"wp:term":[{"taxonomy":"category","embeddable":true,"href":"https:\/\/blogsaverroes.juntadeandalucia.es\/valdeolletasbilingue\/wp-json\/wp\/v2\/categories?post=157"},{"taxonomy":"post_tag","embeddable":true,"href":"https:\/\/blogsaverroes.juntadeandalucia.es\/valdeolletasbilingue\/wp-json\/wp\/v2\/tags?post=157"}],"curies":[{"name":"wp","href":"https:\/\/api.w.org\/{rel}","templated":true}]}}