{"id":193,"date":"2020-12-23T20:45:24","date_gmt":"2020-12-23T20:45:24","guid":{"rendered":"https:\/\/blogsaverroes.juntadeandalucia.es\/valdeolletasbilingue\/?p=193"},"modified":"2021-06-23T19:28:19","modified_gmt":"2021-06-23T19:28:19","slug":"christmas","status":"publish","type":"post","link":"https:\/\/blogsaverroes.juntadeandalucia.es\/valdeolletasbilingue\/2020\/12\/23\/christmas\/","title":{"rendered":"CHRISTMAS &#8211; NAVIDAD 2020"},"content":{"rendered":"\n\t\t<style>\n\t\t\t#gallery-1 {\n\t\t\t\tmargin: auto;\n\t\t\t}\n\t\t\t#gallery-1 .gallery-item {\n\t\t\t\tfloat: left;\n\t\t\t\tmargin-top: 10px;\n\t\t\t\ttext-align: center;\n\t\t\t\twidth: 33%;\n\t\t\t}\n\t\t\t#gallery-1 img {\n\t\t\t\tborder: 2px solid #cfcfcf;\n\t\t\t}\n\t\t\t#gallery-1 .gallery-caption {\n\t\t\t\tmargin-left: 0;\n\t\t\t}\n\t\t\t\/* see gallery_shortcode() in wp-includes\/media.php *\/\n\t\t<\/style>\n\t\t<div id='gallery-1' class='gallery galleryid-193 gallery-columns-3 gallery-size-thumbnail'><dl class='gallery-item'>\n\t\t\t<dt class='gallery-icon landscape'>\n\t\t\t\t<a href='https:\/\/blogsaverroes.juntadeandalucia.es\/valdeolletasbilingue\/2020\/12\/23\/christmas\/descarga-1-3\/'><img loading=\"lazy\" decoding=\"async\" width=\"150\" height=\"150\" src=\"https:\/\/blogsaverroes.juntadeandalucia.es\/valdeolletasbilingue\/files\/2020\/12\/descarga-1-150x150.jpg\" class=\"attachment-thumbnail size-thumbnail\" alt=\"\" srcset=\"https:\/\/blogsaverroes.juntadeandalucia.es\/valdeolletasbilingue\/files\/2020\/12\/descarga-1-150x150.jpg 150w, https:\/\/blogsaverroes.juntadeandalucia.es\/valdeolletasbilingue\/files\/2020\/12\/descarga-1-80x80.jpg 80w\" sizes=\"(max-width: 150px) 100vw, 150px\" \/><\/a>\n\t\t\t<\/dt><\/dl><dl class='gallery-item'>\n\t\t\t<dt class='gallery-icon landscape'>\n\t\t\t\t<a href='https:\/\/blogsaverroes.juntadeandalucia.es\/valdeolletasbilingue\/2020\/12\/23\/christmas\/images-2\/'><img loading=\"lazy\" decoding=\"async\" width=\"150\" height=\"150\" src=\"https:\/\/blogsaverroes.juntadeandalucia.es\/valdeolletasbilingue\/files\/2020\/12\/images-150x150.jpg\" class=\"attachment-thumbnail size-thumbnail\" alt=\"\" srcset=\"https:\/\/blogsaverroes.juntadeandalucia.es\/valdeolletasbilingue\/files\/2020\/12\/images-150x150.jpg 150w, https:\/\/blogsaverroes.juntadeandalucia.es\/valdeolletasbilingue\/files\/2020\/12\/images-80x80.jpg 80w\" sizes=\"(max-width: 150px) 100vw, 150px\" \/><\/a>\n\t\t\t<\/dt><\/dl>\n\t\t\t<br style='clear: both' \/>\n\t\t<\/div>\n\n<p><span style=\"font-size: 24pt\">Y POR FIN LLEGA LA NAVIDAD<\/span><\/p>\n<p><strong>Decoramos nuestras clases y pasillos con decorados navide\u00f1os. <\/strong><\/p>\n<p><strong>We decorate our classrooms and hallways with Christmas decorations. <\/strong><\/p>\n\n\t\t<style>\n\t\t\t#gallery-2 {\n\t\t\t\tmargin: auto;\n\t\t\t}\n\t\t\t#gallery-2 .gallery-item {\n\t\t\t\tfloat: left;\n\t\t\t\tmargin-top: 10px;\n\t\t\t\ttext-align: center;\n\t\t\t\twidth: 33%;\n\t\t\t}\n\t\t\t#gallery-2 img {\n\t\t\t\tborder: 2px solid #cfcfcf;\n\t\t\t}\n\t\t\t#gallery-2 .gallery-caption {\n\t\t\t\tmargin-left: 0;\n\t\t\t}\n\t\t\t\/* see gallery_shortcode() in wp-includes\/media.php *\/\n\t\t<\/style>\n\t\t<div id='gallery-2' class='gallery galleryid-193 gallery-columns-3 gallery-size-thumbnail'><dl class='gallery-item'>\n\t\t\t<dt class='gallery-icon landscape'>\n\t\t\t\t<a href='https:\/\/blogsaverroes.juntadeandalucia.es\/valdeolletasbilingue\/2020\/12\/23\/christmas\/img_20201216_102130\/'><img loading=\"lazy\" decoding=\"async\" width=\"150\" height=\"150\" src=\"https:\/\/blogsaverroes.juntadeandalucia.es\/valdeolletasbilingue\/files\/2020\/12\/IMG_20201216_102130-150x150.jpg\" class=\"attachment-thumbnail size-thumbnail\" alt=\"\" srcset=\"https:\/\/blogsaverroes.juntadeandalucia.es\/valdeolletasbilingue\/files\/2020\/12\/IMG_20201216_102130-150x150.jpg 150w, https:\/\/blogsaverroes.juntadeandalucia.es\/valdeolletasbilingue\/files\/2020\/12\/IMG_20201216_102130-80x80.jpg 80w, https:\/\/blogsaverroes.juntadeandalucia.es\/valdeolletasbilingue\/files\/2020\/12\/IMG_20201216_102130-320x320.jpg 320w\" sizes=\"(max-width: 150px) 100vw, 150px\" \/><\/a>\n\t\t\t<\/dt><\/dl><dl class='gallery-item'>\n\t\t\t<dt class='gallery-icon portrait'>\n\t\t\t\t<a href='https:\/\/blogsaverroes.juntadeandalucia.es\/valdeolletasbilingue\/2020\/12\/23\/christmas\/img_20201215_101212\/'><img loading=\"lazy\" decoding=\"async\" width=\"150\" height=\"150\" src=\"https:\/\/blogsaverroes.juntadeandalucia.es\/valdeolletasbilingue\/files\/2020\/12\/IMG_20201215_101212-150x150.jpg\" class=\"attachment-thumbnail size-thumbnail\" alt=\"\" srcset=\"https:\/\/blogsaverroes.juntadeandalucia.es\/valdeolletasbilingue\/files\/2020\/12\/IMG_20201215_101212-150x150.jpg 150w, https:\/\/blogsaverroes.juntadeandalucia.es\/valdeolletasbilingue\/files\/2020\/12\/IMG_20201215_101212-80x80.jpg 80w, https:\/\/blogsaverroes.juntadeandalucia.es\/valdeolletasbilingue\/files\/2020\/12\/IMG_20201215_101212-320x320.jpg 320w\" sizes=\"(max-width: 150px) 100vw, 150px\" \/><\/a>\n\t\t\t<\/dt><\/dl><dl class='gallery-item'>\n\t\t\t<dt class='gallery-icon landscape'>\n\t\t\t\t<a href='https:\/\/blogsaverroes.juntadeandalucia.es\/valdeolletasbilingue\/2020\/12\/23\/christmas\/img_20201215_101224\/'><img loading=\"lazy\" decoding=\"async\" width=\"150\" height=\"150\" src=\"https:\/\/blogsaverroes.juntadeandalucia.es\/valdeolletasbilingue\/files\/2020\/12\/IMG_20201215_101224-150x150.jpg\" class=\"attachment-thumbnail size-thumbnail\" alt=\"\" srcset=\"https:\/\/blogsaverroes.juntadeandalucia.es\/valdeolletasbilingue\/files\/2020\/12\/IMG_20201215_101224-150x150.jpg 150w, https:\/\/blogsaverroes.juntadeandalucia.es\/valdeolletasbilingue\/files\/2020\/12\/IMG_20201215_101224-80x80.jpg 80w, https:\/\/blogsaverroes.juntadeandalucia.es\/valdeolletasbilingue\/files\/2020\/12\/IMG_20201215_101224-320x320.jpg 320w\" sizes=\"(max-width: 150px) 100vw, 150px\" \/><\/a>\n\t\t\t<\/dt><\/dl><br style=\"clear: both\" \/>\n\t\t<\/div>\n\n<p>&nbsp;<\/p>\n<p><span style=\"font-size: 24pt;color: #0000ff\">AND CHRISTMAS IS FINALLY HERE<\/span><\/p>\n<p><span style=\"color: #0000ff\">We decorated our school and it looks so beautiful. <\/span><\/p>\n<p><span style=\"color: #0000ff\">We decorate our classrooms and hallways with Christmas decorations.<\/span>&nbsp;<\/p>\n<p><img loading=\"lazy\" decoding=\"async\" class=\"alignnone size-medium wp-image-366\" src=\"https:\/\/blogsaverroes.juntadeandalucia.es\/valdeolletasbilingue\/files\/2020\/12\/IMG_20201215_095823-2-225x300.jpg\" alt=\"\" width=\"225\" height=\"300\" srcset=\"https:\/\/blogsaverroes.juntadeandalucia.es\/valdeolletasbilingue\/files\/2020\/12\/IMG_20201215_095823-2-225x300.jpg 225w, https:\/\/blogsaverroes.juntadeandalucia.es\/valdeolletasbilingue\/files\/2020\/12\/IMG_20201215_095823-2-768x1024.jpg 768w, https:\/\/blogsaverroes.juntadeandalucia.es\/valdeolletasbilingue\/files\/2020\/12\/IMG_20201215_095823-2-1152x1536.jpg 1152w, https:\/\/blogsaverroes.juntadeandalucia.es\/valdeolletasbilingue\/files\/2020\/12\/IMG_20201215_095823-2-1536x2048.jpg 1536w, https:\/\/blogsaverroes.juntadeandalucia.es\/valdeolletasbilingue\/files\/2020\/12\/IMG_20201215_095823-2-scaled.jpg 1920w\" sizes=\"(max-width: 225px) 100vw, 225px\" \/>&nbsp; &nbsp; &nbsp; &nbsp; &nbsp; &nbsp; &nbsp; <img loading=\"lazy\" decoding=\"async\" class=\"alignnone size-medium wp-image-370\" src=\"https:\/\/blogsaverroes.juntadeandalucia.es\/valdeolletasbilingue\/files\/2020\/12\/IMG_20201216_102902-1-225x300.jpg\" alt=\"\" width=\"225\" height=\"300\" srcset=\"https:\/\/blogsaverroes.juntadeandalucia.es\/valdeolletasbilingue\/files\/2020\/12\/IMG_20201216_102902-1-225x300.jpg 225w, https:\/\/blogsaverroes.juntadeandalucia.es\/valdeolletasbilingue\/files\/2020\/12\/IMG_20201216_102902-1-768x1024.jpg 768w, https:\/\/blogsaverroes.juntadeandalucia.es\/valdeolletasbilingue\/files\/2020\/12\/IMG_20201216_102902-1-1152x1536.jpg 1152w, https:\/\/blogsaverroes.juntadeandalucia.es\/valdeolletasbilingue\/files\/2020\/12\/IMG_20201216_102902-1-1536x2048.jpg 1536w, https:\/\/blogsaverroes.juntadeandalucia.es\/valdeolletasbilingue\/files\/2020\/12\/IMG_20201216_102902-1-scaled.jpg 1920w\" sizes=\"(max-width: 225px) 100vw, 225px\" \/><\/p>\n<p>&nbsp; <img loading=\"lazy\" decoding=\"async\" class=\"alignnone size-medium wp-image-367\" src=\"https:\/\/blogsaverroes.juntadeandalucia.es\/valdeolletasbilingue\/files\/2020\/12\/IMG_20201215_102455-2-300x225.jpg\" alt=\"\" width=\"300\" height=\"225\" srcset=\"https:\/\/blogsaverroes.juntadeandalucia.es\/valdeolletasbilingue\/files\/2020\/12\/IMG_20201215_102455-2-300x225.jpg 300w, https:\/\/blogsaverroes.juntadeandalucia.es\/valdeolletasbilingue\/files\/2020\/12\/IMG_20201215_102455-2-1024x768.jpg 1024w, https:\/\/blogsaverroes.juntadeandalucia.es\/valdeolletasbilingue\/files\/2020\/12\/IMG_20201215_102455-2-768x576.jpg 768w, https:\/\/blogsaverroes.juntadeandalucia.es\/valdeolletasbilingue\/files\/2020\/12\/IMG_20201215_102455-2-1536x1152.jpg 1536w, https:\/\/blogsaverroes.juntadeandalucia.es\/valdeolletasbilingue\/files\/2020\/12\/IMG_20201215_102455-2-2048x1536.jpg 2048w\" sizes=\"(max-width: 300px) 100vw, 300px\" \/>&nbsp; &nbsp; <img loading=\"lazy\" decoding=\"async\" class=\"size-medium wp-image-368 alignright\" src=\"https:\/\/blogsaverroes.juntadeandalucia.es\/valdeolletasbilingue\/files\/2020\/12\/IMG_20201216_103132-2-225x300.jpg\" alt=\"\" width=\"225\" height=\"300\" srcset=\"https:\/\/blogsaverroes.juntadeandalucia.es\/valdeolletasbilingue\/files\/2020\/12\/IMG_20201216_103132-2-225x300.jpg 225w, https:\/\/blogsaverroes.juntadeandalucia.es\/valdeolletasbilingue\/files\/2020\/12\/IMG_20201216_103132-2-768x1024.jpg 768w, https:\/\/blogsaverroes.juntadeandalucia.es\/valdeolletasbilingue\/files\/2020\/12\/IMG_20201216_103132-2-1152x1536.jpg 1152w, https:\/\/blogsaverroes.juntadeandalucia.es\/valdeolletasbilingue\/files\/2020\/12\/IMG_20201216_103132-2-1536x2048.jpg 1536w, https:\/\/blogsaverroes.juntadeandalucia.es\/valdeolletasbilingue\/files\/2020\/12\/IMG_20201216_103132-2-scaled.jpg 1920w\" sizes=\"(max-width: 225px) 100vw, 225px\" \/><\/p>\n<p>&nbsp;<\/p>\n<p><strong>Y quedan as\u00ed de bonitos.<\/strong> <span style=\"color: #0000ff\">And they look this pretty.<\/span><\/p>\n\n\t\t<style>\n\t\t\t#gallery-3 {\n\t\t\t\tmargin: auto;\n\t\t\t}\n\t\t\t#gallery-3 .gallery-item {\n\t\t\t\tfloat: left;\n\t\t\t\tmargin-top: 10px;\n\t\t\t\ttext-align: center;\n\t\t\t\twidth: 50%;\n\t\t\t}\n\t\t\t#gallery-3 img {\n\t\t\t\tborder: 2px solid #cfcfcf;\n\t\t\t}\n\t\t\t#gallery-3 .gallery-caption {\n\t\t\t\tmargin-left: 0;\n\t\t\t}\n\t\t\t\/* see gallery_shortcode() in wp-includes\/media.php *\/\n\t\t<\/style>\n\t\t<div id='gallery-3' class='gallery galleryid-193 gallery-columns-2 gallery-size-thumbnail'><dl class='gallery-item'>\n\t\t\t<dt class='gallery-icon landscape'>\n\t\t\t\t<a href='https:\/\/blogsaverroes.juntadeandalucia.es\/valdeolletasbilingue\/2020\/12\/23\/christmas\/img_20201216_102146\/'><img loading=\"lazy\" decoding=\"async\" width=\"150\" height=\"150\" src=\"https:\/\/blogsaverroes.juntadeandalucia.es\/valdeolletasbilingue\/files\/2020\/12\/IMG_20201216_102146-150x150.jpg\" class=\"attachment-thumbnail size-thumbnail\" alt=\"\" srcset=\"https:\/\/blogsaverroes.juntadeandalucia.es\/valdeolletasbilingue\/files\/2020\/12\/IMG_20201216_102146-150x150.jpg 150w, https:\/\/blogsaverroes.juntadeandalucia.es\/valdeolletasbilingue\/files\/2020\/12\/IMG_20201216_102146-80x80.jpg 80w, https:\/\/blogsaverroes.juntadeandalucia.es\/valdeolletasbilingue\/files\/2020\/12\/IMG_20201216_102146-320x320.jpg 320w\" sizes=\"(max-width: 150px) 100vw, 150px\" \/><\/a>\n\t\t\t<\/dt><\/dl><dl class='gallery-item'>\n\t\t\t<dt class='gallery-icon landscape'>\n\t\t\t\t<a href='https:\/\/blogsaverroes.juntadeandalucia.es\/valdeolletasbilingue\/2020\/12\/23\/christmas\/img_20201215_102744\/'><img loading=\"lazy\" decoding=\"async\" width=\"150\" height=\"150\" src=\"https:\/\/blogsaverroes.juntadeandalucia.es\/valdeolletasbilingue\/files\/2020\/12\/IMG_20201215_102744-150x150.jpg\" class=\"attachment-thumbnail size-thumbnail\" alt=\"\" srcset=\"https:\/\/blogsaverroes.juntadeandalucia.es\/valdeolletasbilingue\/files\/2020\/12\/IMG_20201215_102744-150x150.jpg 150w, https:\/\/blogsaverroes.juntadeandalucia.es\/valdeolletasbilingue\/files\/2020\/12\/IMG_20201215_102744-80x80.jpg 80w, https:\/\/blogsaverroes.juntadeandalucia.es\/valdeolletasbilingue\/files\/2020\/12\/IMG_20201215_102744-320x320.jpg 320w\" sizes=\"(max-width: 150px) 100vw, 150px\" \/><\/a>\n\t\t\t<\/dt><\/dl><br style=\"clear: both\" \/><dl class='gallery-item'>\n\t\t\t<dt class='gallery-icon landscape'>\n\t\t\t\t<a href='https:\/\/blogsaverroes.juntadeandalucia.es\/valdeolletasbilingue\/2020\/12\/23\/christmas\/img_20201215_102514\/'><img loading=\"lazy\" decoding=\"async\" width=\"150\" height=\"150\" src=\"https:\/\/blogsaverroes.juntadeandalucia.es\/valdeolletasbilingue\/files\/2020\/12\/IMG_20201215_102514-150x150.jpg\" class=\"attachment-thumbnail size-thumbnail\" alt=\"\" srcset=\"https:\/\/blogsaverroes.juntadeandalucia.es\/valdeolletasbilingue\/files\/2020\/12\/IMG_20201215_102514-150x150.jpg 150w, https:\/\/blogsaverroes.juntadeandalucia.es\/valdeolletasbilingue\/files\/2020\/12\/IMG_20201215_102514-80x80.jpg 80w, https:\/\/blogsaverroes.juntadeandalucia.es\/valdeolletasbilingue\/files\/2020\/12\/IMG_20201215_102514-320x320.jpg 320w\" sizes=\"(max-width: 150px) 100vw, 150px\" \/><\/a>\n\t\t\t<\/dt><\/dl><dl class='gallery-item'>\n\t\t\t<dt class='gallery-icon landscape'>\n\t\t\t\t<a href='https:\/\/blogsaverroes.juntadeandalucia.es\/valdeolletasbilingue\/2020\/12\/23\/christmas\/img_20201215_102702\/'><img loading=\"lazy\" decoding=\"async\" width=\"150\" height=\"150\" src=\"https:\/\/blogsaverroes.juntadeandalucia.es\/valdeolletasbilingue\/files\/2020\/12\/IMG_20201215_102702-150x150.jpg\" class=\"attachment-thumbnail size-thumbnail\" alt=\"\" srcset=\"https:\/\/blogsaverroes.juntadeandalucia.es\/valdeolletasbilingue\/files\/2020\/12\/IMG_20201215_102702-150x150.jpg 150w, https:\/\/blogsaverroes.juntadeandalucia.es\/valdeolletasbilingue\/files\/2020\/12\/IMG_20201215_102702-80x80.jpg 80w, https:\/\/blogsaverroes.juntadeandalucia.es\/valdeolletasbilingue\/files\/2020\/12\/IMG_20201215_102702-320x320.jpg 320w\" sizes=\"(max-width: 150px) 100vw, 150px\" \/><\/a>\n\t\t\t<\/dt><\/dl><br style=\"clear: both\" \/><dl class='gallery-item'>\n\t\t\t<dt class='gallery-icon landscape'>\n\t\t\t\t<a href='https:\/\/blogsaverroes.juntadeandalucia.es\/valdeolletasbilingue\/2020\/12\/23\/christmas\/img_20201215_102741\/'><img loading=\"lazy\" decoding=\"async\" width=\"150\" height=\"150\" src=\"https:\/\/blogsaverroes.juntadeandalucia.es\/valdeolletasbilingue\/files\/2020\/12\/IMG_20201215_102741-150x150.jpg\" class=\"attachment-thumbnail size-thumbnail\" alt=\"\" srcset=\"https:\/\/blogsaverroes.juntadeandalucia.es\/valdeolletasbilingue\/files\/2020\/12\/IMG_20201215_102741-150x150.jpg 150w, https:\/\/blogsaverroes.juntadeandalucia.es\/valdeolletasbilingue\/files\/2020\/12\/IMG_20201215_102741-80x80.jpg 80w, https:\/\/blogsaverroes.juntadeandalucia.es\/valdeolletasbilingue\/files\/2020\/12\/IMG_20201215_102741-320x320.jpg 320w\" sizes=\"(max-width: 150px) 100vw, 150px\" \/><\/a>\n\t\t\t<\/dt><\/dl>\n\t\t\t<br style='clear: both' \/>\n\t\t<\/div>\n\n<p><strong>Tambi\u00e9n ven algunos videos para aprender vocabulario sobre Navidad en ingl\u00e9s<\/strong>.<\/p>\n<p><span style=\"color: #0000ff\"><strong>They also watch some videos to learn Christmas vocabulary in English.&nbsp;<\/strong><\/span><\/p>\n<p><iframe loading=\"lazy\" src=\"\/\/www.youtube.com\/embed\/Kg__vXsU8xw\" width=\"560\" height=\"314\"><\/iframe><\/p>\n<p><strong>Y muchas canciones de navidad en ingl\u00e9s.<\/strong><\/p>\n<p><span style=\"color: #0000ff\"><strong>And many Christmas songs in English.<\/strong><\/span><\/p>\n<p><iframe loading=\"lazy\" src=\"\/\/www.youtube.com\/embed\/grhi8MLM1i8\" width=\"560\" height=\"314\"><\/iframe><\/p>\n<p>&nbsp;<\/p>\n<p><strong>Desde el CEIP Valdeolletas os queremos enviar nuestros mejores deseos para estas fiestas navide\u00f1as y que este nuevo a\u00f1o 2021 venga cargado de alegr\u00eda, trabajo y mucha salud para todos.<\/strong><\/p>\n<p><span style=\"color: #0000ff\"><strong>From CEIP Valdeolletas we want to send you our best wishes for the Christmas holidays and that this new year 2021 comes full of happiness, hard work and good health for everyone.<\/strong><\/span><\/p>\n<p><img loading=\"lazy\" decoding=\"async\" class=\"alignnone size-full wp-image-401\" src=\"https:\/\/blogsaverroes.juntadeandalucia.es\/valdeolletasbilingue\/files\/2020\/12\/images-1.jpg\" alt=\"\" width=\"225\" height=\"225\" srcset=\"https:\/\/blogsaverroes.juntadeandalucia.es\/valdeolletasbilingue\/files\/2020\/12\/images-1.jpg 225w, https:\/\/blogsaverroes.juntadeandalucia.es\/valdeolletasbilingue\/files\/2020\/12\/images-1-150x150.jpg 150w, https:\/\/blogsaverroes.juntadeandalucia.es\/valdeolletasbilingue\/files\/2020\/12\/images-1-80x80.jpg 80w\" sizes=\"(max-width: 225px) 100vw, 225px\" \/>&nbsp;<\/p>\n","protected":false},"excerpt":{"rendered":"<p>Y POR FIN LLEGA LA NAVIDAD Decoramos nuestras clases y pasillos con decorados navide\u00f1os. We decorate our classrooms and hallways with Christmas decorations. &nbsp; AND CHRISTMAS IS FINALLY HERE We decorated our school and&#46;&#46;&#46;<\/p>\n","protected":false},"author":10994,"featured_media":269,"comment_status":"open","ping_status":"open","sticky":false,"template":"","format":"standard","meta":{"ngg_post_thumbnail":0,"footnotes":""},"categories":[1],"tags":[],"aioseo_notices":[],"_links":{"self":[{"href":"https:\/\/blogsaverroes.juntadeandalucia.es\/valdeolletasbilingue\/wp-json\/wp\/v2\/posts\/193"}],"collection":[{"href":"https:\/\/blogsaverroes.juntadeandalucia.es\/valdeolletasbilingue\/wp-json\/wp\/v2\/posts"}],"about":[{"href":"https:\/\/blogsaverroes.juntadeandalucia.es\/valdeolletasbilingue\/wp-json\/wp\/v2\/types\/post"}],"author":[{"embeddable":true,"href":"https:\/\/blogsaverroes.juntadeandalucia.es\/valdeolletasbilingue\/wp-json\/wp\/v2\/users\/10994"}],"replies":[{"embeddable":true,"href":"https:\/\/blogsaverroes.juntadeandalucia.es\/valdeolletasbilingue\/wp-json\/wp\/v2\/comments?post=193"}],"version-history":[{"count":8,"href":"https:\/\/blogsaverroes.juntadeandalucia.es\/valdeolletasbilingue\/wp-json\/wp\/v2\/posts\/193\/revisions"}],"predecessor-version":[{"id":710,"href":"https:\/\/blogsaverroes.juntadeandalucia.es\/valdeolletasbilingue\/wp-json\/wp\/v2\/posts\/193\/revisions\/710"}],"wp:featuredmedia":[{"embeddable":true,"href":"https:\/\/blogsaverroes.juntadeandalucia.es\/valdeolletasbilingue\/wp-json\/wp\/v2\/media\/269"}],"wp:attachment":[{"href":"https:\/\/blogsaverroes.juntadeandalucia.es\/valdeolletasbilingue\/wp-json\/wp\/v2\/media?parent=193"}],"wp:term":[{"taxonomy":"category","embeddable":true,"href":"https:\/\/blogsaverroes.juntadeandalucia.es\/valdeolletasbilingue\/wp-json\/wp\/v2\/categories?post=193"},{"taxonomy":"post_tag","embeddable":true,"href":"https:\/\/blogsaverroes.juntadeandalucia.es\/valdeolletasbilingue\/wp-json\/wp\/v2\/tags?post=193"}],"curies":[{"name":"wp","href":"https:\/\/api.w.org\/{rel}","templated":true}]}}