{"id":28,"date":"2021-03-17T23:26:51","date_gmt":"2021-03-17T23:26:51","guid":{"rendered":"https:\/\/themify.me\/demo\/themes\/simfo\/?p=1039"},"modified":"2021-06-23T19:15:15","modified_gmt":"2021-06-23T19:15:15","slug":"vimeo-video-one","status":"publish","type":"post","link":"https:\/\/blogsaverroes.juntadeandalucia.es\/valdeolletasbilingue\/2021\/03\/17\/vimeo-video-one\/","title":{"rendered":"ST.PATRICK\u00b4S DAY"},"content":{"rendered":"<p><img loading=\"lazy\" decoding=\"async\" class=\"alignnone size-full wp-image-432\" src=\"https:\/\/blogsaverroes.juntadeandalucia.es\/valdeolletasbilingue\/files\/2021\/03\/descarga.jpg\" alt=\"\" width=\"225\" height=\"225\" srcset=\"https:\/\/blogsaverroes.juntadeandalucia.es\/valdeolletasbilingue\/files\/2021\/03\/descarga.jpg 225w, https:\/\/blogsaverroes.juntadeandalucia.es\/valdeolletasbilingue\/files\/2021\/03\/descarga-150x150.jpg 150w, https:\/\/blogsaverroes.juntadeandalucia.es\/valdeolletasbilingue\/files\/2021\/03\/descarga-80x80.jpg 80w\" sizes=\"(max-width: 225px) 100vw, 225px\" \/><span style=\"font-size: 24pt\"> EL D\u00cdA DE SAN PATRICIO<\/span><\/p>\n<p><strong>El d\u00eda 17 de marzo se celebra el D\u00eda de San Patricio, patr\u00f3n de Irlanda.<\/strong><br \/>\n<strong>Con el objetivo de acercar a nuestros alumnos a la cultura de Irlanda, sus leyendas y costumbres, celebraremos este d\u00eda en nuestro colegio.<\/strong><br \/>\n<strong>Se realiza un mural que se colocar\u00e1 en el hall del colegio y en el que colaboran los alumnos, coloreando y recortando los dibujos que utilizaremos para la elaboraci\u00f3n del mural.<\/strong><br \/>\n<strong>En este mural contamos la historia y el origen de esta celebraci\u00f3n, explicando qui\u00e9n es San Patrick y y porqu\u00e9 es el patr\u00f3n de Irlanda.<\/strong><br \/>\n<strong>Hablamos de sus s\u00edmbolos, la bandera y otras muchas curiosidades.<\/strong><\/p>\n<p><span style=\"font-size: 24pt;color: #0000ff\">ST. PATRICK&#8217;S DAY<\/span><br \/>\n<strong><span style=\"color: #0000ff\">St. Patrick&#8217;s Day, patron saint of Ireland, is celebrated on March 17.<\/span><\/strong><br \/>\n<strong><span style=\"color: #0000ff\">With the idea of teaching our students about the culture of Ireland, its legendas and customs, we will celebrate this day in our school.<\/span><\/strong><br \/>\n<strong><span style=\"color: #0000ff\">We will make a poster to be placed in the hall of the school and in which the students will collaborate, coloring and cutting out the drawings that we will use for the elaboration of the poster.<\/span><\/strong><br \/>\n<strong><span style=\"color: #0000ff\">In it, we tell the history and origin of this celebration, explaining who St. Patrick is and why he is the patron saint of Ireland.<\/span><\/strong><br \/>\n<strong><span style=\"color: #0000ff\">We talk about its symbols, the flag and many other curiosities.<\/span><\/strong><\/p>\n<p><strong>As\u00ed de bonito qued\u00f3 nuestro mural.<\/strong><\/p>\n<p><span style=\"color: #0000ff\">That&#8217;s how beautiful our poster finally looked.<\/span><\/p>\n<p><img loading=\"lazy\" decoding=\"async\" class=\"alignnone size-medium wp-image-434\" src=\"https:\/\/blogsaverroes.juntadeandalucia.es\/valdeolletasbilingue\/files\/2021\/03\/IMG-20210321-WA0027-300x225.jpg\" alt=\"\" width=\"300\" height=\"225\" srcset=\"https:\/\/blogsaverroes.juntadeandalucia.es\/valdeolletasbilingue\/files\/2021\/03\/IMG-20210321-WA0027-300x225.jpg 300w, https:\/\/blogsaverroes.juntadeandalucia.es\/valdeolletasbilingue\/files\/2021\/03\/IMG-20210321-WA0027-1024x768.jpg 1024w, https:\/\/blogsaverroes.juntadeandalucia.es\/valdeolletasbilingue\/files\/2021\/03\/IMG-20210321-WA0027-768x576.jpg 768w, https:\/\/blogsaverroes.juntadeandalucia.es\/valdeolletasbilingue\/files\/2021\/03\/IMG-20210321-WA0027-1536x1152.jpg 1536w, https:\/\/blogsaverroes.juntadeandalucia.es\/valdeolletasbilingue\/files\/2021\/03\/IMG-20210321-WA0027.jpg 1600w\" sizes=\"(max-width: 300px) 100vw, 300px\" \/><\/p>\n<p><strong>Tambi\u00e9n contamos la leyenda del \u00abLEPRECHAUN\u00bb, el duende verde que encanta a los alumnos de todas las edades y porqu\u00e9 hay que vestir de verde el D\u00eda de san Patrick.<\/strong><\/p>\n<p><strong><span style=\"color: #0000ff\">We also told the legend of \u00abLEPRECHAUN\u00bb, the green leprechaun who fascinates students of all ages and why we have to wear green on St. Patrick&#8217;s Day.<\/span><\/strong><\/p>\n<p>&nbsp;<\/p>\n\n\t\t<style>\n\t\t\t#gallery-1 {\n\t\t\t\tmargin: auto;\n\t\t\t}\n\t\t\t#gallery-1 .gallery-item {\n\t\t\t\tfloat: left;\n\t\t\t\tmargin-top: 10px;\n\t\t\t\ttext-align: center;\n\t\t\t\twidth: 33%;\n\t\t\t}\n\t\t\t#gallery-1 img {\n\t\t\t\tborder: 2px solid #cfcfcf;\n\t\t\t}\n\t\t\t#gallery-1 .gallery-caption {\n\t\t\t\tmargin-left: 0;\n\t\t\t}\n\t\t\t\/* see gallery_shortcode() in wp-includes\/media.php *\/\n\t\t<\/style>\n\t\t<div id='gallery-1' class='gallery galleryid-28 gallery-columns-3 gallery-size-thumbnail'><dl class='gallery-item'>\n\t\t\t<dt class='gallery-icon portrait'>\n\t\t\t\t<a href='https:\/\/blogsaverroes.juntadeandalucia.es\/valdeolletasbilingue\/2021\/03\/17\/vimeo-video-one\/img-20210608-wa0019\/'><img loading=\"lazy\" decoding=\"async\" width=\"150\" height=\"150\" src=\"https:\/\/blogsaverroes.juntadeandalucia.es\/valdeolletasbilingue\/files\/2021\/03\/IMG-20210608-WA0019-150x150.jpg\" class=\"attachment-thumbnail size-thumbnail\" alt=\"\" srcset=\"https:\/\/blogsaverroes.juntadeandalucia.es\/valdeolletasbilingue\/files\/2021\/03\/IMG-20210608-WA0019-150x150.jpg 150w, https:\/\/blogsaverroes.juntadeandalucia.es\/valdeolletasbilingue\/files\/2021\/03\/IMG-20210608-WA0019-80x80.jpg 80w, https:\/\/blogsaverroes.juntadeandalucia.es\/valdeolletasbilingue\/files\/2021\/03\/IMG-20210608-WA0019-320x320.jpg 320w\" sizes=\"(max-width: 150px) 100vw, 150px\" \/><\/a>\n\t\t\t<\/dt><\/dl><dl class='gallery-item'>\n\t\t\t<dt class='gallery-icon landscape'>\n\t\t\t\t<a href='https:\/\/blogsaverroes.juntadeandalucia.es\/valdeolletasbilingue\/2021\/03\/17\/vimeo-video-one\/images-3-2\/'><img loading=\"lazy\" decoding=\"async\" width=\"150\" height=\"150\" src=\"https:\/\/blogsaverroes.juntadeandalucia.es\/valdeolletasbilingue\/files\/2021\/03\/images-3-150x150.jpg\" class=\"attachment-thumbnail size-thumbnail\" alt=\"\" srcset=\"https:\/\/blogsaverroes.juntadeandalucia.es\/valdeolletasbilingue\/files\/2021\/03\/images-3-150x150.jpg 150w, https:\/\/blogsaverroes.juntadeandalucia.es\/valdeolletasbilingue\/files\/2021\/03\/images-3-80x80.jpg 80w\" sizes=\"(max-width: 150px) 100vw, 150px\" \/><\/a>\n\t\t\t<\/dt><\/dl>\n\t\t\t<br style='clear: both' \/>\n\t\t<\/div>\n\n<p><strong>Las profesoras de Ingl\u00e9s nos disfrazamos, vestimos de verde y llevamos gorros t\u00edpicos, tr\u00e9boles y decorados y el resto de profesores tambi\u00e9n.<\/strong><\/p>\n<p><strong><span style=\"color: #0000ff\">The English teachers dressed up in green and wore typical hats, shamrocks and decorations and so did the rest of the teachers.<\/span><\/strong><\/p>\n\n\t\t<style>\n\t\t\t#gallery-2 {\n\t\t\t\tmargin: auto;\n\t\t\t}\n\t\t\t#gallery-2 .gallery-item {\n\t\t\t\tfloat: left;\n\t\t\t\tmargin-top: 10px;\n\t\t\t\ttext-align: center;\n\t\t\t\twidth: 33%;\n\t\t\t}\n\t\t\t#gallery-2 img {\n\t\t\t\tborder: 2px solid #cfcfcf;\n\t\t\t}\n\t\t\t#gallery-2 .gallery-caption {\n\t\t\t\tmargin-left: 0;\n\t\t\t}\n\t\t\t\/* see gallery_shortcode() in wp-includes\/media.php *\/\n\t\t<\/style>\n\t\t<div id='gallery-2' class='gallery galleryid-28 gallery-columns-3 gallery-size-thumbnail'><dl class='gallery-item'>\n\t\t\t<dt class='gallery-icon portrait'>\n\t\t\t\t<a href='https:\/\/blogsaverroes.juntadeandalucia.es\/valdeolletasbilingue\/2021\/03\/17\/vimeo-video-one\/img-20210317-wa0025\/'><img loading=\"lazy\" decoding=\"async\" width=\"150\" height=\"150\" src=\"https:\/\/blogsaverroes.juntadeandalucia.es\/valdeolletasbilingue\/files\/2021\/03\/IMG-20210317-WA0025-150x150.jpg\" class=\"attachment-thumbnail size-thumbnail\" alt=\"\" srcset=\"https:\/\/blogsaverroes.juntadeandalucia.es\/valdeolletasbilingue\/files\/2021\/03\/IMG-20210317-WA0025-150x150.jpg 150w, https:\/\/blogsaverroes.juntadeandalucia.es\/valdeolletasbilingue\/files\/2021\/03\/IMG-20210317-WA0025-80x80.jpg 80w, https:\/\/blogsaverroes.juntadeandalucia.es\/valdeolletasbilingue\/files\/2021\/03\/IMG-20210317-WA0025-320x320.jpg 320w\" sizes=\"(max-width: 150px) 100vw, 150px\" \/><\/a>\n\t\t\t<\/dt><\/dl><dl class='gallery-item'>\n\t\t\t<dt class='gallery-icon landscape'>\n\t\t\t\t<a href='https:\/\/blogsaverroes.juntadeandalucia.es\/valdeolletasbilingue\/2021\/03\/17\/vimeo-video-one\/img-20210317-wa0024\/'><img loading=\"lazy\" decoding=\"async\" width=\"150\" height=\"150\" src=\"https:\/\/blogsaverroes.juntadeandalucia.es\/valdeolletasbilingue\/files\/2021\/03\/IMG-20210317-WA0024-150x150.jpg\" class=\"attachment-thumbnail size-thumbnail\" alt=\"\" srcset=\"https:\/\/blogsaverroes.juntadeandalucia.es\/valdeolletasbilingue\/files\/2021\/03\/IMG-20210317-WA0024-150x150.jpg 150w, https:\/\/blogsaverroes.juntadeandalucia.es\/valdeolletasbilingue\/files\/2021\/03\/IMG-20210317-WA0024-80x80.jpg 80w, https:\/\/blogsaverroes.juntadeandalucia.es\/valdeolletasbilingue\/files\/2021\/03\/IMG-20210317-WA0024-320x320.jpg 320w\" sizes=\"(max-width: 150px) 100vw, 150px\" \/><\/a>\n\t\t\t<\/dt><\/dl>\n\t\t\t<br style='clear: both' \/>\n\t\t<\/div>\n\n<p><img loading=\"lazy\" decoding=\"async\" class=\"size-medium wp-image-438 aligncenter\" src=\"https:\/\/blogsaverroes.juntadeandalucia.es\/valdeolletasbilingue\/files\/2021\/03\/IMG-20210317-WA0022-138x300.jpg\" alt=\"\" width=\"138\" height=\"300\" srcset=\"https:\/\/blogsaverroes.juntadeandalucia.es\/valdeolletasbilingue\/files\/2021\/03\/IMG-20210317-WA0022-138x300.jpg 138w, https:\/\/blogsaverroes.juntadeandalucia.es\/valdeolletasbilingue\/files\/2021\/03\/IMG-20210317-WA0022-473x1024.jpg 473w, https:\/\/blogsaverroes.juntadeandalucia.es\/valdeolletasbilingue\/files\/2021\/03\/IMG-20210317-WA0022-768x1664.jpg 768w, https:\/\/blogsaverroes.juntadeandalucia.es\/valdeolletasbilingue\/files\/2021\/03\/IMG-20210317-WA0022-709x1536.jpg 709w, https:\/\/blogsaverroes.juntadeandalucia.es\/valdeolletasbilingue\/files\/2021\/03\/IMG-20210317-WA0022.jpg 923w\" sizes=\"(max-width: 138px) 100vw, 138px\" \/><\/p>\n<p><strong>Los alumnos m\u00e1s mayores realizan trabajos sobre San Patrick en clase, como estos gorros, mientras aprenden vocabulario en Ingl\u00e9s. y con ellos decoran los pasillos.<\/strong><\/p>\n<p><strong><span style=\"color: #0000ff\">The older students do St. Patrick&#8217;s work in class, like these hats, while learning English vocabulary and decorate the corridors with them.<\/span><\/strong><\/p>\n<p>&nbsp; &nbsp;<img loading=\"lazy\" decoding=\"async\" class=\"alignnone size-medium wp-image-535\" src=\"https:\/\/blogsaverroes.juntadeandalucia.es\/valdeolletasbilingue\/files\/2021\/03\/IMG_20210622_112116-190x300.jpg\" alt=\"\" width=\"190\" height=\"300\" srcset=\"https:\/\/blogsaverroes.juntadeandalucia.es\/valdeolletasbilingue\/files\/2021\/03\/IMG_20210622_112116-190x300.jpg 190w, https:\/\/blogsaverroes.juntadeandalucia.es\/valdeolletasbilingue\/files\/2021\/03\/IMG_20210622_112116-649x1024.jpg 649w, https:\/\/blogsaverroes.juntadeandalucia.es\/valdeolletasbilingue\/files\/2021\/03\/IMG_20210622_112116-768x1211.jpg 768w, https:\/\/blogsaverroes.juntadeandalucia.es\/valdeolletasbilingue\/files\/2021\/03\/IMG_20210622_112116-974x1536.jpg 974w, https:\/\/blogsaverroes.juntadeandalucia.es\/valdeolletasbilingue\/files\/2021\/03\/IMG_20210622_112116-1299x2048.jpg 1299w, https:\/\/blogsaverroes.juntadeandalucia.es\/valdeolletasbilingue\/files\/2021\/03\/IMG_20210622_112116-scaled.jpg 1623w\" sizes=\"(max-width: 190px) 100vw, 190px\" \/>&nbsp; &nbsp; &nbsp; &nbsp; &nbsp; &nbsp; &nbsp; &nbsp; &nbsp; &nbsp; &nbsp; &nbsp; &nbsp; &nbsp; &nbsp; &nbsp; &nbsp; &nbsp; &nbsp; &nbsp; &nbsp; &nbsp; &nbsp; &nbsp;&nbsp; <img loading=\"lazy\" decoding=\"async\" class=\"alignnone size-medium wp-image-536\" src=\"https:\/\/blogsaverroes.juntadeandalucia.es\/valdeolletasbilingue\/files\/2021\/03\/IMG_20210622_112042-300x176.jpg\" alt=\"\" width=\"300\" height=\"176\" srcset=\"https:\/\/blogsaverroes.juntadeandalucia.es\/valdeolletasbilingue\/files\/2021\/03\/IMG_20210622_112042-300x176.jpg 300w, https:\/\/blogsaverroes.juntadeandalucia.es\/valdeolletasbilingue\/files\/2021\/03\/IMG_20210622_112042-1024x601.jpg 1024w, https:\/\/blogsaverroes.juntadeandalucia.es\/valdeolletasbilingue\/files\/2021\/03\/IMG_20210622_112042-768x451.jpg 768w, https:\/\/blogsaverroes.juntadeandalucia.es\/valdeolletasbilingue\/files\/2021\/03\/IMG_20210622_112042-1536x902.jpg 1536w, https:\/\/blogsaverroes.juntadeandalucia.es\/valdeolletasbilingue\/files\/2021\/03\/IMG_20210622_112042-2048x1203.jpg 2048w\" sizes=\"(max-width: 300px) 100vw, 300px\" \/><\/p>\n<p><img loading=\"lazy\" decoding=\"async\" class=\"alignnone size-medium wp-image-534\" src=\"https:\/\/blogsaverroes.juntadeandalucia.es\/valdeolletasbilingue\/files\/2021\/03\/IMG_20210622_112051-164x300.jpg\" alt=\"\" width=\"164\" height=\"300\" srcset=\"https:\/\/blogsaverroes.juntadeandalucia.es\/valdeolletasbilingue\/files\/2021\/03\/IMG_20210622_112051-164x300.jpg 164w, https:\/\/blogsaverroes.juntadeandalucia.es\/valdeolletasbilingue\/files\/2021\/03\/IMG_20210622_112051-560x1024.jpg 560w, https:\/\/blogsaverroes.juntadeandalucia.es\/valdeolletasbilingue\/files\/2021\/03\/IMG_20210622_112051-768x1403.jpg 768w, https:\/\/blogsaverroes.juntadeandalucia.es\/valdeolletasbilingue\/files\/2021\/03\/IMG_20210622_112051-841x1536.jpg 841w, https:\/\/blogsaverroes.juntadeandalucia.es\/valdeolletasbilingue\/files\/2021\/03\/IMG_20210622_112051-1121x2048.jpg 1121w, https:\/\/blogsaverroes.juntadeandalucia.es\/valdeolletasbilingue\/files\/2021\/03\/IMG_20210622_112051-scaled.jpg 1401w\" sizes=\"(max-width: 164px) 100vw, 164px\" \/>&nbsp; &nbsp; &nbsp; &nbsp; &nbsp; &nbsp; &nbsp; &nbsp; <img loading=\"lazy\" decoding=\"async\" class=\"alignnone size-medium wp-image-439\" src=\"https:\/\/blogsaverroes.juntadeandalucia.es\/valdeolletasbilingue\/files\/2021\/03\/IMG_20210322_111634-300x225.jpg\" alt=\"\" width=\"300\" height=\"225\" srcset=\"https:\/\/blogsaverroes.juntadeandalucia.es\/valdeolletasbilingue\/files\/2021\/03\/IMG_20210322_111634-300x225.jpg 300w, https:\/\/blogsaverroes.juntadeandalucia.es\/valdeolletasbilingue\/files\/2021\/03\/IMG_20210322_111634-1024x768.jpg 1024w, https:\/\/blogsaverroes.juntadeandalucia.es\/valdeolletasbilingue\/files\/2021\/03\/IMG_20210322_111634-768x576.jpg 768w, https:\/\/blogsaverroes.juntadeandalucia.es\/valdeolletasbilingue\/files\/2021\/03\/IMG_20210322_111634-1536x1152.jpg 1536w, https:\/\/blogsaverroes.juntadeandalucia.es\/valdeolletasbilingue\/files\/2021\/03\/IMG_20210322_111634-2048x1536.jpg 2048w\" sizes=\"(max-width: 300px) 100vw, 300px\" \/><\/p>\n<p><strong>Nuestros alumnos de segundo realizan algunas fichas en la clase de ingl\u00e9s, con las que hacemos un mural en clase, y aprendemos m\u00e1s curiosidades.<\/strong><\/p>\n<p><strong><span style=\"color: #0000ff\">Our second graders make some worksheets in English class, with which we make a poster, and learn more curiosities.<\/span><\/strong><\/p>\n\n\t\t<style>\n\t\t\t#gallery-3 {\n\t\t\t\tmargin: auto;\n\t\t\t}\n\t\t\t#gallery-3 .gallery-item {\n\t\t\t\tfloat: left;\n\t\t\t\tmargin-top: 10px;\n\t\t\t\ttext-align: center;\n\t\t\t\twidth: 33%;\n\t\t\t}\n\t\t\t#gallery-3 img {\n\t\t\t\tborder: 2px solid #cfcfcf;\n\t\t\t}\n\t\t\t#gallery-3 .gallery-caption {\n\t\t\t\tmargin-left: 0;\n\t\t\t}\n\t\t\t\/* see gallery_shortcode() in wp-includes\/media.php *\/\n\t\t<\/style>\n\t\t<div id='gallery-3' class='gallery galleryid-28 gallery-columns-3 gallery-size-thumbnail'><dl class='gallery-item'>\n\t\t\t<dt class='gallery-icon landscape'>\n\t\t\t\t<a href='https:\/\/blogsaverroes.juntadeandalucia.es\/valdeolletasbilingue\/2021\/03\/17\/vimeo-video-one\/img_20210413_100258\/'><img loading=\"lazy\" decoding=\"async\" width=\"150\" height=\"150\" src=\"https:\/\/blogsaverroes.juntadeandalucia.es\/valdeolletasbilingue\/files\/2021\/03\/IMG_20210413_100258-150x150.jpg\" class=\"attachment-thumbnail size-thumbnail\" alt=\"\" srcset=\"https:\/\/blogsaverroes.juntadeandalucia.es\/valdeolletasbilingue\/files\/2021\/03\/IMG_20210413_100258-150x150.jpg 150w, https:\/\/blogsaverroes.juntadeandalucia.es\/valdeolletasbilingue\/files\/2021\/03\/IMG_20210413_100258-80x80.jpg 80w, https:\/\/blogsaverroes.juntadeandalucia.es\/valdeolletasbilingue\/files\/2021\/03\/IMG_20210413_100258-320x320.jpg 320w\" sizes=\"(max-width: 150px) 100vw, 150px\" \/><\/a>\n\t\t\t<\/dt><\/dl><dl class='gallery-item'>\n\t\t\t<dt class='gallery-icon portrait'>\n\t\t\t\t<a href='https:\/\/blogsaverroes.juntadeandalucia.es\/valdeolletasbilingue\/2021\/03\/17\/vimeo-video-one\/img_20210414_121906\/'><img loading=\"lazy\" decoding=\"async\" width=\"150\" height=\"150\" src=\"https:\/\/blogsaverroes.juntadeandalucia.es\/valdeolletasbilingue\/files\/2021\/03\/IMG_20210414_121906-150x150.jpg\" class=\"attachment-thumbnail size-thumbnail\" alt=\"\" srcset=\"https:\/\/blogsaverroes.juntadeandalucia.es\/valdeolletasbilingue\/files\/2021\/03\/IMG_20210414_121906-150x150.jpg 150w, https:\/\/blogsaverroes.juntadeandalucia.es\/valdeolletasbilingue\/files\/2021\/03\/IMG_20210414_121906-80x80.jpg 80w, https:\/\/blogsaverroes.juntadeandalucia.es\/valdeolletasbilingue\/files\/2021\/03\/IMG_20210414_121906-320x320.jpg 320w\" sizes=\"(max-width: 150px) 100vw, 150px\" \/><\/a>\n\t\t\t<\/dt><\/dl><dl class='gallery-item'>\n\t\t\t<dt class='gallery-icon portrait'>\n\t\t\t\t<a href='https:\/\/blogsaverroes.juntadeandalucia.es\/valdeolletasbilingue\/2021\/03\/17\/vimeo-video-one\/img_20210405_103618\/'><img loading=\"lazy\" decoding=\"async\" width=\"150\" height=\"150\" src=\"https:\/\/blogsaverroes.juntadeandalucia.es\/valdeolletasbilingue\/files\/2021\/03\/IMG_20210405_103618-150x150.jpg\" class=\"attachment-thumbnail size-thumbnail\" alt=\"\" srcset=\"https:\/\/blogsaverroes.juntadeandalucia.es\/valdeolletasbilingue\/files\/2021\/03\/IMG_20210405_103618-150x150.jpg 150w, https:\/\/blogsaverroes.juntadeandalucia.es\/valdeolletasbilingue\/files\/2021\/03\/IMG_20210405_103618-80x80.jpg 80w, https:\/\/blogsaverroes.juntadeandalucia.es\/valdeolletasbilingue\/files\/2021\/03\/IMG_20210405_103618-320x320.jpg 320w\" sizes=\"(max-width: 150px) 100vw, 150px\" \/><\/a>\n\t\t\t<\/dt><\/dl><br style=\"clear: both\" \/>\n\t\t<\/div>\n\n<p>&nbsp;<\/p>\n<p><strong>Los alumnos de infantil de 3 a\u00f1os realizan en clase sus propios gorritos verdes de Leprechaun, con la barba que luego llevar\u00e1n ese d\u00eda como disfraz, vestidos tambi\u00e9n de color verde.<\/strong><\/p>\n<p><strong><span style=\"color: #0000ff\">&nbsp;3 year old infant&nbsp; students make their own green Leprechaun hats in class, complete with beard which they will then wear that day as a costume, also dressed in green.<\/span><\/strong><\/p>\n\n\t\t<style>\n\t\t\t#gallery-4 {\n\t\t\t\tmargin: auto;\n\t\t\t}\n\t\t\t#gallery-4 .gallery-item {\n\t\t\t\tfloat: left;\n\t\t\t\tmargin-top: 10px;\n\t\t\t\ttext-align: center;\n\t\t\t\twidth: 33%;\n\t\t\t}\n\t\t\t#gallery-4 img {\n\t\t\t\tborder: 2px solid #cfcfcf;\n\t\t\t}\n\t\t\t#gallery-4 .gallery-caption {\n\t\t\t\tmargin-left: 0;\n\t\t\t}\n\t\t\t\/* see gallery_shortcode() in wp-includes\/media.php *\/\n\t\t<\/style>\n\t\t<div id='gallery-4' class='gallery galleryid-28 gallery-columns-3 gallery-size-thumbnail'><dl class='gallery-item'>\n\t\t\t<dt class='gallery-icon landscape'>\n\t\t\t\t<a href='https:\/\/blogsaverroes.juntadeandalucia.es\/valdeolletasbilingue\/2021\/03\/17\/vimeo-video-one\/img_20210317_133948\/'><img loading=\"lazy\" decoding=\"async\" width=\"150\" height=\"150\" src=\"https:\/\/blogsaverroes.juntadeandalucia.es\/valdeolletasbilingue\/files\/2021\/03\/IMG_20210317_133948-150x150.jpg\" class=\"attachment-thumbnail size-thumbnail\" alt=\"\" srcset=\"https:\/\/blogsaverroes.juntadeandalucia.es\/valdeolletasbilingue\/files\/2021\/03\/IMG_20210317_133948-150x150.jpg 150w, https:\/\/blogsaverroes.juntadeandalucia.es\/valdeolletasbilingue\/files\/2021\/03\/IMG_20210317_133948-80x80.jpg 80w, https:\/\/blogsaverroes.juntadeandalucia.es\/valdeolletasbilingue\/files\/2021\/03\/IMG_20210317_133948-320x320.jpg 320w\" sizes=\"(max-width: 150px) 100vw, 150px\" \/><\/a>\n\t\t\t<\/dt><\/dl><dl class='gallery-item'>\n\t\t\t<dt class='gallery-icon landscape'>\n\t\t\t\t<a href='https:\/\/blogsaverroes.juntadeandalucia.es\/valdeolletasbilingue\/2021\/03\/17\/vimeo-video-one\/img-20210608-wa0021\/'><img loading=\"lazy\" decoding=\"async\" width=\"150\" height=\"150\" src=\"https:\/\/blogsaverroes.juntadeandalucia.es\/valdeolletasbilingue\/files\/2021\/03\/IMG-20210608-WA0021-150x150.jpg\" class=\"attachment-thumbnail size-thumbnail\" alt=\"\" srcset=\"https:\/\/blogsaverroes.juntadeandalucia.es\/valdeolletasbilingue\/files\/2021\/03\/IMG-20210608-WA0021-150x150.jpg 150w, https:\/\/blogsaverroes.juntadeandalucia.es\/valdeolletasbilingue\/files\/2021\/03\/IMG-20210608-WA0021-80x80.jpg 80w, https:\/\/blogsaverroes.juntadeandalucia.es\/valdeolletasbilingue\/files\/2021\/03\/IMG-20210608-WA0021-320x320.jpg 320w\" sizes=\"(max-width: 150px) 100vw, 150px\" \/><\/a>\n\t\t\t<\/dt><\/dl>\n\t\t\t<br style='clear: both' \/>\n\t\t<\/div>\n\n<div id=\"attachment_452\" style=\"width: 310px\" class=\"wp-caption alignnone\"><img loading=\"lazy\" decoding=\"async\" aria-describedby=\"caption-attachment-452\" class=\"wp-image-452 size-full\" src=\"https:\/\/blogsaverroes.juntadeandalucia.es\/valdeolletasbilingue\/files\/2021\/03\/images-1.jpg\" alt=\"el gorro verde - the green hat\" width=\"300\" height=\"168\"><p id=\"caption-attachment-452\" class=\"wp-caption-text\">el gorro verde &#8211; the green hat<\/p><\/div>\n<p>&nbsp;<\/p>\n<p><strong>Para terminar esta celebraci\u00f3n, las profesoras de Ingl\u00e9s bajan a los alumnos que se sientan frente al mural, donde les explicamos en Ingl\u00e9s toda esta historia, que les gusta mucho y les sirve para aprender sobre la historia de Irlanda.<\/strong><br \/>\n<strong>Se realiza durante toda la semana para que todas las clases puedan bajar a ver la exposici\u00f3n.<\/strong><\/p>\n<p><strong><span style=\"color: #0000ff\">To end this celebration, the English teachers bring down the students who sit in front of the mural, where we explain to them in English all this history, which they like very much and serves them to learn about the history of Ireland.<\/span><\/strong><br \/>\n<strong><span style=\"color: #0000ff\">This is done throughout the week so that all classes can come down to see the exhibition.<\/span><\/strong><\/p>\n<p>&nbsp;<\/p>\n<p><img loading=\"lazy\" decoding=\"async\" class=\"alignnone size-full wp-image-449\" src=\"https:\/\/blogsaverroes.juntadeandalucia.es\/valdeolletasbilingue\/files\/2021\/03\/images.jpg\" alt=\"\" width=\"225\" height=\"225\" srcset=\"https:\/\/blogsaverroes.juntadeandalucia.es\/valdeolletasbilingue\/files\/2021\/03\/images.jpg 225w, https:\/\/blogsaverroes.juntadeandalucia.es\/valdeolletasbilingue\/files\/2021\/03\/images-150x150.jpg 150w, https:\/\/blogsaverroes.juntadeandalucia.es\/valdeolletasbilingue\/files\/2021\/03\/images-80x80.jpg 80w\" sizes=\"(max-width: 225px) 100vw, 225px\" \/>&nbsp; &nbsp; &nbsp; &nbsp; &nbsp; &nbsp; &nbsp; &nbsp; &nbsp; &nbsp; &nbsp; &nbsp; &nbsp; &nbsp; &nbsp; &nbsp; &nbsp; &nbsp; &nbsp; &nbsp; &nbsp; &nbsp; &nbsp; &nbsp; &nbsp; &nbsp; &nbsp;&nbsp; <img loading=\"lazy\" decoding=\"async\" class=\"alignnone size-medium wp-image-450\" src=\"https:\/\/blogsaverroes.juntadeandalucia.es\/valdeolletasbilingue\/files\/2021\/03\/images-4.jpg\" alt=\"\" width=\"297\" height=\"170\"><\/p>\n<p><strong>Y as\u00ed fue como celebramos este a\u00f1o el D\u00eda de San Patricio, mientras nuestros alumnos se divierten y aprenden Ingl\u00e9s.<\/strong><\/p>\n<p><span style=\"color: #0000ff\">And that&#8217;s how we celebrated St. Patrick&#8217;s Day this year, while our students had fun and learned English.<\/span><\/p>\n","protected":false},"excerpt":{"rendered":"<p>EL D\u00cdA DE SAN PATRICIO El d\u00eda 17 de marzo se celebra el D\u00eda de San Patricio, patr\u00f3n de Irlanda. Con el objetivo de acercar a nuestros alumnos a la cultura de Irlanda, sus&#46;&#46;&#46;<\/p>\n","protected":false},"author":10994,"featured_media":274,"comment_status":"open","ping_status":"open","sticky":false,"template":"","format":"standard","meta":{"ngg_post_thumbnail":0,"footnotes":""},"categories":[4],"tags":[],"aioseo_notices":[],"_links":{"self":[{"href":"https:\/\/blogsaverroes.juntadeandalucia.es\/valdeolletasbilingue\/wp-json\/wp\/v2\/posts\/28"}],"collection":[{"href":"https:\/\/blogsaverroes.juntadeandalucia.es\/valdeolletasbilingue\/wp-json\/wp\/v2\/posts"}],"about":[{"href":"https:\/\/blogsaverroes.juntadeandalucia.es\/valdeolletasbilingue\/wp-json\/wp\/v2\/types\/post"}],"author":[{"embeddable":true,"href":"https:\/\/blogsaverroes.juntadeandalucia.es\/valdeolletasbilingue\/wp-json\/wp\/v2\/users\/10994"}],"replies":[{"embeddable":true,"href":"https:\/\/blogsaverroes.juntadeandalucia.es\/valdeolletasbilingue\/wp-json\/wp\/v2\/comments?post=28"}],"version-history":[{"count":8,"href":"https:\/\/blogsaverroes.juntadeandalucia.es\/valdeolletasbilingue\/wp-json\/wp\/v2\/posts\/28\/revisions"}],"predecessor-version":[{"id":537,"href":"https:\/\/blogsaverroes.juntadeandalucia.es\/valdeolletasbilingue\/wp-json\/wp\/v2\/posts\/28\/revisions\/537"}],"wp:featuredmedia":[{"embeddable":true,"href":"https:\/\/blogsaverroes.juntadeandalucia.es\/valdeolletasbilingue\/wp-json\/wp\/v2\/media\/274"}],"wp:attachment":[{"href":"https:\/\/blogsaverroes.juntadeandalucia.es\/valdeolletasbilingue\/wp-json\/wp\/v2\/media?parent=28"}],"wp:term":[{"taxonomy":"category","embeddable":true,"href":"https:\/\/blogsaverroes.juntadeandalucia.es\/valdeolletasbilingue\/wp-json\/wp\/v2\/categories?post=28"},{"taxonomy":"post_tag","embeddable":true,"href":"https:\/\/blogsaverroes.juntadeandalucia.es\/valdeolletasbilingue\/wp-json\/wp\/v2\/tags?post=28"}],"curies":[{"name":"wp","href":"https:\/\/api.w.org\/{rel}","templated":true}]}}