{"id":29,"date":"2021-01-30T23:28:01","date_gmt":"2021-01-30T23:28:01","guid":{"rendered":"https:\/\/themify.me\/demo\/themes\/simfo\/?p=1043"},"modified":"2021-06-23T19:27:37","modified_gmt":"2021-06-23T19:27:37","slug":"a-youtube-video","status":"publish","type":"post","link":"https:\/\/blogsaverroes.juntadeandalucia.es\/valdeolletasbilingue\/2021\/01\/30\/a-youtube-video\/","title":{"rendered":"MUSEO ALEBRIJES &#8211; ART GALLERY"},"content":{"rendered":"<p><img loading=\"lazy\" decoding=\"async\" class=\"alignnone size-full wp-image-406\" src=\"https:\/\/blogsaverroes.juntadeandalucia.es\/valdeolletasbilingue\/files\/2021\/01\/descarga.jpg\" alt=\"\" width=\"275\" height=\"183\"><\/p>\n<p><strong><span style=\"font-size: 18pt\">MUSEO ALEBRIJES<\/span><\/strong><\/p>\n<p><strong>Nuestros alumnos biling\u00fces de 1\u00ba han estado realizando durante este trimestre un original proyecto, al que han llamado \u00abALEBRIJES\u00bb<\/strong><\/p>\n<p><strong>Han realizado este divertido proyecto con los profesores de Ciencias Naturales, Ciencias Sociales&nbsp; y Art\u00edstica, Jos\u00e9 Vargas y Celia,&nbsp; confeccionando diferentes figuras, utilizando materiales reciclados.<\/strong><\/p>\n<p><strong>Adem\u00e1s, las han pintado y con ellas han creado un museo o galer\u00eda de arte.<\/strong><\/p>\n<p><strong>Con este proyecto, han trabajado diferentes competencias, como:<\/strong><\/p>\n<p><strong>-Competencia en comunicaci\u00f3n Ling\u00fc\u00edstica en Lengua Castellana e Extranjera-Ingl\u00e9s, pues todo el proyecto est\u00e1 elaborado usando las 2 lenguas L1( Castellano) y L2(Ingl\u00e9s) (CCL)<\/strong><\/p>\n<p><strong>-Competencia aprender a aprender(CPAA)<\/strong><\/p>\n<p><strong>-Competencia Social y C\u00edvica(CSC)<\/strong><\/p>\n<p><strong>-Competencia Sentido de la iniciativa y esp\u00edritu emprendedor(SIE)<\/strong><\/p>\n<p><strong>-Competencia Conciencia y expresiones culturales(CEC)<\/strong><\/p>\n<p><strong>Se organiza con ellas una exposici\u00f3n, para que todos los alumnos del colegio puedan visitar y conocer la \u00abGaler\u00eda de Arte\u00bb.<\/strong><\/p>\n<p><strong>Tambi\u00e9n han realizado en clase los tickets que cada alumno necesitar\u00e1 para entrar, con la idea de que esta visita parezca una visita real a un museo, y los alumnos aprendan a entrar y saber comportarse en un museo.<\/strong><\/p>\n<p><img loading=\"lazy\" decoding=\"async\" class=\"alignnone size-medium wp-image-645\" src=\"https:\/\/blogsaverroes.juntadeandalucia.es\/valdeolletasbilingue\/files\/2021\/01\/WhatsApp-Image-2021-06-23-at-09.55.35-218x300.jpeg\" alt=\"\" width=\"218\" height=\"300\" srcset=\"https:\/\/blogsaverroes.juntadeandalucia.es\/valdeolletasbilingue\/files\/2021\/01\/WhatsApp-Image-2021-06-23-at-09.55.35-218x300.jpeg 218w, https:\/\/blogsaverroes.juntadeandalucia.es\/valdeolletasbilingue\/files\/2021\/01\/WhatsApp-Image-2021-06-23-at-09.55.35.jpeg 744w\" sizes=\"(max-width: 218px) 100vw, 218px\" \/><\/p>\n<p><strong>Adem\u00e1s, los alumnos biling\u00fces actuan como gu\u00edas del museo y se encargan de ir explicando qu\u00e9 son los Alebrijes y c\u00f3mo los han confeccionado.<\/strong><\/p>\n<p><strong>Se organiza un horario, para que todos nuestros alumnos puedan pasar y conocer la Galer\u00eda de Arte \u00abALEBRIJES\u00bb<\/strong><\/p>\n<p><strong>Ha sido una actividad muy completa e interesante y han trabajado mucho para terminarla.<\/strong><\/p>\n<p>&nbsp;<\/p>\n<p><strong>La entrada al museo- Museum entrance.<\/strong><\/p>\n<p><img loading=\"lazy\" decoding=\"async\" class=\"alignnone size-medium wp-image-409\" src=\"https:\/\/blogsaverroes.juntadeandalucia.es\/valdeolletasbilingue\/files\/2021\/01\/IMG-20210321-WA0018-300x225.jpg\" alt=\"\" width=\"300\" height=\"225\" srcset=\"https:\/\/blogsaverroes.juntadeandalucia.es\/valdeolletasbilingue\/files\/2021\/01\/IMG-20210321-WA0018-300x225.jpg 300w, https:\/\/blogsaverroes.juntadeandalucia.es\/valdeolletasbilingue\/files\/2021\/01\/IMG-20210321-WA0018-1024x768.jpg 1024w, https:\/\/blogsaverroes.juntadeandalucia.es\/valdeolletasbilingue\/files\/2021\/01\/IMG-20210321-WA0018-768x576.jpg 768w, https:\/\/blogsaverroes.juntadeandalucia.es\/valdeolletasbilingue\/files\/2021\/01\/IMG-20210321-WA0018-1536x1152.jpg 1536w, https:\/\/blogsaverroes.juntadeandalucia.es\/valdeolletasbilingue\/files\/2021\/01\/IMG-20210321-WA0018.jpg 2000w\" sizes=\"(max-width: 300px) 100vw, 300px\" \/><\/p>\n\n\t\t<style>\n\t\t\t#gallery-1 {\n\t\t\t\tmargin: auto;\n\t\t\t}\n\t\t\t#gallery-1 .gallery-item {\n\t\t\t\tfloat: left;\n\t\t\t\tmargin-top: 10px;\n\t\t\t\ttext-align: center;\n\t\t\t\twidth: 33%;\n\t\t\t}\n\t\t\t#gallery-1 img {\n\t\t\t\tborder: 2px solid #cfcfcf;\n\t\t\t}\n\t\t\t#gallery-1 .gallery-caption {\n\t\t\t\tmargin-left: 0;\n\t\t\t}\n\t\t\t\/* see gallery_shortcode() in wp-includes\/media.php *\/\n\t\t<\/style>\n\t\t<div id='gallery-1' class='gallery galleryid-29 gallery-columns-3 gallery-size-thumbnail'><dl class='gallery-item'>\n\t\t\t<dt class='gallery-icon portrait'>\n\t\t\t\t<a href='https:\/\/blogsaverroes.juntadeandalucia.es\/valdeolletasbilingue\/2021\/01\/30\/a-youtube-video\/img-20210321-wa0017\/'><img loading=\"lazy\" decoding=\"async\" width=\"150\" height=\"150\" src=\"https:\/\/blogsaverroes.juntadeandalucia.es\/valdeolletasbilingue\/files\/2021\/01\/IMG-20210321-WA0017-150x150.jpg\" class=\"attachment-thumbnail size-thumbnail\" alt=\"\" srcset=\"https:\/\/blogsaverroes.juntadeandalucia.es\/valdeolletasbilingue\/files\/2021\/01\/IMG-20210321-WA0017-150x150.jpg 150w, https:\/\/blogsaverroes.juntadeandalucia.es\/valdeolletasbilingue\/files\/2021\/01\/IMG-20210321-WA0017-80x80.jpg 80w, https:\/\/blogsaverroes.juntadeandalucia.es\/valdeolletasbilingue\/files\/2021\/01\/IMG-20210321-WA0017-320x320.jpg 320w\" sizes=\"(max-width: 150px) 100vw, 150px\" \/><\/a>\n\t\t\t<\/dt><\/dl><dl class='gallery-item'>\n\t\t\t<dt class='gallery-icon portrait'>\n\t\t\t\t<a href='https:\/\/blogsaverroes.juntadeandalucia.es\/valdeolletasbilingue\/2021\/01\/30\/a-youtube-video\/img-20210321-wa0024\/'><img loading=\"lazy\" decoding=\"async\" width=\"150\" height=\"150\" src=\"https:\/\/blogsaverroes.juntadeandalucia.es\/valdeolletasbilingue\/files\/2021\/01\/IMG-20210321-WA0024-150x150.jpg\" class=\"attachment-thumbnail size-thumbnail\" alt=\"\" srcset=\"https:\/\/blogsaverroes.juntadeandalucia.es\/valdeolletasbilingue\/files\/2021\/01\/IMG-20210321-WA0024-150x150.jpg 150w, https:\/\/blogsaverroes.juntadeandalucia.es\/valdeolletasbilingue\/files\/2021\/01\/IMG-20210321-WA0024-80x80.jpg 80w, https:\/\/blogsaverroes.juntadeandalucia.es\/valdeolletasbilingue\/files\/2021\/01\/IMG-20210321-WA0024-320x320.jpg 320w\" sizes=\"(max-width: 150px) 100vw, 150px\" \/><\/a>\n\t\t\t<\/dt><\/dl><dl class='gallery-item'>\n\t\t\t<dt class='gallery-icon landscape'>\n\t\t\t\t<a href='https:\/\/blogsaverroes.juntadeandalucia.es\/valdeolletasbilingue\/2021\/01\/30\/a-youtube-video\/img-20210321-wa0023\/'><img loading=\"lazy\" decoding=\"async\" width=\"150\" height=\"150\" src=\"https:\/\/blogsaverroes.juntadeandalucia.es\/valdeolletasbilingue\/files\/2021\/01\/IMG-20210321-WA0023-150x150.jpg\" class=\"attachment-thumbnail size-thumbnail\" alt=\"\" srcset=\"https:\/\/blogsaverroes.juntadeandalucia.es\/valdeolletasbilingue\/files\/2021\/01\/IMG-20210321-WA0023-150x150.jpg 150w, https:\/\/blogsaverroes.juntadeandalucia.es\/valdeolletasbilingue\/files\/2021\/01\/IMG-20210321-WA0023-80x80.jpg 80w, https:\/\/blogsaverroes.juntadeandalucia.es\/valdeolletasbilingue\/files\/2021\/01\/IMG-20210321-WA0023-320x320.jpg 320w\" sizes=\"(max-width: 150px) 100vw, 150px\" \/><\/a>\n\t\t\t<\/dt><\/dl><br style=\"clear: both\" \/>\n\t\t<\/div>\n\n<p><strong>Aqu\u00ed pod\u00e9is ver los distintos alebrijes &#8211; Here you can see the different alebrijes.<\/strong><\/p>\n\n\t\t<style>\n\t\t\t#gallery-2 {\n\t\t\t\tmargin: auto;\n\t\t\t}\n\t\t\t#gallery-2 .gallery-item {\n\t\t\t\tfloat: left;\n\t\t\t\tmargin-top: 10px;\n\t\t\t\ttext-align: center;\n\t\t\t\twidth: 50%;\n\t\t\t}\n\t\t\t#gallery-2 img {\n\t\t\t\tborder: 2px solid #cfcfcf;\n\t\t\t}\n\t\t\t#gallery-2 .gallery-caption {\n\t\t\t\tmargin-left: 0;\n\t\t\t}\n\t\t\t\/* see gallery_shortcode() in wp-includes\/media.php *\/\n\t\t<\/style>\n\t\t<div id='gallery-2' class='gallery galleryid-29 gallery-columns-2 gallery-size-thumbnail'><dl class='gallery-item'>\n\t\t\t<dt class='gallery-icon landscape'>\n\t\t\t\t<a href='https:\/\/blogsaverroes.juntadeandalucia.es\/valdeolletasbilingue\/2021\/01\/30\/a-youtube-video\/img-20210321-wa0022\/'><img loading=\"lazy\" decoding=\"async\" width=\"150\" height=\"150\" src=\"https:\/\/blogsaverroes.juntadeandalucia.es\/valdeolletasbilingue\/files\/2021\/01\/IMG-20210321-WA0022-150x150.jpg\" class=\"attachment-thumbnail size-thumbnail\" alt=\"\" srcset=\"https:\/\/blogsaverroes.juntadeandalucia.es\/valdeolletasbilingue\/files\/2021\/01\/IMG-20210321-WA0022-150x150.jpg 150w, https:\/\/blogsaverroes.juntadeandalucia.es\/valdeolletasbilingue\/files\/2021\/01\/IMG-20210321-WA0022-80x80.jpg 80w, https:\/\/blogsaverroes.juntadeandalucia.es\/valdeolletasbilingue\/files\/2021\/01\/IMG-20210321-WA0022-320x320.jpg 320w\" sizes=\"(max-width: 150px) 100vw, 150px\" \/><\/a>\n\t\t\t<\/dt><\/dl><dl class='gallery-item'>\n\t\t\t<dt class='gallery-icon landscape'>\n\t\t\t\t<a href='https:\/\/blogsaverroes.juntadeandalucia.es\/valdeolletasbilingue\/2021\/01\/30\/a-youtube-video\/img-20210321-wa0025\/'><img loading=\"lazy\" decoding=\"async\" width=\"150\" height=\"150\" src=\"https:\/\/blogsaverroes.juntadeandalucia.es\/valdeolletasbilingue\/files\/2021\/01\/IMG-20210321-WA0025-150x150.jpg\" class=\"attachment-thumbnail size-thumbnail\" alt=\"\" srcset=\"https:\/\/blogsaverroes.juntadeandalucia.es\/valdeolletasbilingue\/files\/2021\/01\/IMG-20210321-WA0025-150x150.jpg 150w, https:\/\/blogsaverroes.juntadeandalucia.es\/valdeolletasbilingue\/files\/2021\/01\/IMG-20210321-WA0025-80x80.jpg 80w, https:\/\/blogsaverroes.juntadeandalucia.es\/valdeolletasbilingue\/files\/2021\/01\/IMG-20210321-WA0025-320x320.jpg 320w\" sizes=\"(max-width: 150px) 100vw, 150px\" \/><\/a>\n\t\t\t<\/dt><\/dl><br style=\"clear: both\" \/><dl class='gallery-item'>\n\t\t\t<dt class='gallery-icon portrait'>\n\t\t\t\t<a href='https:\/\/blogsaverroes.juntadeandalucia.es\/valdeolletasbilingue\/2021\/01\/30\/a-youtube-video\/img-20210321-wa0021\/'><img loading=\"lazy\" decoding=\"async\" width=\"150\" height=\"150\" src=\"https:\/\/blogsaverroes.juntadeandalucia.es\/valdeolletasbilingue\/files\/2021\/01\/IMG-20210321-WA0021-150x150.jpg\" class=\"attachment-thumbnail size-thumbnail\" alt=\"\" srcset=\"https:\/\/blogsaverroes.juntadeandalucia.es\/valdeolletasbilingue\/files\/2021\/01\/IMG-20210321-WA0021-150x150.jpg 150w, https:\/\/blogsaverroes.juntadeandalucia.es\/valdeolletasbilingue\/files\/2021\/01\/IMG-20210321-WA0021-80x80.jpg 80w, https:\/\/blogsaverroes.juntadeandalucia.es\/valdeolletasbilingue\/files\/2021\/01\/IMG-20210321-WA0021-320x320.jpg 320w\" sizes=\"(max-width: 150px) 100vw, 150px\" \/><\/a>\n\t\t\t<\/dt><\/dl><dl class='gallery-item'>\n\t\t\t<dt class='gallery-icon landscape'>\n\t\t\t\t<a href='https:\/\/blogsaverroes.juntadeandalucia.es\/valdeolletasbilingue\/2021\/01\/30\/a-youtube-video\/img-20210321-wa0020\/'><img loading=\"lazy\" decoding=\"async\" width=\"150\" height=\"150\" src=\"https:\/\/blogsaverroes.juntadeandalucia.es\/valdeolletasbilingue\/files\/2021\/01\/IMG-20210321-WA0020-150x150.jpg\" class=\"attachment-thumbnail size-thumbnail\" alt=\"\" srcset=\"https:\/\/blogsaverroes.juntadeandalucia.es\/valdeolletasbilingue\/files\/2021\/01\/IMG-20210321-WA0020-150x150.jpg 150w, https:\/\/blogsaverroes.juntadeandalucia.es\/valdeolletasbilingue\/files\/2021\/01\/IMG-20210321-WA0020-80x80.jpg 80w, https:\/\/blogsaverroes.juntadeandalucia.es\/valdeolletasbilingue\/files\/2021\/01\/IMG-20210321-WA0020-320x320.jpg 320w\" sizes=\"(max-width: 150px) 100vw, 150px\" \/><\/a>\n\t\t\t<\/dt><\/dl><br style=\"clear: both\" \/>\n\t\t<\/div>\n\n<p>&nbsp;<\/p>\n<p><strong><span style=\"color: #0000ff\">ALEBRIJES MUSEUM<\/span><\/strong><\/p>\n<p><strong><span style=\"color: #0000ff\">Our 1st grade bilingual students have been carrying out an original project this term, which they have called \u00abALEBRIJES\u00bb.<\/span><\/strong><\/p>\n<p><strong><span style=\"color: #0000ff\">They have carried out this fun project with the teachers of Natural Sciences, Social Sciences and Art, making different figures, using recycled materials.<\/span><\/strong><\/p>\n<p><strong><span style=\"color: #0000ff\">In addition, they have painted them and with them they have created a museum or art gallery.<\/span><\/strong><\/p>\n<p><strong><span style=\"color: #0000ff\">With this project, they have worked on different competences, such as:<\/span><\/strong><\/p>\n<p><strong><span style=\"color: #0000ff\">-Competence in Linguistic communication in Spanish and Foreign Language-English, since the whole project is elaborated using the 2 languages L1( Spanish) and L2(English) (CCL).<\/span><\/strong><\/p>\n<p><strong><span style=\"color: #0000ff\">-Learning to learn competency (CPAA)<\/span><\/strong><\/p>\n<p><strong><span style=\"color: #0000ff\">-Social and Civic Competence (CSC)<\/span><\/strong><\/p>\n<p><strong><span style=\"color: #0000ff\">Sense of initiative and entrepreneurship (SIE) -Sense of initiative and entrepreneurship (SIE)<\/span><\/strong><\/p>\n<p><strong><span style=\"color: #0000ff\">-Cultural Awareness and Expressions Competence (CEC).<\/span><\/strong><\/p>\n<p><strong><span style=\"color: #0000ff\">An exhibition is organized with them, so that all the students of the school can visit and get to know the \u00abArt Gallery\u00bb.<\/span><\/strong><\/p>\n<p><strong><span style=\"color: #0000ff\">They have also made in class the tickets that each student will need to enter, with the idea that this visit seems like a real visit to a museum, and students learn to enter and know how to behave in a museum.<\/span><\/strong><\/p>\n<p><strong><span style=\"color: #0000ff\">In addition, the bilingual students act as museum guides and are in charge of explaining what the Alebrijes are and how they were made.<\/span><\/strong><\/p>\n<p><strong><span style=\"color: #0000ff\">A timetable is organized so that all our students can visit and get to know the \u00abALEBRIJES\u00bb Art Gallery.<\/span><\/strong><\/p>\n<p><strong><span style=\"color: #0000ff\">It has been a very complete and interesting activity and they have worked hard to finish it.<\/span><\/strong><\/p>\n<p>&nbsp;<\/p>\n<p><strong>Y aqu\u00ed est\u00e1 el video que el profe Jos\u00e9 Vargas&nbsp; ha preparado y presentado en el Concurso Escolar \u00abCUIDEMOS EL MEDIO AMBIENTE\u00bb.<\/strong><\/p>\n<p><span style=\"color: #0000ff\"><strong>And here is the video that teacher Jos\u00e9 Vargas has made and presented in the School Competition \u00abCUIDEMOS EL MEDIO AMBIENTE\u00bb (Let&#8217;s take care of the environment).<\/strong><\/span><\/p>\n<p><span style=\"color: #ff0000\">VIDEO AQU\u00cd<\/span>&nbsp;<\/p>\n<!--[if lt IE 9]><script>document.createElement('video');<\/script><![endif]-->\n\t<div class=\"wp-playlist wp-video-playlist wp-playlist-light\">\n\t\t<video controls=\"controls\" preload=\"none\" width=\"640\"\n\t\t height=\"352\"\t><\/video>\n\t<div class=\"wp-playlist-next\"><\/div>\n\t<div class=\"wp-playlist-prev\"><\/div>\n\t<noscript>\n\t<ol>\n\t\t<li><a href='https:\/\/blogsaverroes.juntadeandalucia.es\/valdeolletasbilingue\/files\/2021\/01\/VID-20210330-WA0030-2.mp4'>VID-20210330-WA0030 (2)<\/a><\/li>\t<\/ol>\n\t<\/noscript>\n\t<script type=\"application\/json\" class=\"wp-playlist-script\">{\"type\":\"video\",\"tracklist\":true,\"tracknumbers\":true,\"images\":true,\"artists\":true,\"tracks\":[{\"src\":\"https:\\\/\\\/blogsaverroes.juntadeandalucia.es\\\/valdeolletasbilingue\\\/files\\\/2021\\\/01\\\/VID-20210330-WA0030-2.mp4\",\"type\":\"video\\\/mp4\",\"title\":\"VID-20210330-WA0030 (2)\",\"caption\":\"\",\"description\":\"\",\"meta\":{\"length_formatted\":\"3:03\"},\"dimensions\":{\"original\":{\"width\":640,\"height\":352},\"resized\":{\"width\":640,\"height\":352}},\"image\":{\"src\":\"https:\\\/\\\/blogsaverroes.juntadeandalucia.es\\\/valdeolletasbilingue\\\/wp-includes\\\/images\\\/media\\\/video.png\",\"width\":48,\"height\":64},\"thumb\":{\"src\":\"https:\\\/\\\/blogsaverroes.juntadeandalucia.es\\\/valdeolletasbilingue\\\/wp-includes\\\/images\\\/media\\\/video.png\",\"width\":48,\"height\":64}}]}<\/script>\n<\/div>\n\t\n","protected":false},"excerpt":{"rendered":"<p>MUSEO ALEBRIJES Nuestros alumnos biling\u00fces de 1\u00ba han estado realizando durante este trimestre un original proyecto, al que han llamado \u00abALEBRIJES\u00bb Han realizado este divertido proyecto con los profesores de Ciencias Naturales, Ciencias Sociales&nbsp;&#46;&#46;&#46;<\/p>\n","protected":false},"author":10994,"featured_media":284,"comment_status":"open","ping_status":"open","sticky":false,"template":"","format":"standard","meta":{"ngg_post_thumbnail":0,"footnotes":""},"categories":[7],"tags":[],"aioseo_notices":[],"_links":{"self":[{"href":"https:\/\/blogsaverroes.juntadeandalucia.es\/valdeolletasbilingue\/wp-json\/wp\/v2\/posts\/29"}],"collection":[{"href":"https:\/\/blogsaverroes.juntadeandalucia.es\/valdeolletasbilingue\/wp-json\/wp\/v2\/posts"}],"about":[{"href":"https:\/\/blogsaverroes.juntadeandalucia.es\/valdeolletasbilingue\/wp-json\/wp\/v2\/types\/post"}],"author":[{"embeddable":true,"href":"https:\/\/blogsaverroes.juntadeandalucia.es\/valdeolletasbilingue\/wp-json\/wp\/v2\/users\/10994"}],"replies":[{"embeddable":true,"href":"https:\/\/blogsaverroes.juntadeandalucia.es\/valdeolletasbilingue\/wp-json\/wp\/v2\/comments?post=29"}],"version-history":[{"count":10,"href":"https:\/\/blogsaverroes.juntadeandalucia.es\/valdeolletasbilingue\/wp-json\/wp\/v2\/posts\/29\/revisions"}],"predecessor-version":[{"id":709,"href":"https:\/\/blogsaverroes.juntadeandalucia.es\/valdeolletasbilingue\/wp-json\/wp\/v2\/posts\/29\/revisions\/709"}],"wp:featuredmedia":[{"embeddable":true,"href":"https:\/\/blogsaverroes.juntadeandalucia.es\/valdeolletasbilingue\/wp-json\/wp\/v2\/media\/284"}],"wp:attachment":[{"href":"https:\/\/blogsaverroes.juntadeandalucia.es\/valdeolletasbilingue\/wp-json\/wp\/v2\/media?parent=29"}],"wp:term":[{"taxonomy":"category","embeddable":true,"href":"https:\/\/blogsaverroes.juntadeandalucia.es\/valdeolletasbilingue\/wp-json\/wp\/v2\/categories?post=29"},{"taxonomy":"post_tag","embeddable":true,"href":"https:\/\/blogsaverroes.juntadeandalucia.es\/valdeolletasbilingue\/wp-json\/wp\/v2\/tags?post=29"}],"curies":[{"name":"wp","href":"https:\/\/api.w.org\/{rel}","templated":true}]}}