{"id":31,"date":"2021-04-01T00:45:33","date_gmt":"2021-04-01T00:45:33","guid":{"rendered":"https:\/\/themify.me\/demo\/themes\/builder\/?p=1808"},"modified":"2021-06-23T18:44:03","modified_gmt":"2021-06-23T18:44:03","slug":"greenhouse-plants","status":"publish","type":"post","link":"https:\/\/blogsaverroes.juntadeandalucia.es\/valdeolletasbilingue\/2021\/04\/01\/greenhouse-plants\/","title":{"rendered":"EASTER 2021"},"content":{"rendered":"<p>&nbsp;<\/p>\n<p><img loading=\"lazy\" decoding=\"async\" class=\"alignnone size-full wp-image-351\" src=\"https:\/\/blogsaverroes.juntadeandalucia.es\/valdeolletasbilingue\/files\/2021\/04\/conejito.jpg\" alt=\"\" width=\"214\" height=\"236\">&nbsp; &nbsp; &nbsp; &nbsp;EL CONEJITO DE PASCUA&nbsp; &#8211;&nbsp; &nbsp;EASTER BUNNY<\/p>\n<p><span style=\"font-size: 24pt\"><strong>PASCUA&nbsp;&nbsp;<\/strong><\/span><\/p>\n<p><span style=\"font-size: 14pt\"><strong>Celebramos PASCUA en nuestro colegio, y nuestros alumnos aprenden sobre la cultura y tradiciones de UK.<\/strong><\/span><\/p>\n<p><span style=\"font-size: 14pt\"><strong>Nuestros peques hacen en clase el Conejito de Pascua \u00abEASTER BUNNY\u00bb y conocemos su historia.<\/strong><\/span><\/p>\n<p><span style=\"font-size: 24pt;color: #0000ff\">EASTER<\/span><\/p>\n<p><span style=\"font-size: 14pt;color: #0000ff\">We celebrate EASTER in our school, and our students learn about UK culture and traditions.<\/span><\/p>\n<p><span style=\"font-size: 14pt;color: #0000ff\">Our small kids draw&nbsp; in class <\/span><span style=\"color: #0000ff;font-size: 14pt\">&nbsp;the&nbsp; \u00abEASTER BUNNY\u00bb and learn about its history.<\/span><\/p>\n<p>&nbsp;<\/p>\n<p><img loading=\"lazy\" decoding=\"async\" class=\"alignnone size-medium wp-image-305\" src=\"https:\/\/blogsaverroes.juntadeandalucia.es\/valdeolletasbilingue\/files\/2021\/04\/IMG_20210405_104746-225x300.jpg\" alt=\"\" width=\"225\" height=\"300\" srcset=\"https:\/\/blogsaverroes.juntadeandalucia.es\/valdeolletasbilingue\/files\/2021\/04\/IMG_20210405_104746-225x300.jpg 225w, https:\/\/blogsaverroes.juntadeandalucia.es\/valdeolletasbilingue\/files\/2021\/04\/IMG_20210405_104746-768x1024.jpg 768w, https:\/\/blogsaverroes.juntadeandalucia.es\/valdeolletasbilingue\/files\/2021\/04\/IMG_20210405_104746-1152x1536.jpg 1152w, https:\/\/blogsaverroes.juntadeandalucia.es\/valdeolletasbilingue\/files\/2021\/04\/IMG_20210405_104746-1536x2048.jpg 1536w, https:\/\/blogsaverroes.juntadeandalucia.es\/valdeolletasbilingue\/files\/2021\/04\/IMG_20210405_104746-scaled.jpg 1920w\" sizes=\"(max-width: 225px) 100vw, 225px\" \/>&nbsp; &nbsp; &nbsp; &nbsp; &nbsp; &nbsp; &nbsp; &nbsp;&nbsp;<img loading=\"lazy\" decoding=\"async\" class=\"alignnone size-medium wp-image-307\" src=\"https:\/\/blogsaverroes.juntadeandalucia.es\/valdeolletasbilingue\/files\/2021\/04\/IMG_20210405_104942-225x300.jpg\" alt=\"\" width=\"225\" height=\"300\" srcset=\"https:\/\/blogsaverroes.juntadeandalucia.es\/valdeolletasbilingue\/files\/2021\/04\/IMG_20210405_104942-225x300.jpg 225w, https:\/\/blogsaverroes.juntadeandalucia.es\/valdeolletasbilingue\/files\/2021\/04\/IMG_20210405_104942-768x1024.jpg 768w, https:\/\/blogsaverroes.juntadeandalucia.es\/valdeolletasbilingue\/files\/2021\/04\/IMG_20210405_104942-1152x1536.jpg 1152w, https:\/\/blogsaverroes.juntadeandalucia.es\/valdeolletasbilingue\/files\/2021\/04\/IMG_20210405_104942-1536x2048.jpg 1536w, https:\/\/blogsaverroes.juntadeandalucia.es\/valdeolletasbilingue\/files\/2021\/04\/IMG_20210405_104942-scaled.jpg 1920w\" sizes=\"(max-width: 225px) 100vw, 225px\" \/>&nbsp; &nbsp; &nbsp; &nbsp; &nbsp; &nbsp; &nbsp; &nbsp;&nbsp; <img loading=\"lazy\" decoding=\"async\" class=\"alignnone size-medium wp-image-308\" src=\"https:\/\/blogsaverroes.juntadeandalucia.es\/valdeolletasbilingue\/files\/2021\/04\/IMG_20210414_121853-225x300.jpg\" alt=\"\" width=\"225\" height=\"300\" srcset=\"https:\/\/blogsaverroes.juntadeandalucia.es\/valdeolletasbilingue\/files\/2021\/04\/IMG_20210414_121853-225x300.jpg 225w, https:\/\/blogsaverroes.juntadeandalucia.es\/valdeolletasbilingue\/files\/2021\/04\/IMG_20210414_121853-768x1024.jpg 768w, https:\/\/blogsaverroes.juntadeandalucia.es\/valdeolletasbilingue\/files\/2021\/04\/IMG_20210414_121853-1152x1536.jpg 1152w, https:\/\/blogsaverroes.juntadeandalucia.es\/valdeolletasbilingue\/files\/2021\/04\/IMG_20210414_121853-1536x2048.jpg 1536w, https:\/\/blogsaverroes.juntadeandalucia.es\/valdeolletasbilingue\/files\/2021\/04\/IMG_20210414_121853-scaled.jpg 1920w\" sizes=\"(max-width: 225px) 100vw, 225px\" \/><\/p>\n<p><img loading=\"lazy\" decoding=\"async\" class=\"alignnone size-medium wp-image-609\" src=\"https:\/\/blogsaverroes.juntadeandalucia.es\/valdeolletasbilingue\/files\/2021\/04\/WhatsApp-Image-2021-06-22-at-22.04.45-225x300.jpeg\" alt=\"\" width=\"225\" height=\"300\" srcset=\"https:\/\/blogsaverroes.juntadeandalucia.es\/valdeolletasbilingue\/files\/2021\/04\/WhatsApp-Image-2021-06-22-at-22.04.45-225x300.jpeg 225w, https:\/\/blogsaverroes.juntadeandalucia.es\/valdeolletasbilingue\/files\/2021\/04\/WhatsApp-Image-2021-06-22-at-22.04.45-768x1024.jpeg 768w, https:\/\/blogsaverroes.juntadeandalucia.es\/valdeolletasbilingue\/files\/2021\/04\/WhatsApp-Image-2021-06-22-at-22.04.45-1152x1536.jpeg 1152w, https:\/\/blogsaverroes.juntadeandalucia.es\/valdeolletasbilingue\/files\/2021\/04\/WhatsApp-Image-2021-06-22-at-22.04.45.jpeg 1500w\" sizes=\"(max-width: 225px) 100vw, 225px\" \/>&nbsp; &nbsp; &nbsp; &nbsp; &nbsp; &nbsp; &nbsp; &nbsp; &nbsp; &nbsp; &nbsp; &nbsp; &nbsp; &nbsp; &nbsp; &nbsp; &nbsp; &nbsp; &nbsp; &nbsp; &nbsp; &nbsp; &nbsp; &nbsp; &nbsp; &nbsp; &nbsp; &nbsp; &nbsp; &nbsp; &nbsp;<img loading=\"lazy\" decoding=\"async\" class=\"alignnone size-medium wp-image-610\" src=\"https:\/\/blogsaverroes.juntadeandalucia.es\/valdeolletasbilingue\/files\/2021\/04\/WhatsApp-Image-2021-06-22-at-22.04.44-225x300.jpeg\" alt=\"\" width=\"225\" height=\"300\" srcset=\"https:\/\/blogsaverroes.juntadeandalucia.es\/valdeolletasbilingue\/files\/2021\/04\/WhatsApp-Image-2021-06-22-at-22.04.44-225x300.jpeg 225w, https:\/\/blogsaverroes.juntadeandalucia.es\/valdeolletasbilingue\/files\/2021\/04\/WhatsApp-Image-2021-06-22-at-22.04.44-768x1024.jpeg 768w, https:\/\/blogsaverroes.juntadeandalucia.es\/valdeolletasbilingue\/files\/2021\/04\/WhatsApp-Image-2021-06-22-at-22.04.44-1152x1536.jpeg 1152w, https:\/\/blogsaverroes.juntadeandalucia.es\/valdeolletasbilingue\/files\/2021\/04\/WhatsApp-Image-2021-06-22-at-22.04.44.jpeg 1500w\" sizes=\"(max-width: 225px) 100vw, 225px\" \/><\/p>\n<p><strong>4\u00baA &#8211; <span style=\"color: #0000ff\">4th A<\/span><\/strong><\/p>\n\n\t\t<style>\n\t\t\t#gallery-1 {\n\t\t\t\tmargin: auto;\n\t\t\t}\n\t\t\t#gallery-1 .gallery-item {\n\t\t\t\tfloat: left;\n\t\t\t\tmargin-top: 10px;\n\t\t\t\ttext-align: center;\n\t\t\t\twidth: 50%;\n\t\t\t}\n\t\t\t#gallery-1 img {\n\t\t\t\tborder: 2px solid #cfcfcf;\n\t\t\t}\n\t\t\t#gallery-1 .gallery-caption {\n\t\t\t\tmargin-left: 0;\n\t\t\t}\n\t\t\t\/* see gallery_shortcode() in wp-includes\/media.php *\/\n\t\t<\/style>\n\t\t<div id='gallery-1' class='gallery galleryid-31 gallery-columns-2 gallery-size-thumbnail'><dl class='gallery-item'>\n\t\t\t<dt class='gallery-icon landscape'>\n\t\t\t\t<a href='https:\/\/blogsaverroes.juntadeandalucia.es\/valdeolletasbilingue\/2021\/04\/01\/greenhouse-plants\/whatsapp-image-2021-06-23-at-12-59-34\/'><img loading=\"lazy\" decoding=\"async\" width=\"150\" height=\"150\" src=\"https:\/\/blogsaverroes.juntadeandalucia.es\/valdeolletasbilingue\/files\/2021\/04\/WhatsApp-Image-2021-06-23-at-12.59.34-150x150.jpeg\" class=\"attachment-thumbnail size-thumbnail\" alt=\"\" srcset=\"https:\/\/blogsaverroes.juntadeandalucia.es\/valdeolletasbilingue\/files\/2021\/04\/WhatsApp-Image-2021-06-23-at-12.59.34-150x150.jpeg 150w, https:\/\/blogsaverroes.juntadeandalucia.es\/valdeolletasbilingue\/files\/2021\/04\/WhatsApp-Image-2021-06-23-at-12.59.34-80x80.jpeg 80w, https:\/\/blogsaverroes.juntadeandalucia.es\/valdeolletasbilingue\/files\/2021\/04\/WhatsApp-Image-2021-06-23-at-12.59.34-320x320.jpeg 320w\" sizes=\"(max-width: 150px) 100vw, 150px\" \/><\/a>\n\t\t\t<\/dt><\/dl><dl class='gallery-item'>\n\t\t\t<dt class='gallery-icon portrait'>\n\t\t\t\t<a href='https:\/\/blogsaverroes.juntadeandalucia.es\/valdeolletasbilingue\/2021\/04\/01\/greenhouse-plants\/whatsapp-image-2021-06-23-at-12-59-34-1\/'><img loading=\"lazy\" decoding=\"async\" width=\"150\" height=\"150\" src=\"https:\/\/blogsaverroes.juntadeandalucia.es\/valdeolletasbilingue\/files\/2021\/04\/WhatsApp-Image-2021-06-23-at-12.59.34-1-150x150.jpeg\" class=\"attachment-thumbnail size-thumbnail\" alt=\"\" srcset=\"https:\/\/blogsaverroes.juntadeandalucia.es\/valdeolletasbilingue\/files\/2021\/04\/WhatsApp-Image-2021-06-23-at-12.59.34-1-150x150.jpeg 150w, https:\/\/blogsaverroes.juntadeandalucia.es\/valdeolletasbilingue\/files\/2021\/04\/WhatsApp-Image-2021-06-23-at-12.59.34-1-80x80.jpeg 80w, https:\/\/blogsaverroes.juntadeandalucia.es\/valdeolletasbilingue\/files\/2021\/04\/WhatsApp-Image-2021-06-23-at-12.59.34-1-320x320.jpeg 320w\" sizes=\"(max-width: 150px) 100vw, 150px\" \/><\/a>\n\t\t\t<\/dt><\/dl><br style=\"clear: both\" \/>\n\t\t<\/div>\n\n<p><strong>En Estados Unidos, las celebraciones del Domingo de Pascua suelen ir de la mano del Conejo de Pascua. Los ni\u00f1os llenan sus cestas de Pascua (a veces compradas en la tienda y otras veces creadas por ellos mismos) para ver qu\u00e9 tipo de conejitos de chocolate y otros rellenos especiales ha dejado la m\u00edtica criatura en su puerta durante la noche.<\/strong><\/p>\n<p><span style=\"color: #0000ff\">In the United States, Easter Sunday celebrations often go hand in hand with the Easter Bunny. Children fill their Easter baskets (sometimes store-bought and sometimes created by themselves) to see what kind of chocolate bunnies and other special fillings the mythical creature has left on their doorstep overnight.<\/span><\/p>\n<p>&nbsp;<\/p>\n<p>&nbsp; &nbsp;<img loading=\"lazy\" decoding=\"async\" class=\"alignnone size-medium wp-image-310\" src=\"https:\/\/blogsaverroes.juntadeandalucia.es\/valdeolletasbilingue\/files\/2021\/04\/IMG_20210405_105105-225x300.jpg\" alt=\"\" width=\"225\" height=\"300\" srcset=\"https:\/\/blogsaverroes.juntadeandalucia.es\/valdeolletasbilingue\/files\/2021\/04\/IMG_20210405_105105-225x300.jpg 225w, https:\/\/blogsaverroes.juntadeandalucia.es\/valdeolletasbilingue\/files\/2021\/04\/IMG_20210405_105105-768x1024.jpg 768w, https:\/\/blogsaverroes.juntadeandalucia.es\/valdeolletasbilingue\/files\/2021\/04\/IMG_20210405_105105-1152x1536.jpg 1152w, https:\/\/blogsaverroes.juntadeandalucia.es\/valdeolletasbilingue\/files\/2021\/04\/IMG_20210405_105105-1536x2048.jpg 1536w, https:\/\/blogsaverroes.juntadeandalucia.es\/valdeolletasbilingue\/files\/2021\/04\/IMG_20210405_105105-scaled.jpg 1920w\" sizes=\"(max-width: 225px) 100vw, 225px\" \/>&nbsp; &nbsp; &nbsp; &nbsp; &nbsp; &nbsp; &nbsp; &nbsp; &nbsp;&nbsp;<img loading=\"lazy\" decoding=\"async\" class=\"alignnone size-medium wp-image-312\" src=\"https:\/\/blogsaverroes.juntadeandalucia.es\/valdeolletasbilingue\/files\/2021\/04\/IMG_20210405_105121-300x225.jpg\" alt=\"\" width=\"300\" height=\"225\" srcset=\"https:\/\/blogsaverroes.juntadeandalucia.es\/valdeolletasbilingue\/files\/2021\/04\/IMG_20210405_105121-300x225.jpg 300w, https:\/\/blogsaverroes.juntadeandalucia.es\/valdeolletasbilingue\/files\/2021\/04\/IMG_20210405_105121-1024x768.jpg 1024w, https:\/\/blogsaverroes.juntadeandalucia.es\/valdeolletasbilingue\/files\/2021\/04\/IMG_20210405_105121-768x576.jpg 768w, https:\/\/blogsaverroes.juntadeandalucia.es\/valdeolletasbilingue\/files\/2021\/04\/IMG_20210405_105121-1536x1152.jpg 1536w, https:\/\/blogsaverroes.juntadeandalucia.es\/valdeolletasbilingue\/files\/2021\/04\/IMG_20210405_105121-2048x1536.jpg 2048w\" sizes=\"(max-width: 300px) 100vw, 300px\" \/><\/p>\n<p>&nbsp;<\/p>\n<p><strong>El conejo de Pascua es uno de los s\u00edmbolos de la festividad de la Pascua que representa nacimiento, esperanza de vida.<\/strong><\/p>\n<p><span style=\"color: #0000ff\">The Easter bunny is one of the symbols of the Easter holiday representing birth, hope for life.<\/span><\/p>\n<p>&nbsp; &nbsp; &nbsp; &nbsp; &nbsp; &nbsp; &nbsp; &nbsp; &nbsp; &nbsp;<\/p>\n<p><strong>Y vemos en clase algunos videos sobre \u00abEASTER BUNNY\u00bb y aprendemos canciones tradicionales.<\/strong><\/p>\n<p><span style=\"color: #0000ff\">And we watch in class some videos about \u00abEASTER BUNNY\u00bb and learn traditional songs.<\/span><\/p>\n<p><iframe loading=\"lazy\" src=\"\/\/www.youtube.com\/embed\/hb9tt7LiYrc\" width=\"560\" height=\"314\"><\/iframe><\/p>\n<p><iframe loading=\"lazy\" src=\"\/\/www.youtube.com\/embed\/nZLIiq7B85g\" width=\"560\" height=\"314\"><\/iframe><\/p>\n<p>&nbsp;<\/p>\n<p>&nbsp;<\/p>\n<p>&nbsp;<\/p>\n<p>&nbsp;<\/p>\n<p>&nbsp;<\/p>\n<p>&nbsp;<\/p>\n<p>&nbsp;<\/p>\n<p>&nbsp;<\/p>\n<p>&nbsp;<\/p>\n<p>&nbsp;<\/p>\n<p>&nbsp;<\/p>\n<p>&nbsp;<\/p>\n<p>&nbsp;<\/p>\n<p>&nbsp;<\/p>\n<p>&nbsp;<\/p>\n","protected":false},"excerpt":{"rendered":"<p>&nbsp; &nbsp; &nbsp; &nbsp; &nbsp;EL CONEJITO DE PASCUA&nbsp; &#8211;&nbsp; &nbsp;EASTER BUNNY PASCUA&nbsp;&nbsp; Celebramos PASCUA en nuestro colegio, y nuestros alumnos aprenden sobre la cultura y tradiciones de UK. Nuestros peques hacen en clase el&#46;&#46;&#46;<\/p>\n","protected":false},"author":10994,"featured_media":281,"comment_status":"open","ping_status":"open","sticky":false,"template":"","format":"standard","meta":{"ngg_post_thumbnail":0,"footnotes":""},"categories":[4],"tags":[],"aioseo_notices":[],"_links":{"self":[{"href":"https:\/\/blogsaverroes.juntadeandalucia.es\/valdeolletasbilingue\/wp-json\/wp\/v2\/posts\/31"}],"collection":[{"href":"https:\/\/blogsaverroes.juntadeandalucia.es\/valdeolletasbilingue\/wp-json\/wp\/v2\/posts"}],"about":[{"href":"https:\/\/blogsaverroes.juntadeandalucia.es\/valdeolletasbilingue\/wp-json\/wp\/v2\/types\/post"}],"author":[{"embeddable":true,"href":"https:\/\/blogsaverroes.juntadeandalucia.es\/valdeolletasbilingue\/wp-json\/wp\/v2\/users\/10994"}],"replies":[{"embeddable":true,"href":"https:\/\/blogsaverroes.juntadeandalucia.es\/valdeolletasbilingue\/wp-json\/wp\/v2\/comments?post=31"}],"version-history":[{"count":15,"href":"https:\/\/blogsaverroes.juntadeandalucia.es\/valdeolletasbilingue\/wp-json\/wp\/v2\/posts\/31\/revisions"}],"predecessor-version":[{"id":695,"href":"https:\/\/blogsaverroes.juntadeandalucia.es\/valdeolletasbilingue\/wp-json\/wp\/v2\/posts\/31\/revisions\/695"}],"wp:featuredmedia":[{"embeddable":true,"href":"https:\/\/blogsaverroes.juntadeandalucia.es\/valdeolletasbilingue\/wp-json\/wp\/v2\/media\/281"}],"wp:attachment":[{"href":"https:\/\/blogsaverroes.juntadeandalucia.es\/valdeolletasbilingue\/wp-json\/wp\/v2\/media?parent=31"}],"wp:term":[{"taxonomy":"category","embeddable":true,"href":"https:\/\/blogsaverroes.juntadeandalucia.es\/valdeolletasbilingue\/wp-json\/wp\/v2\/categories?post=31"},{"taxonomy":"post_tag","embeddable":true,"href":"https:\/\/blogsaverroes.juntadeandalucia.es\/valdeolletasbilingue\/wp-json\/wp\/v2\/tags?post=31"}],"curies":[{"name":"wp","href":"https:\/\/api.w.org\/{rel}","templated":true}]}}