{"id":1055,"date":"2020-03-17T14:41:59","date_gmt":"2020-03-17T13:41:59","guid":{"rendered":"https:\/\/blogsaverroes.juntadeandalucia.es\/valderrubio\/?p=1055"},"modified":"2020-03-17T14:47:01","modified_gmt":"2020-03-17T13:47:01","slug":"tarea-17-3-2020","status":"publish","type":"post","link":"https:\/\/blogsaverroes.juntadeandalucia.es\/valderrubio\/tarea-17-3-2020\/","title":{"rendered":"Tarea 17-3-2020"},"content":{"rendered":"<p>Buenos d\u00edas chic@s. Como hasta ahora no hab\u00eda podido subir las tareas porque no iba bien el blog. En tareas viene todo lo que ten\u00e9is que trabajar hoy y en gram\u00e1tica-El verbo, las 3 actividades y repaso del verbo que ya os digo en el pdf de tareas.<\/p>\n<p>Un saludo<\/p>\n<p><a href=\"https:\/\/blogsaverroes.juntadeandalucia.es\/valderrubio\/files\/2020\/03\/TAREAS-17-3-2020.pdf\">TAREAS 17-3-2020<\/a><\/p>\n<p><a href=\"https:\/\/blogsaverroes.juntadeandalucia.es\/valderrubio\/files\/2020\/03\/Gram\u00e1tica-El-verbo.pdf\">Gram\u00e1tica &#8211; El verbo<\/a><\/p>\n","protected":false},"excerpt":{"rendered":"<p>Buenos d\u00edas chic@s. Como hasta ahora no hab\u00eda podido subir las tareas porque no iba bien el blog. En tareas viene todo lo que ten\u00e9is que trabajar hoy y en gram\u00e1tica-El verbo, las 3&#46;&#46;&#46;<\/p>\n","protected":false},"author":8714,"featured_media":1059,"comment_status":"open","ping_status":"open","sticky":false,"template":"","format":"standard","meta":{"_exactmetrics_skip_tracking":false,"_exactmetrics_sitenote_active":false,"_exactmetrics_sitenote_note":"","_exactmetrics_sitenote_category":0,"ngg_post_thumbnail":0,"footnotes":""},"categories":[38,46],"tags":[262,114,106],"aioseo_notices":[],"_links":{"self":[{"href":"https:\/\/blogsaverroes.juntadeandalucia.es\/valderrubio\/wp-json\/wp\/v2\/posts\/1055"}],"collection":[{"href":"https:\/\/blogsaverroes.juntadeandalucia.es\/valderrubio\/wp-json\/wp\/v2\/posts"}],"about":[{"href":"https:\/\/blogsaverroes.juntadeandalucia.es\/valderrubio\/wp-json\/wp\/v2\/types\/post"}],"author":[{"embeddable":true,"href":"https:\/\/blogsaverroes.juntadeandalucia.es\/valderrubio\/wp-json\/wp\/v2\/users\/8714"}],"replies":[{"embeddable":true,"href":"https:\/\/blogsaverroes.juntadeandalucia.es\/valderrubio\/wp-json\/wp\/v2\/comments?post=1055"}],"version-history":[{"count":1,"href":"https:\/\/blogsaverroes.juntadeandalucia.es\/valderrubio\/wp-json\/wp\/v2\/posts\/1055\/revisions"}],"predecessor-version":[{"id":1058,"href":"https:\/\/blogsaverroes.juntadeandalucia.es\/valderrubio\/wp-json\/wp\/v2\/posts\/1055\/revisions\/1058"}],"wp:featuredmedia":[{"embeddable":true,"href":"https:\/\/blogsaverroes.juntadeandalucia.es\/valderrubio\/wp-json\/wp\/v2\/media\/1059"}],"wp:attachment":[{"href":"https:\/\/blogsaverroes.juntadeandalucia.es\/valderrubio\/wp-json\/wp\/v2\/media?parent=1055"}],"wp:term":[{"taxonomy":"category","embeddable":true,"href":"https:\/\/blogsaverroes.juntadeandalucia.es\/valderrubio\/wp-json\/wp\/v2\/categories?post=1055"},{"taxonomy":"post_tag","embeddable":true,"href":"https:\/\/blogsaverroes.juntadeandalucia.es\/valderrubio\/wp-json\/wp\/v2\/tags?post=1055"}],"curies":[{"name":"wp","href":"https:\/\/api.w.org\/{rel}","templated":true}]}}