{"id":1190,"date":"2020-03-17T20:37:03","date_gmt":"2020-03-17T19:37:03","guid":{"rendered":"https:\/\/blogsaverroes.juntadeandalucia.es\/valderrubio\/?p=1190"},"modified":"2020-03-17T20:37:03","modified_gmt":"2020-03-17T19:37:03","slug":"tarea-semanal-de-lengua","status":"publish","type":"post","link":"https:\/\/blogsaverroes.juntadeandalucia.es\/valderrubio\/tarea-semanal-de-lengua\/","title":{"rendered":"TAREA SEMANAL DE LENGUA"},"content":{"rendered":"<p><a href=\"https:\/\/blogsaverroes.juntadeandalucia.es\/valderrubio\/files\/2020\/03\/trabajo-semana-lengu-16-20-marzo.pdf\">trabajo semana lengu 16-20 marzo<\/a><\/p>\n<p>Hola chicos y chicas.<\/p>\n<p>Despu\u00e9s de muchos intentos he conseguido subir un PDF con la tarea preparada para toda la semana. De este modo creo que os podr\u00e9is organizar mejor.<\/p>\n<p>Para cualquier duda solo ten\u00e9is que escribidme. He creado un correo solo para temas del colegio, os lo dejo m\u00e1s abajo. Ah\u00ed es donde tendr\u00e9is que enviarme todo lo que vay\u00e1is haciendo.<\/p>\n<p>El correo: colegiovalderrubiofrances@hotmail.com<\/p>\n<p>\u00a1\u00c1NIMO CHICOS Y CHICAS!<\/p>\n","protected":false},"excerpt":{"rendered":"<p>trabajo semana lengu 16-20 marzo Hola chicos y chicas. Despu\u00e9s de muchos intentos he conseguido subir un PDF con la tarea preparada para toda la semana. De este modo creo que os podr\u00e9is organizar&#46;&#46;&#46;<\/p>\n","protected":false},"author":8758,"featured_media":1194,"comment_status":"open","ping_status":"open","sticky":false,"template":"","format":"standard","meta":{"_exactmetrics_skip_tracking":false,"_exactmetrics_sitenote_active":false,"_exactmetrics_sitenote_note":"","_exactmetrics_sitenote_category":0,"ngg_post_thumbnail":0,"footnotes":""},"categories":[42,44,46],"tags":[144,114,278,276],"aioseo_notices":[],"_links":{"self":[{"href":"https:\/\/blogsaverroes.juntadeandalucia.es\/valderrubio\/wp-json\/wp\/v2\/posts\/1190"}],"collection":[{"href":"https:\/\/blogsaverroes.juntadeandalucia.es\/valderrubio\/wp-json\/wp\/v2\/posts"}],"about":[{"href":"https:\/\/blogsaverroes.juntadeandalucia.es\/valderrubio\/wp-json\/wp\/v2\/types\/post"}],"author":[{"embeddable":true,"href":"https:\/\/blogsaverroes.juntadeandalucia.es\/valderrubio\/wp-json\/wp\/v2\/users\/8758"}],"replies":[{"embeddable":true,"href":"https:\/\/blogsaverroes.juntadeandalucia.es\/valderrubio\/wp-json\/wp\/v2\/comments?post=1190"}],"version-history":[{"count":2,"href":"https:\/\/blogsaverroes.juntadeandalucia.es\/valderrubio\/wp-json\/wp\/v2\/posts\/1190\/revisions"}],"predecessor-version":[{"id":1198,"href":"https:\/\/blogsaverroes.juntadeandalucia.es\/valderrubio\/wp-json\/wp\/v2\/posts\/1190\/revisions\/1198"}],"wp:featuredmedia":[{"embeddable":true,"href":"https:\/\/blogsaverroes.juntadeandalucia.es\/valderrubio\/wp-json\/wp\/v2\/media\/1194"}],"wp:attachment":[{"href":"https:\/\/blogsaverroes.juntadeandalucia.es\/valderrubio\/wp-json\/wp\/v2\/media?parent=1190"}],"wp:term":[{"taxonomy":"category","embeddable":true,"href":"https:\/\/blogsaverroes.juntadeandalucia.es\/valderrubio\/wp-json\/wp\/v2\/categories?post=1190"},{"taxonomy":"post_tag","embeddable":true,"href":"https:\/\/blogsaverroes.juntadeandalucia.es\/valderrubio\/wp-json\/wp\/v2\/tags?post=1190"}],"curies":[{"name":"wp","href":"https:\/\/api.w.org\/{rel}","templated":true}]}}