{"id":1490,"date":"2020-04-20T09:00:27","date_gmt":"2020-04-20T07:00:27","guid":{"rendered":"https:\/\/blogsaverroes.juntadeandalucia.es\/valderrubio\/?p=1490"},"modified":"2020-04-21T11:21:47","modified_gmt":"2020-04-21T09:21:47","slug":"yo-leo-en-casa","status":"publish","type":"post","link":"https:\/\/blogsaverroes.juntadeandalucia.es\/valderrubio\/yo-leo-en-casa\/","title":{"rendered":"Actividades &#8216;D\u00eda del Libro&#8217; (abril 2020)"},"content":{"rendered":"<p><span style=\"font-size: 18.6667px\">Hola a tod@s,<\/span><\/p>\n<p>Desde la Biblioteca del cole queremos animaros a participar en la actividad del &#8216;D\u00eda del Libro&#8217; que se celebra el pr\u00f3ximo 23 de abril. Para ello, pod\u00e9is consultar las instrucciones de como hacerlo en la <a href=\"https:\/\/blogsaverroes.juntadeandalucia.es\/valderrubio\/biblioteca\/\">p\u00e1gina de la Biblioteca del cole<\/a>.<\/p>\n<p>Es muy sencillo, hay que utilizar un Padlet y eso ya sab\u00e9is hacerlo todos, verdad? \ud83d\ude09<\/p>\n<p>Animaos a participar<\/p>\n<p>La coordinadora de Biblioteca del&nbsp;CEIP Juan Pablo I (Valderrubio)&nbsp;<\/p>\n<p>&nbsp;<\/p>\n<p><span style=\"font-size: 16pt\">&nbsp; &nbsp; &nbsp; &nbsp;<\/span><\/p>\n","protected":false},"excerpt":{"rendered":"<p>Hola a tod@s, Desde la Biblioteca del cole queremos animaros a participar en la actividad del &#8216;D\u00eda del Libro&#8217; que se celebra el pr\u00f3ximo 23 de abril. Para ello, pod\u00e9is consultar las instrucciones de&#46;&#46;&#46;<\/p>\n","protected":false},"author":8763,"featured_media":1430,"comment_status":"open","ping_status":"open","sticky":false,"template":"","format":"standard","meta":{"_exactmetrics_skip_tracking":false,"_exactmetrics_sitenote_active":false,"_exactmetrics_sitenote_note":"","_exactmetrics_sitenote_category":0,"ngg_post_thumbnail":0,"footnotes":""},"categories":[24,40,26,28,42,44,30,32,34,36,38,92,12,14,22,20],"tags":[485],"aioseo_notices":[],"_links":{"self":[{"href":"https:\/\/blogsaverroes.juntadeandalucia.es\/valderrubio\/wp-json\/wp\/v2\/posts\/1490"}],"collection":[{"href":"https:\/\/blogsaverroes.juntadeandalucia.es\/valderrubio\/wp-json\/wp\/v2\/posts"}],"about":[{"href":"https:\/\/blogsaverroes.juntadeandalucia.es\/valderrubio\/wp-json\/wp\/v2\/types\/post"}],"author":[{"embeddable":true,"href":"https:\/\/blogsaverroes.juntadeandalucia.es\/valderrubio\/wp-json\/wp\/v2\/users\/8763"}],"replies":[{"embeddable":true,"href":"https:\/\/blogsaverroes.juntadeandalucia.es\/valderrubio\/wp-json\/wp\/v2\/comments?post=1490"}],"version-history":[{"count":8,"href":"https:\/\/blogsaverroes.juntadeandalucia.es\/valderrubio\/wp-json\/wp\/v2\/posts\/1490\/revisions"}],"predecessor-version":[{"id":3286,"href":"https:\/\/blogsaverroes.juntadeandalucia.es\/valderrubio\/wp-json\/wp\/v2\/posts\/1490\/revisions\/3286"}],"wp:featuredmedia":[{"embeddable":true,"href":"https:\/\/blogsaverroes.juntadeandalucia.es\/valderrubio\/wp-json\/wp\/v2\/media\/1430"}],"wp:attachment":[{"href":"https:\/\/blogsaverroes.juntadeandalucia.es\/valderrubio\/wp-json\/wp\/v2\/media?parent=1490"}],"wp:term":[{"taxonomy":"category","embeddable":true,"href":"https:\/\/blogsaverroes.juntadeandalucia.es\/valderrubio\/wp-json\/wp\/v2\/categories?post=1490"},{"taxonomy":"post_tag","embeddable":true,"href":"https:\/\/blogsaverroes.juntadeandalucia.es\/valderrubio\/wp-json\/wp\/v2\/tags?post=1490"}],"curies":[{"name":"wp","href":"https:\/\/api.w.org\/{rel}","templated":true}]}}