{"id":1938,"date":"2020-03-22T21:52:56","date_gmt":"2020-03-22T20:52:56","guid":{"rendered":"https:\/\/blogsaverroes.juntadeandalucia.es\/valderrubio\/?p=1938"},"modified":"2020-03-24T17:59:11","modified_gmt":"2020-03-24T16:59:11","slug":"religion-10","status":"publish","type":"post","link":"https:\/\/blogsaverroes.juntadeandalucia.es\/valderrubio\/religion-10\/","title":{"rendered":"RELIGI\u00d3N"},"content":{"rendered":"<p>4\u00baE.P. Semana del 23 al 27 de Marzo.<\/p>\n<p>Visualiza el siguiente v\u00eddeo (enlace que se adjunta)sobre el Ap\u00f3stol San Pablo y contesta:<\/p>\n<ol>\n<li>Prop\u00f3n un t\u00edtulo alternativo.<\/li>\n<li>Describe el mensaje que transmite.<\/li>\n<li>Destaca un valor .<\/li>\n<li>Representa en un dibujo el mensaje.<\/li>\n<li>Busca alguna informaci\u00f3n sobre San Pablo.<\/li>\n<\/ol>\n<p><a href=\"https:\/\/www.youtube.com\/watch?v=IUx-8OrLubQ\">https:\/\/www.youtube.com\/watch?v=IUx-8OrLubQ<\/a><\/p>\n","protected":false},"excerpt":{"rendered":"<p>4\u00baE.P. Semana del 23 al 27 de Marzo. Visualiza el siguiente v\u00eddeo (enlace que se adjunta)sobre el Ap\u00f3stol San Pablo y contesta: Prop\u00f3n un t\u00edtulo alternativo. Describe el mensaje que transmite. Destaca un valor&#46;&#46;&#46;<\/p>\n","protected":false},"author":8780,"featured_media":1939,"comment_status":"open","ping_status":"open","sticky":false,"template":"","format":"standard","meta":{"_exactmetrics_skip_tracking":false,"_exactmetrics_sitenote_active":false,"_exactmetrics_sitenote_note":"","_exactmetrics_sitenote_category":0,"ngg_post_thumbnail":0,"footnotes":""},"categories":[34],"tags":[],"aioseo_notices":[],"_links":{"self":[{"href":"https:\/\/blogsaverroes.juntadeandalucia.es\/valderrubio\/wp-json\/wp\/v2\/posts\/1938"}],"collection":[{"href":"https:\/\/blogsaverroes.juntadeandalucia.es\/valderrubio\/wp-json\/wp\/v2\/posts"}],"about":[{"href":"https:\/\/blogsaverroes.juntadeandalucia.es\/valderrubio\/wp-json\/wp\/v2\/types\/post"}],"author":[{"embeddable":true,"href":"https:\/\/blogsaverroes.juntadeandalucia.es\/valderrubio\/wp-json\/wp\/v2\/users\/8780"}],"replies":[{"embeddable":true,"href":"https:\/\/blogsaverroes.juntadeandalucia.es\/valderrubio\/wp-json\/wp\/v2\/comments?post=1938"}],"version-history":[{"count":1,"href":"https:\/\/blogsaverroes.juntadeandalucia.es\/valderrubio\/wp-json\/wp\/v2\/posts\/1938\/revisions"}],"predecessor-version":[{"id":1940,"href":"https:\/\/blogsaverroes.juntadeandalucia.es\/valderrubio\/wp-json\/wp\/v2\/posts\/1938\/revisions\/1940"}],"wp:featuredmedia":[{"embeddable":true,"href":"https:\/\/blogsaverroes.juntadeandalucia.es\/valderrubio\/wp-json\/wp\/v2\/media\/1939"}],"wp:attachment":[{"href":"https:\/\/blogsaverroes.juntadeandalucia.es\/valderrubio\/wp-json\/wp\/v2\/media?parent=1938"}],"wp:term":[{"taxonomy":"category","embeddable":true,"href":"https:\/\/blogsaverroes.juntadeandalucia.es\/valderrubio\/wp-json\/wp\/v2\/categories?post=1938"},{"taxonomy":"post_tag","embeddable":true,"href":"https:\/\/blogsaverroes.juntadeandalucia.es\/valderrubio\/wp-json\/wp\/v2\/tags?post=1938"}],"curies":[{"name":"wp","href":"https:\/\/api.w.org\/{rel}","templated":true}]}}