{"id":1962,"date":"2020-03-24T18:49:57","date_gmt":"2020-03-24T17:49:57","guid":{"rendered":"https:\/\/blogsaverroes.juntadeandalucia.es\/valderrubio\/?p=1962"},"modified":"2020-03-24T18:49:57","modified_gmt":"2020-03-24T17:49:57","slug":"religion-11","status":"publish","type":"post","link":"https:\/\/blogsaverroes.juntadeandalucia.es\/valderrubio\/religion-11\/","title":{"rendered":"RELIGI\u00d3N"},"content":{"rendered":"<p>5\u00ba E.P. Semana del 23 al 27 de Marzo.<\/p>\n<p>Hola chic@s, os dejo la siguiente actividad para esta semana.<\/p>\n<p>Busca la siguiente informaci\u00f3n sobre la Madre Teresa de Calcuta:<\/p>\n<ol>\n<li>\u00bf En qu\u00e9 a\u00f1o naci\u00f3?.<\/li>\n<li>\u00bf Cu\u00e1l fue pa\u00eds de nacimiento?.<\/li>\n<li>\u00bf Por qu\u00e9 milagro es canonizada?.<\/li>\n<li>\u00bf Por qu\u00e9 labor es conocida?<\/li>\n<li>\u00bfEn qu\u00e9 a\u00f1o muri\u00f3?.<\/li>\n<li>\u00bf Cu\u00e1ndo fue canonizada?.<\/li>\n<\/ol>\n<p>Para conocer un poco m\u00e1s visualiza el siguiente v\u00eddeo ( dejo un enlace).<\/p>\n<p>.<a href=\"https:\/\/www.youtube.com\/watch?v=8W87zaBgaVQ\">https:\/\/www.youtube.com\/watch?v=8W87zaBgaVQ<\/a><\/p>\n","protected":false},"excerpt":{"rendered":"<p>5\u00ba E.P. Semana del 23 al 27 de Marzo. Hola chic@s, os dejo la siguiente actividad para esta semana. Busca la siguiente informaci\u00f3n sobre la Madre Teresa de Calcuta: \u00bf En qu\u00e9 a\u00f1o naci\u00f3?.&#46;&#46;&#46;<\/p>\n","protected":false},"author":8780,"featured_media":0,"comment_status":"open","ping_status":"open","sticky":false,"template":"","format":"standard","meta":{"_exactmetrics_skip_tracking":false,"_exactmetrics_sitenote_active":false,"_exactmetrics_sitenote_note":"","_exactmetrics_sitenote_category":0,"ngg_post_thumbnail":0,"footnotes":""},"categories":[36],"tags":[],"aioseo_notices":[],"_links":{"self":[{"href":"https:\/\/blogsaverroes.juntadeandalucia.es\/valderrubio\/wp-json\/wp\/v2\/posts\/1962"}],"collection":[{"href":"https:\/\/blogsaverroes.juntadeandalucia.es\/valderrubio\/wp-json\/wp\/v2\/posts"}],"about":[{"href":"https:\/\/blogsaverroes.juntadeandalucia.es\/valderrubio\/wp-json\/wp\/v2\/types\/post"}],"author":[{"embeddable":true,"href":"https:\/\/blogsaverroes.juntadeandalucia.es\/valderrubio\/wp-json\/wp\/v2\/users\/8780"}],"replies":[{"embeddable":true,"href":"https:\/\/blogsaverroes.juntadeandalucia.es\/valderrubio\/wp-json\/wp\/v2\/comments?post=1962"}],"version-history":[{"count":1,"href":"https:\/\/blogsaverroes.juntadeandalucia.es\/valderrubio\/wp-json\/wp\/v2\/posts\/1962\/revisions"}],"predecessor-version":[{"id":1963,"href":"https:\/\/blogsaverroes.juntadeandalucia.es\/valderrubio\/wp-json\/wp\/v2\/posts\/1962\/revisions\/1963"}],"wp:attachment":[{"href":"https:\/\/blogsaverroes.juntadeandalucia.es\/valderrubio\/wp-json\/wp\/v2\/media?parent=1962"}],"wp:term":[{"taxonomy":"category","embeddable":true,"href":"https:\/\/blogsaverroes.juntadeandalucia.es\/valderrubio\/wp-json\/wp\/v2\/categories?post=1962"},{"taxonomy":"post_tag","embeddable":true,"href":"https:\/\/blogsaverroes.juntadeandalucia.es\/valderrubio\/wp-json\/wp\/v2\/tags?post=1962"}],"curies":[{"name":"wp","href":"https:\/\/api.w.org\/{rel}","templated":true}]}}