{"id":2243,"date":"2020-03-29T19:20:49","date_gmt":"2020-03-29T17:20:49","guid":{"rendered":"https:\/\/blogsaverroes.juntadeandalucia.es\/valderrubio\/?p=2243"},"modified":"2020-03-29T19:20:49","modified_gmt":"2020-03-29T17:20:49","slug":"mindfulness-para-tranquilizar-la-mente","status":"publish","type":"post","link":"https:\/\/blogsaverroes.juntadeandalucia.es\/valderrubio\/mindfulness-para-tranquilizar-la-mente\/","title":{"rendered":"Mindfulness para tranquilizar la mente"},"content":{"rendered":"<p>Hola chicos y chicas de quinto. En estos d\u00edas en los que estamos en casa, hay veces en los que os encontr\u00e1is m\u00e1s nerviosos o preocupados de la cuenta. Es normal, no hac\u00e9is apenas ejercicio, por lo que no gast\u00e1is toda esa energ\u00eda que ten\u00e9is en el interior. Adem\u00e1s, est\u00e1is m\u00e1s tiempo de lo acostumbrado enganchados a las tecnolog\u00edas, y no dig\u00e1is que no, jajajaja. Es normal, tenemos mucho tiempo libre. Hay d\u00edas que encontr\u00e1is algo preocupados a vuestros padres&#8230;.. y todo esto hace que os sint\u00e1is algo m\u00e1s nerviosos. Eso es totalmente normal, pero te puedo ense\u00f1ar algo que te puede ayudar a calmar tu mente y por lo tanto, a tranquilizarte.<\/p>\n<p>Se trata de escuchar unas meditaciones que existen especialmente pensadas para vosotros. Solo ten\u00e9is que<strong> poneros<\/strong> <strong>c\u00f3modos y no pensar en naaaaaada<\/strong>. \u00a1Uf, qu\u00e9 bien! \u00bfSolo eso?<strong> Vienen genial antes de dormir<\/strong>. Vuestros compis de 6\u00ba a veces las han hecho conmigo y les ha gustado. As\u00ed que animaros.<\/p>\n<p>La primera es un poco m\u00e1s larga. Te pongo el enlace para la primera audici\u00f3n y t\u00fa ya buscas en esa p\u00e1gina de youtube las siguientes.<\/p>\n<p>YA ME CONTAR\u00c1S&#8230;&#8230;.<\/p>\n<p><a href=\"https:\/\/www.youtube.com\/watch?v=p-UMZmA80ME\">https:\/\/www.youtube.com\/watch?v=p-UMZmA80ME<\/a><\/p>\n","protected":false},"excerpt":{"rendered":"<p>Hola chicos y chicas de quinto. En estos d\u00edas en los que estamos en casa, hay veces en los que os encontr\u00e1is m\u00e1s nerviosos o preocupados de la cuenta. Es normal, no hac\u00e9is apenas&#46;&#46;&#46;<\/p>\n","protected":false},"author":8756,"featured_media":2248,"comment_status":"open","ping_status":"open","sticky":false,"template":"","format":"standard","meta":{"_exactmetrics_skip_tracking":false,"_exactmetrics_sitenote_active":false,"_exactmetrics_sitenote_note":"","_exactmetrics_sitenote_category":0,"ngg_post_thumbnail":0,"footnotes":""},"categories":[36],"tags":[419],"aioseo_notices":[],"_links":{"self":[{"href":"https:\/\/blogsaverroes.juntadeandalucia.es\/valderrubio\/wp-json\/wp\/v2\/posts\/2243"}],"collection":[{"href":"https:\/\/blogsaverroes.juntadeandalucia.es\/valderrubio\/wp-json\/wp\/v2\/posts"}],"about":[{"href":"https:\/\/blogsaverroes.juntadeandalucia.es\/valderrubio\/wp-json\/wp\/v2\/types\/post"}],"author":[{"embeddable":true,"href":"https:\/\/blogsaverroes.juntadeandalucia.es\/valderrubio\/wp-json\/wp\/v2\/users\/8756"}],"replies":[{"embeddable":true,"href":"https:\/\/blogsaverroes.juntadeandalucia.es\/valderrubio\/wp-json\/wp\/v2\/comments?post=2243"}],"version-history":[{"count":1,"href":"https:\/\/blogsaverroes.juntadeandalucia.es\/valderrubio\/wp-json\/wp\/v2\/posts\/2243\/revisions"}],"predecessor-version":[{"id":2249,"href":"https:\/\/blogsaverroes.juntadeandalucia.es\/valderrubio\/wp-json\/wp\/v2\/posts\/2243\/revisions\/2249"}],"wp:featuredmedia":[{"embeddable":true,"href":"https:\/\/blogsaverroes.juntadeandalucia.es\/valderrubio\/wp-json\/wp\/v2\/media\/2248"}],"wp:attachment":[{"href":"https:\/\/blogsaverroes.juntadeandalucia.es\/valderrubio\/wp-json\/wp\/v2\/media?parent=2243"}],"wp:term":[{"taxonomy":"category","embeddable":true,"href":"https:\/\/blogsaverroes.juntadeandalucia.es\/valderrubio\/wp-json\/wp\/v2\/categories?post=2243"},{"taxonomy":"post_tag","embeddable":true,"href":"https:\/\/blogsaverroes.juntadeandalucia.es\/valderrubio\/wp-json\/wp\/v2\/tags?post=2243"}],"curies":[{"name":"wp","href":"https:\/\/api.w.org\/{rel}","templated":true}]}}