{"id":2950,"date":"2020-04-20T08:00:39","date_gmt":"2020-04-20T06:00:39","guid":{"rendered":"https:\/\/blogsaverroes.juntadeandalucia.es\/valderrubio\/?p=2950"},"modified":"2020-04-26T14:37:19","modified_gmt":"2020-04-26T12:37:19","slug":"planificacion-de-las-semanas","status":"publish","type":"post","link":"https:\/\/blogsaverroes.juntadeandalucia.es\/valderrubio\/planificacion-de-las-semanas\/","title":{"rendered":"PLANIFICACI\u00d3N DE LAS TAREAS DE LA SEMANA DEL 20 AL 24 DE ABRIL."},"content":{"rendered":"<p>Bienvenidos a una nueva semana. Despu\u00e9s de la reuni\u00f3n del viernes y hablar con vosotros, sabemos que est\u00e1is muy contentos con esta nueva planificaci\u00f3n de tareas.\u00a0 Los maestros y maestras del cole hemos valorado todas las propuestas que nos hab\u00e9is hecho y hemos intentado adaptarnos\u00a0 y hacer todo lo posible porque podamos seguir disfrutando del cole. Deseamos que funcione este sistema que hemos pensado entre todos y todas.<\/p>\n<p>Como sab\u00e9is cada semana os encontrar\u00e9is una tabla como \u00e9sta donde aparecen las actividades organizadas por d\u00edas para que no os cueste tanto organizaros en casa. S\u00f3lo ten\u00e9is que pinchar en la tabla y luego pinchar en la actividad del d\u00eda que quer\u00e1is hacer. All\u00ed encontrar\u00e9is todas las instrucciones y herramientas para poder hacer las actividades. S\u00f3lo tendr\u00e9is una o dos actividades al d\u00eda y en esa actividad ya van incluidas varias asignaturas (como ten\u00e9is en el cuadro). As\u00ed no tendr\u00e9is tantas actividades sueltas, sino que nos hemos unido los profes para que hag\u00e1is dos productos finales comunes a la semana. \u00a1Esperamos que os ayude a organizar y gestionar vuestro tiempo sin tanta ayuda de vuestra familia!<\/p>\n<p>Otra de las cosas que incorporado este trimestre son las videoconferencias para que podamos sentirnos algo m\u00e1s cerca y poder guiaros cada semana. Tras la valoraci\u00f3n de la semana pasado estamos valorando la elecci\u00f3n de la plataforma Zoom.<\/p>\n<p>Por \u00faltimo, deciros que hemos pensado que todo el colegio, desde los m\u00e1s peque\u00f1os a los m\u00e1s mayores, dediquemos este tercer trimestre a aplicar nuestro conocimiento a la historia\u00a0 y para ello lo vamos a trabajar a trav\u00e9s de todas y cada una de las asignaturas: lengua, mates, ciencias&#8230; Y vamos a comenzar desde nuestra historia personal (bibliograf\u00eda), l\u00ednea de la vida&#8230;<\/p>\n<p style=\"text-align: center\">\u00a0<iframe loading=\"lazy\" src=\"https:\/\/sho.co\/embed\/1CNMJ\" width=\"660\" height=\"460\" frameborder=\"0\"><span data-mce-type=\"bookmark\" style=\"width: 0px;overflow: hidden;line-height: 0\" class=\"mce_SELRES_start\">\ufeff<\/span><\/iframe><\/p>\n<p>Tener un proyecto en com\u00fan para todo el cole es lo que continuaremos haciendo este trimestre para facilitar la organizaci\u00f3n en cada familia y que los hermanos.<\/p>\n<p>Est\u00e1 es la plantilla de la semana del 20 al 24 de abril.<\/p>\n<p style=\"text-align: center\"><a href=\"https:\/\/blogsaverroes.juntadeandalucia.es\/valderrubio\/files\/2020\/06\/1\u00ba-CICLO-Planificaci\u00f3n-semanal-20-24-abril-3-2.pdf\">PINCHA AQU\u00cd. 1\u00ba CICLO Planificaci\u00f3n semanal 20-24 abril (3) (2)<\/a><\/p>\n<p><a href=\"https:\/\/drive.google.com\/open?id=11jBIEODIlgpgHhUxQfmlC3ZWie78MxvG\"><img loading=\"lazy\" decoding=\"async\" class=\"aligncenter wp-image-3146 size-full\" src=\"https:\/\/blogsaverroes.juntadeandalucia.es\/valderrubio\/files\/2020\/04\/Planificaci\u00f3n-de-aprendizajes-semana-del-20-al-24-de-abril-1.png\" alt=\"\" width=\"403\" height=\"509\" srcset=\"https:\/\/blogsaverroes.juntadeandalucia.es\/valderrubio\/files\/2020\/04\/Planificaci\u00f3n-de-aprendizajes-semana-del-20-al-24-de-abril-1.png 403w, https:\/\/blogsaverroes.juntadeandalucia.es\/valderrubio\/files\/2020\/04\/Planificaci\u00f3n-de-aprendizajes-semana-del-20-al-24-de-abril-1-238x300.png 238w, https:\/\/blogsaverroes.juntadeandalucia.es\/valderrubio\/files\/2020\/04\/Planificaci\u00f3n-de-aprendizajes-semana-del-20-al-24-de-abril-1-19x24.png 19w, https:\/\/blogsaverroes.juntadeandalucia.es\/valderrubio\/files\/2020\/04\/Planificaci\u00f3n-de-aprendizajes-semana-del-20-al-24-de-abril-1-29x36.png 29w, https:\/\/blogsaverroes.juntadeandalucia.es\/valderrubio\/files\/2020\/04\/Planificaci\u00f3n-de-aprendizajes-semana-del-20-al-24-de-abril-1-38x48.png 38w\" sizes=\"(max-width: 403px) 100vw, 403px\" \/><\/a><\/p>\n<p>Aqu\u00ed os dejo la programaci\u00f3n did\u00e1ctica en la que pod\u00e9is ver la tarea de esta semana vinculada a la normativa. Saber lo que vamos a aprender siempre ayuda a que el aprendizaje se produzca.<\/p>\n<p>&nbsp;<\/p>\n<p>Entender lo que pasa en el mundo desde las diferentes \u00e1reas Abril, 2020<\/p>\n<p><img loading=\"lazy\" decoding=\"async\" class=\"aligncenter wp-image-3147 size-full\" src=\"https:\/\/blogsaverroes.juntadeandalucia.es\/valderrubio\/files\/2020\/04\/Vinculaci\u00f3n-curricular-semana-del-20-al-24-de-abril.png\" alt=\"\" width=\"828\" height=\"460\" srcset=\"https:\/\/blogsaverroes.juntadeandalucia.es\/valderrubio\/files\/2020\/04\/Vinculaci\u00f3n-curricular-semana-del-20-al-24-de-abril.png 828w, https:\/\/blogsaverroes.juntadeandalucia.es\/valderrubio\/files\/2020\/04\/Vinculaci\u00f3n-curricular-semana-del-20-al-24-de-abril-300x167.png 300w, https:\/\/blogsaverroes.juntadeandalucia.es\/valderrubio\/files\/2020\/04\/Vinculaci\u00f3n-curricular-semana-del-20-al-24-de-abril-768x427.png 768w, https:\/\/blogsaverroes.juntadeandalucia.es\/valderrubio\/files\/2020\/04\/Vinculaci\u00f3n-curricular-semana-del-20-al-24-de-abril-24x13.png 24w, https:\/\/blogsaverroes.juntadeandalucia.es\/valderrubio\/files\/2020\/04\/Vinculaci\u00f3n-curricular-semana-del-20-al-24-de-abril-36x20.png 36w, https:\/\/blogsaverroes.juntadeandalucia.es\/valderrubio\/files\/2020\/04\/Vinculaci\u00f3n-curricular-semana-del-20-al-24-de-abril-48x27.png 48w\" sizes=\"(max-width: 828px) 100vw, 828px\" \/><\/p>\n<p>&nbsp;<\/p>\n","protected":false},"excerpt":{"rendered":"<p>Bienvenidos a una nueva semana. Despu\u00e9s de la reuni\u00f3n del viernes y hablar con vosotros, sabemos que est\u00e1is muy contentos con esta nueva planificaci\u00f3n de tareas.\u00a0 Los maestros y maestras del cole hemos valorado&#46;&#46;&#46;<\/p>\n","protected":false},"author":8763,"featured_media":3136,"comment_status":"open","ping_status":"open","sticky":false,"template":"","format":"standard","meta":{"_exactmetrics_skip_tracking":false,"_exactmetrics_sitenote_active":false,"_exactmetrics_sitenote_note":"","_exactmetrics_sitenote_category":0,"ngg_post_thumbnail":0,"footnotes":""},"categories":[28,46],"tags":[],"aioseo_notices":[],"_links":{"self":[{"href":"https:\/\/blogsaverroes.juntadeandalucia.es\/valderrubio\/wp-json\/wp\/v2\/posts\/2950"}],"collection":[{"href":"https:\/\/blogsaverroes.juntadeandalucia.es\/valderrubio\/wp-json\/wp\/v2\/posts"}],"about":[{"href":"https:\/\/blogsaverroes.juntadeandalucia.es\/valderrubio\/wp-json\/wp\/v2\/types\/post"}],"author":[{"embeddable":true,"href":"https:\/\/blogsaverroes.juntadeandalucia.es\/valderrubio\/wp-json\/wp\/v2\/users\/8763"}],"replies":[{"embeddable":true,"href":"https:\/\/blogsaverroes.juntadeandalucia.es\/valderrubio\/wp-json\/wp\/v2\/comments?post=2950"}],"version-history":[{"count":6,"href":"https:\/\/blogsaverroes.juntadeandalucia.es\/valderrubio\/wp-json\/wp\/v2\/posts\/2950\/revisions"}],"predecessor-version":[{"id":3356,"href":"https:\/\/blogsaverroes.juntadeandalucia.es\/valderrubio\/wp-json\/wp\/v2\/posts\/2950\/revisions\/3356"}],"wp:featuredmedia":[{"embeddable":true,"href":"https:\/\/blogsaverroes.juntadeandalucia.es\/valderrubio\/wp-json\/wp\/v2\/media\/3136"}],"wp:attachment":[{"href":"https:\/\/blogsaverroes.juntadeandalucia.es\/valderrubio\/wp-json\/wp\/v2\/media?parent=2950"}],"wp:term":[{"taxonomy":"category","embeddable":true,"href":"https:\/\/blogsaverroes.juntadeandalucia.es\/valderrubio\/wp-json\/wp\/v2\/categories?post=2950"},{"taxonomy":"post_tag","embeddable":true,"href":"https:\/\/blogsaverroes.juntadeandalucia.es\/valderrubio\/wp-json\/wp\/v2\/tags?post=2950"}],"curies":[{"name":"wp","href":"https:\/\/api.w.org\/{rel}","templated":true}]}}