{"id":2981,"date":"2020-04-20T08:02:43","date_gmt":"2020-04-20T06:02:43","guid":{"rendered":"https:\/\/blogsaverroes.juntadeandalucia.es\/valderrubio\/?p=2981"},"modified":"2020-04-19T22:05:58","modified_gmt":"2020-04-19T20:05:58","slug":"tarea-4-refuerzo-de-lengua","status":"publish","type":"post","link":"https:\/\/blogsaverroes.juntadeandalucia.es\/valderrubio\/tarea-4-refuerzo-de-lengua\/","title":{"rendered":"JUEVES 23. TAREA 4. Refuerzo de Lengua."},"content":{"rendered":"<p>\u00a1Buenas chicos y chicas! !Empezamos el tercer trimestre!<\/p>\n<p>Como ahora mismo est\u00e1is trabajando los verbos con la se\u00f1o Carolina, he pensado elegir algunas estrofas de una canci\u00f3n para que analic\u00e9is los verbos de la misma.<\/p>\n<ul>\n<li>Seleccionar los verbos que aparecen.<\/li>\n<li>Separar ra\u00edz y desinencias. Ejemplo: cantamos. Cant(ra\u00edz); amos ( desinencia).<\/li>\n<li>Indicar el tiempo verbal.<\/li>\n<li>\u00bfDe qui\u00e9n es la canci\u00f3n?<\/li>\n<li>Inventa una cuarteta de rap relacion\u00e1ndolo con la situaci\u00f3n que estamos viviendo.<\/li>\n<\/ul>\n<p style=\"text-align: center\"><strong>Mujeres, mujeres, m\u00e1s mujeres<br \/>\nMa\u00f1ana te mueres \u00bfY qu\u00e9 tienes?<br \/>\n\u00bfDe d\u00f3nde vienes?<br \/>\nNada besa ya nuestras arrugadas pieles<br \/>\nNo lo ves, no somos j\u00f3venes, nadie te quiere<br \/>\nPerdiste lo que muchos esperan toa&#8217; su vida<br \/>\nQue nunca llegan, que nunca atisban<br \/>\nQuerer que te quieran como McGregor y Kidman<br \/>\nNo s\u00f3lo a ti mismo como Berma<br \/>\nComo el piano Szpilman, tiquiriu Mandinga<br \/>\nComo bailaba Tomasa por el barrio de la Timba<br \/>\nEl amor no es una firma \u00a1Abre la puerta Vilma!<br \/>\nY dime algo que en verdad nos distinga<br \/>\nMis errores me matan, los aciertos no tapan<br \/>\nNo solapan, el alma no es opaca<br \/>\nYo soy el Jackass de los sentimientos<br \/>\nComo un Yamakashi por los muros de mi adentro<br \/>\nCasi que me encuentro, pero al final me caigo<br \/>\nMe caigo, me pierdo, pierdo a los dem\u00e1s<br \/>\nPor no cuidarlos m\u00e1s que por tratarlos mal<br \/>\nEsta noche no hay reproche, recordar y brindar<\/strong><\/p>\n<p style=\"text-align: center\"><strong>\u00bfRecuerdas aquella noche, cuando, cuando por mortificarnos<br \/>\nNos lanzamos mil reproches? Y no supimos, y no supimos callarnos<\/strong><\/p>\n<p style=\"text-align: center\"><strong>Fue una bella \u00e9poca, ella es mulata<br \/>\nTocaba las maracas<br \/>\nYo poeta, la llev\u00e9 a Caracas<br \/>\nNuestra vida loca<br \/>\nYo hac\u00eda la comida, ella la sala, la bona<br \/>\nEs de Grana&#8217; pero parece de La Habana<br \/>\nVive en la Tierra pero viene de la Luna<br \/>\nMe pide un anillo, pero me qued\u00e9 la pluma<br \/>\nDame un bocadillo que mi alma se desploma<br \/>\nGuajira<\/strong><\/p>\n<p>Tendremos la clase para explicar la actividad el Jueves 23 a las 11:00. Durante esta semana os ir\u00e9 enviando las invitaciones para poder acceder a la reuni\u00f3n.<\/p>\n<p>Cualquier duda que teng\u00e1is pod\u00e9is envi\u00e1rmela a mi correo: colegiovalderrubiomusica@gmail.com. Por favor enviarlo a esta direcci\u00f3n para que os pueda contestar lo antes posible.<\/p>\n<p>Un abrazo enorme. La se\u00f1o Jessica.<\/p>\n","protected":false},"excerpt":{"rendered":"<p>\u00a1Buenas chicos y chicas! !Empezamos el tercer trimestre! Como ahora mismo est\u00e1is trabajando los verbos con la se\u00f1o Carolina, he pensado elegir algunas estrofas de una canci\u00f3n para que analic\u00e9is los verbos de la&#46;&#46;&#46;<\/p>\n","protected":false},"author":8757,"featured_media":2982,"comment_status":"open","ping_status":"open","sticky":false,"template":"","format":"standard","meta":{"_exactmetrics_skip_tracking":false,"_exactmetrics_sitenote_active":false,"_exactmetrics_sitenote_note":"","_exactmetrics_sitenote_category":0,"ngg_post_thumbnail":0,"footnotes":""},"categories":[40,46],"tags":[463,114,260,423],"aioseo_notices":[],"_links":{"self":[{"href":"https:\/\/blogsaverroes.juntadeandalucia.es\/valderrubio\/wp-json\/wp\/v2\/posts\/2981"}],"collection":[{"href":"https:\/\/blogsaverroes.juntadeandalucia.es\/valderrubio\/wp-json\/wp\/v2\/posts"}],"about":[{"href":"https:\/\/blogsaverroes.juntadeandalucia.es\/valderrubio\/wp-json\/wp\/v2\/types\/post"}],"author":[{"embeddable":true,"href":"https:\/\/blogsaverroes.juntadeandalucia.es\/valderrubio\/wp-json\/wp\/v2\/users\/8757"}],"replies":[{"embeddable":true,"href":"https:\/\/blogsaverroes.juntadeandalucia.es\/valderrubio\/wp-json\/wp\/v2\/comments?post=2981"}],"version-history":[{"count":3,"href":"https:\/\/blogsaverroes.juntadeandalucia.es\/valderrubio\/wp-json\/wp\/v2\/posts\/2981\/revisions"}],"predecessor-version":[{"id":3223,"href":"https:\/\/blogsaverroes.juntadeandalucia.es\/valderrubio\/wp-json\/wp\/v2\/posts\/2981\/revisions\/3223"}],"wp:featuredmedia":[{"embeddable":true,"href":"https:\/\/blogsaverroes.juntadeandalucia.es\/valderrubio\/wp-json\/wp\/v2\/media\/2982"}],"wp:attachment":[{"href":"https:\/\/blogsaverroes.juntadeandalucia.es\/valderrubio\/wp-json\/wp\/v2\/media?parent=2981"}],"wp:term":[{"taxonomy":"category","embeddable":true,"href":"https:\/\/blogsaverroes.juntadeandalucia.es\/valderrubio\/wp-json\/wp\/v2\/categories?post=2981"},{"taxonomy":"post_tag","embeddable":true,"href":"https:\/\/blogsaverroes.juntadeandalucia.es\/valderrubio\/wp-json\/wp\/v2\/tags?post=2981"}],"curies":[{"name":"wp","href":"https:\/\/api.w.org\/{rel}","templated":true}]}}