{"id":3557,"date":"2020-04-30T17:23:30","date_gmt":"2020-04-30T15:23:30","guid":{"rendered":"https:\/\/blogsaverroes.juntadeandalucia.es\/valderrubio\/?p=3557"},"modified":"2020-04-30T17:23:30","modified_gmt":"2020-04-30T15:23:30","slug":"plan-creciendo-en-salud","status":"publish","type":"post","link":"https:\/\/blogsaverroes.juntadeandalucia.es\/valderrubio\/plan-creciendo-en-salud\/","title":{"rendered":"Plan Creciendo en Salud"},"content":{"rendered":"<p>\u00a1Hola familias!<\/p>\n<p>Pasaba por aqu\u00ed para comentaros unas cuantas cosillas\u00a0 que se pueden ir haciendo para \u00a0adaptar\u00a0 el Programa Creciendo en Salud a las nuevas circunstancias y los nuevos escenarios, desde la Junta de Andaluc\u00eda se ofrecen propuestas alternativas y <strong>voluntarias\u00a0<\/strong>para facilitar el trabajo\u00a0 de este plan con el alumnado y con las familias, a trav\u00e9s de:<\/p>\n<p>&nbsp;<\/p>\n<ol>\n<li>Lanzamiento de la campa\u00f1a<strong> \u00abAhora tambi\u00e9n&#8230; en casa\u00bb<\/strong>,\u00a0con propuestas, retos divertidos y recursos creativos, \u00fatiles y pr\u00e1cticos para continuar el proceso de ense\u00f1anza-aprendizaje en casa. Compartiendo tus propios retos a trav\u00e9s de <em>#ProInnovaHHVS<\/em>.<\/li>\n<li>Redise\u00f1o de\u00a0\u00a0<a href=\"https:\/\/colaboraeducacion30.juntadeandalucia.es\/educacion\/colabora\/\" target=\"_blank\" rel=\"noopener noreferrer\" data-saferedirecturl=\"https:\/\/www.google.com\/url?q=https:\/\/colaboraeducacion30.juntadeandalucia.es\/educacion\/colabora\/&amp;source=gmail&amp;ust=1588344170057000&amp;usg=AFQjCNH1UPAfxtFcc8SKQRnUkrWsvzF7ww\"><u><strong>Colabor@<\/strong><\/u><\/a>\u00a0(parte p\u00fablica y privada) con\u00a0recursos educativos, experiencias\u00a0de centros docentes y multitud de propuestas adaptadas a esta situaci\u00f3n excepcional.<\/li>\n<li>Puesta en\u00a0 marcha del Programa de TV \u00ab<strong>El cole en casa con la Banda\u00bb<\/strong> del lunes a viernes en TV Andaluc\u00eda en horario de 17:00h a 19:00h, con un bloque de contenido curricular y otro de secciones tem\u00e1ticas transversales fijas entre las que se incluye la secci\u00f3n de Educaci\u00f3n Emocional: \u00abCreciendo en Emociones con Tobi\u00bb, para m\u00e1s informaci\u00f3n pod\u00e9is entrar en: <a href=\"http:\/\/www.canalsur.es\/LaBanda-4253.html\" target=\"_blank\" rel=\"noopener noreferrer\" data-saferedirecturl=\"https:\/\/www.google.com\/url?q=http:\/\/www.canalsur.es\/LaBanda-4253.html&amp;source=gmail&amp;ust=1588344170057000&amp;usg=AFQjCNEKRLJR-n9F-Ayc-fOQYfldw4582Q\">http:\/\/www.canalsur.es\/LaBanda-4253.html<\/a><\/li>\n<\/ol>\n<p>Espero que est\u00e9is disfrutando con las actividades que estamos proponiendo desde el \u00c1rea de Educaci\u00f3n F\u00edsica y M\u00fasica, que como habr\u00e9is podido comprobar,pretenden que el objetivo primordial nuestro sea que \u00a1 os lo pas\u00e9is genial aprendiendo! y desconect\u00e9is un poco de la situaci\u00f3n en la que vivimos.<\/p>\n<p>\u00a1A SEGUIR CUID\u00c1NDOSE!<\/p>\n<p>&nbsp;<\/p>\n","protected":false},"excerpt":{"rendered":"<p>\u00a1Hola familias! Pasaba por aqu\u00ed para comentaros unas cuantas cosillas\u00a0 que se pueden ir haciendo para \u00a0adaptar\u00a0 el Programa Creciendo en Salud a las nuevas circunstancias y los nuevos escenarios, desde la Junta de&#46;&#46;&#46;<\/p>\n","protected":false},"author":8720,"featured_media":3558,"comment_status":"open","ping_status":"open","sticky":false,"template":"","format":"standard","meta":{"_exactmetrics_skip_tracking":false,"_exactmetrics_sitenote_active":false,"_exactmetrics_sitenote_note":"","_exactmetrics_sitenote_category":0,"ngg_post_thumbnail":0,"footnotes":""},"categories":[24,40,26,28,42,44,30,32,34,36,38,46,12,14,22,20],"tags":[],"aioseo_notices":[],"_links":{"self":[{"href":"https:\/\/blogsaverroes.juntadeandalucia.es\/valderrubio\/wp-json\/wp\/v2\/posts\/3557"}],"collection":[{"href":"https:\/\/blogsaverroes.juntadeandalucia.es\/valderrubio\/wp-json\/wp\/v2\/posts"}],"about":[{"href":"https:\/\/blogsaverroes.juntadeandalucia.es\/valderrubio\/wp-json\/wp\/v2\/types\/post"}],"author":[{"embeddable":true,"href":"https:\/\/blogsaverroes.juntadeandalucia.es\/valderrubio\/wp-json\/wp\/v2\/users\/8720"}],"replies":[{"embeddable":true,"href":"https:\/\/blogsaverroes.juntadeandalucia.es\/valderrubio\/wp-json\/wp\/v2\/comments?post=3557"}],"version-history":[{"count":1,"href":"https:\/\/blogsaverroes.juntadeandalucia.es\/valderrubio\/wp-json\/wp\/v2\/posts\/3557\/revisions"}],"predecessor-version":[{"id":3560,"href":"https:\/\/blogsaverroes.juntadeandalucia.es\/valderrubio\/wp-json\/wp\/v2\/posts\/3557\/revisions\/3560"}],"wp:featuredmedia":[{"embeddable":true,"href":"https:\/\/blogsaverroes.juntadeandalucia.es\/valderrubio\/wp-json\/wp\/v2\/media\/3558"}],"wp:attachment":[{"href":"https:\/\/blogsaverroes.juntadeandalucia.es\/valderrubio\/wp-json\/wp\/v2\/media?parent=3557"}],"wp:term":[{"taxonomy":"category","embeddable":true,"href":"https:\/\/blogsaverroes.juntadeandalucia.es\/valderrubio\/wp-json\/wp\/v2\/categories?post=3557"},{"taxonomy":"post_tag","embeddable":true,"href":"https:\/\/blogsaverroes.juntadeandalucia.es\/valderrubio\/wp-json\/wp\/v2\/tags?post=3557"}],"curies":[{"name":"wp","href":"https:\/\/api.w.org\/{rel}","templated":true}]}}