{"id":3710,"date":"2020-05-04T20:00:19","date_gmt":"2020-05-04T18:00:19","guid":{"rendered":"https:\/\/blogsaverroes.juntadeandalucia.es\/valderrubio\/?p=3710"},"modified":"2020-05-06T12:14:57","modified_gmt":"2020-05-06T10:14:57","slug":"3710","status":"publish","type":"post","link":"https:\/\/blogsaverroes.juntadeandalucia.es\/valderrubio\/3710\/","title":{"rendered":"TAREAS SEMANA DEL 5 AL 8 DE MAYO"},"content":{"rendered":"<p style=\"text-align: justify\">HOLA PEQUES Y FAMILIAS!!! Comienza una semana nueva, despu\u00e9s de nuestro s\u00faper puente. Seguimos intentando mejorar&nbsp; nuestro \u00abTelecole\u00bb con vuestra ayuda. Esta semana nos iremos de viaje a la EDAD ANTIGUA. Como veis, en la imagen, hemos planificado una actividad menos, porque ten\u00edamos dos d\u00edas festivos (el 1 y el 4 de mayo).&nbsp; En esta semana aprenderemos una nueva forma de jugar para aprender m\u00e1s vocabulario y averiguar cu\u00e1nto sabemos; Lo haremos a trav\u00e9s del juego del \u00abPasa-Palabra\u00bb. Espero que os guste y que aprend\u00e1is mucho. Tambi\u00e9n meteremos nuevos elementos en nuestras videoconferencias para que sean m\u00e1s divertidas. Esta semana jugaremos&nbsp; juntos el viernes al juego \u00abBOOM\u00bb (la bomba) y podremos comprobar cu\u00e1nto hab\u00e9is aprendido.<\/p>\n<p style=\"text-align: justify\">Para los que llev\u00e1is menos tiempo trabajando con este formato, os recuerdo que&nbsp; s\u00f3lo hay que pinchar en la imagen y, cuando se os descargue el pdf, s\u00f3lo tendr\u00e9is que ir pinchando en la actividad de cada d\u00eda. Espero que disfrut\u00e9is lo que hemos preparado&nbsp; \u00a1Feliz semana!&nbsp;<\/p>\n<p><a href=\"https:\/\/drive.google.com\/open?id=1DJ76U2vt8VSMxWN4oDkN4QAWdPwn7UWY\"><img loading=\"lazy\" decoding=\"async\" class=\"aligncenter wp-image-3711 size-large\" src=\"https:\/\/blogsaverroes.juntadeandalucia.es\/valderrubio\/files\/2020\/05\/FOTO-planning-semana-del-5-al-8-945x1024.png\" alt=\"\" width=\"945\" height=\"1024\" srcset=\"https:\/\/blogsaverroes.juntadeandalucia.es\/valderrubio\/files\/2020\/05\/FOTO-planning-semana-del-5-al-8-945x1024.png 945w, https:\/\/blogsaverroes.juntadeandalucia.es\/valderrubio\/files\/2020\/05\/FOTO-planning-semana-del-5-al-8-277x300.png 277w, https:\/\/blogsaverroes.juntadeandalucia.es\/valderrubio\/files\/2020\/05\/FOTO-planning-semana-del-5-al-8-768x832.png 768w, https:\/\/blogsaverroes.juntadeandalucia.es\/valderrubio\/files\/2020\/05\/FOTO-planning-semana-del-5-al-8-22x24.png 22w, https:\/\/blogsaverroes.juntadeandalucia.es\/valderrubio\/files\/2020\/05\/FOTO-planning-semana-del-5-al-8-33x36.png 33w, https:\/\/blogsaverroes.juntadeandalucia.es\/valderrubio\/files\/2020\/05\/FOTO-planning-semana-del-5-al-8-44x48.png 44w, https:\/\/blogsaverroes.juntadeandalucia.es\/valderrubio\/files\/2020\/05\/FOTO-planning-semana-del-5-al-8.png 973w\" sizes=\"(max-width: 945px) 100vw, 945px\" \/><\/a><\/p>\n<p>&nbsp;Aqu\u00ed os dejo tambi\u00e9n la vinculaci\u00f3n curricular del trabajo de esta semana para que pod\u00e1is comprobar c\u00f3mo vamos desarrollando la programaci\u00f3n did\u00e1ctica a trav\u00e9s del plan semanal de trabajo.<\/p>\n<p><img loading=\"lazy\" decoding=\"async\" class=\"aligncenter size-large wp-image-3815\" src=\"https:\/\/blogsaverroes.juntadeandalucia.es\/valderrubio\/files\/2020\/05\/imagen-curricular-1024x665.png\" alt=\"\" width=\"1024\" height=\"665\" srcset=\"https:\/\/blogsaverroes.juntadeandalucia.es\/valderrubio\/files\/2020\/05\/imagen-curricular-1024x665.png 1024w, https:\/\/blogsaverroes.juntadeandalucia.es\/valderrubio\/files\/2020\/05\/imagen-curricular-300x195.png 300w, https:\/\/blogsaverroes.juntadeandalucia.es\/valderrubio\/files\/2020\/05\/imagen-curricular-768x499.png 768w, https:\/\/blogsaverroes.juntadeandalucia.es\/valderrubio\/files\/2020\/05\/imagen-curricular-24x16.png 24w, https:\/\/blogsaverroes.juntadeandalucia.es\/valderrubio\/files\/2020\/05\/imagen-curricular-36x23.png 36w, https:\/\/blogsaverroes.juntadeandalucia.es\/valderrubio\/files\/2020\/05\/imagen-curricular-48x31.png 48w, https:\/\/blogsaverroes.juntadeandalucia.es\/valderrubio\/files\/2020\/05\/imagen-curricular.png 1357w\" sizes=\"(max-width: 1024px) 100vw, 1024px\" \/><\/p>\n<p>&nbsp;<\/p>\n","protected":false},"excerpt":{"rendered":"<p>HOLA PEQUES Y FAMILIAS!!! Comienza una semana nueva, despu\u00e9s de nuestro s\u00faper puente. Seguimos intentando mejorar&nbsp; nuestro \u00abTelecole\u00bb con vuestra ayuda. Esta semana nos iremos de viaje a la EDAD ANTIGUA. Como veis, en&#46;&#46;&#46;<\/p>\n","protected":false},"author":5048,"featured_media":3720,"comment_status":"open","ping_status":"open","sticky":false,"template":"","format":"standard","meta":{"_exactmetrics_skip_tracking":false,"_exactmetrics_sitenote_active":false,"_exactmetrics_sitenote_note":"","_exactmetrics_sitenote_category":0,"ngg_post_thumbnail":0,"footnotes":""},"categories":[34,46],"tags":[503],"aioseo_notices":[],"_links":{"self":[{"href":"https:\/\/blogsaverroes.juntadeandalucia.es\/valderrubio\/wp-json\/wp\/v2\/posts\/3710"}],"collection":[{"href":"https:\/\/blogsaverroes.juntadeandalucia.es\/valderrubio\/wp-json\/wp\/v2\/posts"}],"about":[{"href":"https:\/\/blogsaverroes.juntadeandalucia.es\/valderrubio\/wp-json\/wp\/v2\/types\/post"}],"author":[{"embeddable":true,"href":"https:\/\/blogsaverroes.juntadeandalucia.es\/valderrubio\/wp-json\/wp\/v2\/users\/5048"}],"replies":[{"embeddable":true,"href":"https:\/\/blogsaverroes.juntadeandalucia.es\/valderrubio\/wp-json\/wp\/v2\/comments?post=3710"}],"version-history":[{"count":10,"href":"https:\/\/blogsaverroes.juntadeandalucia.es\/valderrubio\/wp-json\/wp\/v2\/posts\/3710\/revisions"}],"predecessor-version":[{"id":3763,"href":"https:\/\/blogsaverroes.juntadeandalucia.es\/valderrubio\/wp-json\/wp\/v2\/posts\/3710\/revisions\/3763"}],"wp:featuredmedia":[{"embeddable":true,"href":"https:\/\/blogsaverroes.juntadeandalucia.es\/valderrubio\/wp-json\/wp\/v2\/media\/3720"}],"wp:attachment":[{"href":"https:\/\/blogsaverroes.juntadeandalucia.es\/valderrubio\/wp-json\/wp\/v2\/media?parent=3710"}],"wp:term":[{"taxonomy":"category","embeddable":true,"href":"https:\/\/blogsaverroes.juntadeandalucia.es\/valderrubio\/wp-json\/wp\/v2\/categories?post=3710"},{"taxonomy":"post_tag","embeddable":true,"href":"https:\/\/blogsaverroes.juntadeandalucia.es\/valderrubio\/wp-json\/wp\/v2\/tags?post=3710"}],"curies":[{"name":"wp","href":"https:\/\/api.w.org\/{rel}","templated":true}]}}