{"id":3839,"date":"2020-05-08T09:00:11","date_gmt":"2020-05-08T07:00:11","guid":{"rendered":"https:\/\/blogsaverroes.juntadeandalucia.es\/valderrubio\/?p=3839"},"modified":"2020-05-07T19:29:33","modified_gmt":"2020-05-07T17:29:33","slug":"religion-36","status":"publish","type":"post","link":"https:\/\/blogsaverroes.juntadeandalucia.es\/valderrubio\/religion-36\/","title":{"rendered":"RELIGI\u00d3N"},"content":{"rendered":"<p>Hola chic@s.<\/p>\n<p>Trabajaremos la ficha n\u00famero 2, de la Unidad 5.<\/p>\n<p>En esta ficha podemos ver una vidriera en la que se representa el relato b\u00edblico de las bodas de Can\u00e1. La podemos ver en la catedral de Cambridge.<\/p>\n<p>Es el primer milagro que realiz\u00f3 Jes\u00fas en compa\u00f1\u00eda de su madre, la Virgen Mar\u00eda. Detr\u00e1s de la ficha lo podemos leer, tambi\u00e9n lo podremos escuchar adaptado en el siguiente enlace:<\/p>\n<p><a href=\"https:\/\/www.youtube.com\/watch?v=eCsF3WzNOSA\">https:\/\/www.youtube.com\/watc\u00a0\u00a0\u00a0\u00a0\u00a0\u00a0\u00a0<\/a><\/p>\n<p>A continuaci\u00f3n, vas a terminar de colorear el m\u00e1ndala de la vidriera, de los colores que m\u00e1s te gusten.<\/p>\n<p>&nbsp;<\/p>\n","protected":false},"excerpt":{"rendered":"<p>Hola chic@s. Trabajaremos la ficha n\u00famero 2, de la Unidad 5. En esta ficha podemos ver una vidriera en la que se representa el relato b\u00edblico de las bodas de Can\u00e1. La podemos ver&#46;&#46;&#46;<\/p>\n","protected":false},"author":8780,"featured_media":3840,"comment_status":"open","ping_status":"open","sticky":false,"template":"","format":"standard","meta":{"_exactmetrics_skip_tracking":false,"_exactmetrics_sitenote_active":false,"_exactmetrics_sitenote_note":"","_exactmetrics_sitenote_category":0,"ngg_post_thumbnail":0,"footnotes":""},"categories":[20],"tags":[],"aioseo_notices":[],"_links":{"self":[{"href":"https:\/\/blogsaverroes.juntadeandalucia.es\/valderrubio\/wp-json\/wp\/v2\/posts\/3839"}],"collection":[{"href":"https:\/\/blogsaverroes.juntadeandalucia.es\/valderrubio\/wp-json\/wp\/v2\/posts"}],"about":[{"href":"https:\/\/blogsaverroes.juntadeandalucia.es\/valderrubio\/wp-json\/wp\/v2\/types\/post"}],"author":[{"embeddable":true,"href":"https:\/\/blogsaverroes.juntadeandalucia.es\/valderrubio\/wp-json\/wp\/v2\/users\/8780"}],"replies":[{"embeddable":true,"href":"https:\/\/blogsaverroes.juntadeandalucia.es\/valderrubio\/wp-json\/wp\/v2\/comments?post=3839"}],"version-history":[{"count":1,"href":"https:\/\/blogsaverroes.juntadeandalucia.es\/valderrubio\/wp-json\/wp\/v2\/posts\/3839\/revisions"}],"predecessor-version":[{"id":3841,"href":"https:\/\/blogsaverroes.juntadeandalucia.es\/valderrubio\/wp-json\/wp\/v2\/posts\/3839\/revisions\/3841"}],"wp:featuredmedia":[{"embeddable":true,"href":"https:\/\/blogsaverroes.juntadeandalucia.es\/valderrubio\/wp-json\/wp\/v2\/media\/3840"}],"wp:attachment":[{"href":"https:\/\/blogsaverroes.juntadeandalucia.es\/valderrubio\/wp-json\/wp\/v2\/media?parent=3839"}],"wp:term":[{"taxonomy":"category","embeddable":true,"href":"https:\/\/blogsaverroes.juntadeandalucia.es\/valderrubio\/wp-json\/wp\/v2\/categories?post=3839"},{"taxonomy":"post_tag","embeddable":true,"href":"https:\/\/blogsaverroes.juntadeandalucia.es\/valderrubio\/wp-json\/wp\/v2\/tags?post=3839"}],"curies":[{"name":"wp","href":"https:\/\/api.w.org\/{rel}","templated":true}]}}