{"id":4855,"date":"2020-06-01T07:59:42","date_gmt":"2020-06-01T05:59:42","guid":{"rendered":"https:\/\/blogsaverroes.juntadeandalucia.es\/valderrubio\/?p=4855"},"modified":"2020-06-01T08:00:53","modified_gmt":"2020-06-01T06:00:53","slug":"programacion-semanal-del-1-al-de-junio","status":"publish","type":"post","link":"https:\/\/blogsaverroes.juntadeandalucia.es\/valderrubio\/programacion-semanal-del-1-al-de-junio\/","title":{"rendered":"PROGRAMACI\u00d3N SEMANAL ( DEL 1 AL  DE JUNIO)"},"content":{"rendered":"<p style=\"text-align: center\">BUENAS FAMILIAS COMENZAMOS LA SEMANA.<\/p>\n<p>&nbsp;<\/p>\n<p>&nbsp;<\/p>\n<p><strong>LUNES 1 DE JUNIO: CONSERVACI\u00d3N DE LOS ALIMENTOS<\/strong><\/p>\n<p>Empezamos el lunes reflexionando sobre todo lo que hemos trabajado hasta ahora.Sabemos qu\u00e9 es un\u00a0 huerto,\u00a0 \u00a0qu\u00e9 cuidados necesita, que las plantas pueden enfermar,que el huerto nos proporciona alimentos que son buenos para nuestra salud &#8230;..pero para mantener un estado saludable no basta con comer sano y variado, es muy importante saber manipular los alimentos antes de comerlos. El siguiente v\u00eddeo te da unas orientaciones f\u00e1ciles y recomendables , mira y ver\u00e1s:<\/p>\n<p><iframe loading=\"lazy\" title=\"Conservacion de los Alimentos\" width=\"500\" height=\"375\" src=\"https:\/\/www.youtube.com\/embed\/-y7n3_ZI7mA?feature=oembed&#038;wmode=opaque\" frameborder=\"0\" allow=\"accelerometer; autoplay; encrypted-media; gyroscope; picture-in-picture\" allowfullscreen><\/iframe><\/p>\n<p>Ahora te propongo\u00a0 que vayas a la cocina y hagas una lista de los alimentos perecederos que tengas en casa y escribas su fecha de caducidad.<\/p>\n<p>Y de paso si ves alguno caducado ya sabes lo que tienes que hacer. \u00a1As\u00ed que manos a la obra!<\/p>\n<p>Despu\u00e9s abrimos el<strong> libro<\/strong> por la<strong> p\u00e1gina n\u00famero 24<\/strong>: <strong>\u00bb Montamos nuestro huerto\u00bb.<\/strong><\/p>\n<p>Ya somos unos expertos en temas del huerto, por lo que esta actividad os resultar\u00e1 super sencilla.<\/p>\n<ul>\n<li>Comenta las im\u00e1genes con tu familia y observa muy bien en qu\u00e9 se parecen y en qu\u00e9 se diferencian. Las tres tienen algo en com\u00fan : \u00bfqu\u00e9 es?.<\/li>\n<li>Luego imagina que en nuestro cole vamos a montar un huerto \u00bfcu\u00e1l crees que ser\u00eda el espacio m\u00e1s adecuado?.<\/li>\n<li>Marca la casilla y copia su nombre.<\/li>\n<\/ul>\n<p>Por si te has quedado con ganas de m\u00e1s te propongo resolver unas cuantas sumas.<\/p>\n<p>&nbsp;<\/p>\n<p><strong>MARTES 2 DE JUNIO: DECIDIMOS QU\u00c9 VAMOS A PLANTAR.<\/strong><\/p>\n<p>Una vez elegido el espacio m\u00e1s adecuado para plantar el siguiente paso es decidir qu\u00e9 voy a plantar .<\/p>\n<p>Abre el<strong> libro<\/strong> por la <strong>p\u00e1gina 25 y<\/strong> echa mano de tu creatividad .Dibuja lo que\u00a0 quieres plantar , escribe el nombre\u00a0 y rodea en qu\u00e9 estaci\u00f3n se planta, el n\u00famero de soles y gotas de lluvia\u00a0 que necesita, seg\u00fan sus necesidades de luz y agua.<\/p>\n<p>Luego te propongo que hagas una lista de alimentos t\u00edpicos de cada estaci\u00f3n.<\/p>\n<p>Nos vamos de paseo con los n\u00fameros ordinales. Coge el \u00e1lbum de fotos familiar, que empezamos.<\/p>\n<p>&nbsp;<\/p>\n<p><strong>MI\u00c9RCOLES 3 DE JUNIO:\u00bb QU\u00c9 NECESITAMOS PARA PLANTAR\u00bb.<\/strong><\/p>\n<p>Continuamos con nuestra labor de siembra y vamos a recordar los utensilios que necesitamos para plantar.<\/p>\n<p>Abre el <strong>libro<\/strong> por la p\u00e1gina\u00a0 <strong>26<\/strong> , sigue la secuencia y escribe el nombre de las herramientas.<\/p>\n<p>Luego te propongo el siguiente juego: elige objetos de la casa que se parezcan a las herramientas que se utilizan para cultivar. Se me ocurren estos:<\/p>\n<ul>\n<li>regadera = jarra de agua<\/li>\n<li>rastrillo = tenedor<\/li>\n<li>pala = cuchara<\/li>\n<\/ul>\n<p>Ponte el delantal que vamos a preparar una <strong>sopa de zig zags.<\/strong>\u00a1Buen provecho!.<\/p>\n<p><strong>JUEVES 4 DE JUNIO:\u00a0 Mariposa del aire<\/strong><\/p>\n<p>Hoy lo vamos a dedicar a recordar a Federico Garc\u00eda Lorca<\/p>\n<p><iframe loading=\"lazy\" title=\"MARIPOSA DEL AIRE- GARC\u00cdA LORCA\" width=\"500\" height=\"375\" src=\"https:\/\/www.youtube.com\/embed\/qPZnGh8pxQI?feature=oembed&#038;wmode=opaque\" frameborder=\"0\" allow=\"accelerometer; autoplay; encrypted-media; gyroscope; picture-in-picture\" allowfullscreen><\/iframe><\/p>\n<p>&nbsp;<\/p>\n<p>Actividad de pl\u00e1stica.<\/p>\n<p><iframe loading=\"lazy\" title=\"\ud83e\udd8b\ud83e\udd8b MANUALIDADES de MARIPOSAS \ud83e\udd8b\ud83e\udd8b \u00bfC\u00f3mo hacer una mariposa de papel?\" width=\"500\" height=\"281\" src=\"https:\/\/www.youtube.com\/embed\/fEYsnXLkJ1Q?feature=oembed&#038;wmode=opaque\" frameborder=\"0\" allow=\"accelerometer; autoplay; encrypted-media; gyroscope; picture-in-picture\" allowfullscreen><\/iframe><\/p>\n<p>&nbsp;<\/p>\n<p><strong>VIERNES 5 DE JUNIO.<\/strong><\/p>\n<p>Religi\u00f3n.<\/p>\n<p>Videoconferencia.<\/p>\n<p>&nbsp;<\/p>\n","protected":false},"excerpt":{"rendered":"<p>BUENAS FAMILIAS COMENZAMOS LA SEMANA. &nbsp; &nbsp; LUNES 1 DE JUNIO: CONSERVACI\u00d3N DE LOS ALIMENTOS Empezamos el lunes reflexionando sobre todo lo que hemos trabajado hasta ahora.Sabemos qu\u00e9 es un\u00a0 huerto,\u00a0 \u00a0qu\u00e9 cuidados necesita,&#46;&#46;&#46;<\/p>\n","protected":false},"author":8719,"featured_media":4884,"comment_status":"open","ping_status":"open","sticky":false,"template":"","format":"standard","meta":{"_exactmetrics_skip_tracking":false,"_exactmetrics_sitenote_active":false,"_exactmetrics_sitenote_note":"","_exactmetrics_sitenote_category":0,"ngg_post_thumbnail":0,"footnotes":""},"categories":[46,20],"tags":[],"aioseo_notices":[],"_links":{"self":[{"href":"https:\/\/blogsaverroes.juntadeandalucia.es\/valderrubio\/wp-json\/wp\/v2\/posts\/4855"}],"collection":[{"href":"https:\/\/blogsaverroes.juntadeandalucia.es\/valderrubio\/wp-json\/wp\/v2\/posts"}],"about":[{"href":"https:\/\/blogsaverroes.juntadeandalucia.es\/valderrubio\/wp-json\/wp\/v2\/types\/post"}],"author":[{"embeddable":true,"href":"https:\/\/blogsaverroes.juntadeandalucia.es\/valderrubio\/wp-json\/wp\/v2\/users\/8719"}],"replies":[{"embeddable":true,"href":"https:\/\/blogsaverroes.juntadeandalucia.es\/valderrubio\/wp-json\/wp\/v2\/comments?post=4855"}],"version-history":[{"count":7,"href":"https:\/\/blogsaverroes.juntadeandalucia.es\/valderrubio\/wp-json\/wp\/v2\/posts\/4855\/revisions"}],"predecessor-version":[{"id":4966,"href":"https:\/\/blogsaverroes.juntadeandalucia.es\/valderrubio\/wp-json\/wp\/v2\/posts\/4855\/revisions\/4966"}],"wp:featuredmedia":[{"embeddable":true,"href":"https:\/\/blogsaverroes.juntadeandalucia.es\/valderrubio\/wp-json\/wp\/v2\/media\/4884"}],"wp:attachment":[{"href":"https:\/\/blogsaverroes.juntadeandalucia.es\/valderrubio\/wp-json\/wp\/v2\/media?parent=4855"}],"wp:term":[{"taxonomy":"category","embeddable":true,"href":"https:\/\/blogsaverroes.juntadeandalucia.es\/valderrubio\/wp-json\/wp\/v2\/categories?post=4855"},{"taxonomy":"post_tag","embeddable":true,"href":"https:\/\/blogsaverroes.juntadeandalucia.es\/valderrubio\/wp-json\/wp\/v2\/tags?post=4855"}],"curies":[{"name":"wp","href":"https:\/\/api.w.org\/{rel}","templated":true}]}}