{"id":5048,"date":"2020-06-05T12:00:27","date_gmt":"2020-06-05T10:00:27","guid":{"rendered":"https:\/\/blogsaverroes.juntadeandalucia.es\/valderrubio\/?p=5048"},"modified":"2020-06-05T10:22:37","modified_gmt":"2020-06-05T08:22:37","slug":"dibujos-de-los-titeres-de-2o-b","status":"publish","type":"post","link":"https:\/\/blogsaverroes.juntadeandalucia.es\/valderrubio\/dibujos-de-los-titeres-de-2o-b\/","title":{"rendered":"DIBUJOS DE LOS T\u00cdTERES DE 2\u00ba B."},"content":{"rendered":"<p><img loading=\"lazy\" decoding=\"async\" class=\"alignnone wp-image-5050\" src=\"https:\/\/blogsaverroes.juntadeandalucia.es\/valderrubio\/files\/2020\/06\/Dibujo-Titere-de-Mar\u00eda.-232x300.jpg\" alt=\"\" width=\"578\" height=\"747\" srcset=\"https:\/\/blogsaverroes.juntadeandalucia.es\/valderrubio\/files\/2020\/06\/Dibujo-Titere-de-Mar\u00eda.-232x300.jpg 232w, https:\/\/blogsaverroes.juntadeandalucia.es\/valderrubio\/files\/2020\/06\/Dibujo-Titere-de-Mar\u00eda.-768x994.jpg 768w, https:\/\/blogsaverroes.juntadeandalucia.es\/valderrubio\/files\/2020\/06\/Dibujo-Titere-de-Mar\u00eda.-791x1024.jpg 791w, https:\/\/blogsaverroes.juntadeandalucia.es\/valderrubio\/files\/2020\/06\/Dibujo-Titere-de-Mar\u00eda.-19x24.jpg 19w, https:\/\/blogsaverroes.juntadeandalucia.es\/valderrubio\/files\/2020\/06\/Dibujo-Titere-de-Mar\u00eda.-28x36.jpg 28w, https:\/\/blogsaverroes.juntadeandalucia.es\/valderrubio\/files\/2020\/06\/Dibujo-Titere-de-Mar\u00eda.-37x48.jpg 37w, https:\/\/blogsaverroes.juntadeandalucia.es\/valderrubio\/files\/2020\/06\/Dibujo-Titere-de-Mar\u00eda..jpg 1526w\" sizes=\"(max-width: 578px) 100vw, 578px\" \/>\u00a0 \u00a0 T\u00cdTERE DE MAR\u00cdA<\/p>\n<p><img loading=\"lazy\" decoding=\"async\" class=\"alignnone wp-image-5051\" src=\"https:\/\/blogsaverroes.juntadeandalucia.es\/valderrubio\/files\/2020\/06\/Dibujo-Titere-de-Luc\u00eda-300x233.jpg\" alt=\"\" width=\"576\" height=\"447\" srcset=\"https:\/\/blogsaverroes.juntadeandalucia.es\/valderrubio\/files\/2020\/06\/Dibujo-Titere-de-Luc\u00eda-300x233.jpg 300w, https:\/\/blogsaverroes.juntadeandalucia.es\/valderrubio\/files\/2020\/06\/Dibujo-Titere-de-Luc\u00eda-768x596.jpg 768w, https:\/\/blogsaverroes.juntadeandalucia.es\/valderrubio\/files\/2020\/06\/Dibujo-Titere-de-Luc\u00eda-1024x794.jpg 1024w, https:\/\/blogsaverroes.juntadeandalucia.es\/valderrubio\/files\/2020\/06\/Dibujo-Titere-de-Luc\u00eda-24x19.jpg 24w, https:\/\/blogsaverroes.juntadeandalucia.es\/valderrubio\/files\/2020\/06\/Dibujo-Titere-de-Luc\u00eda-36x28.jpg 36w, https:\/\/blogsaverroes.juntadeandalucia.es\/valderrubio\/files\/2020\/06\/Dibujo-Titere-de-Luc\u00eda-48x37.jpg 48w\" sizes=\"(max-width: 576px) 100vw, 576px\" \/> T\u00cdTERE DE LUC\u00cdA<\/p>\n<p><img loading=\"lazy\" decoding=\"async\" class=\"alignnone wp-image-5052\" src=\"https:\/\/blogsaverroes.juntadeandalucia.es\/valderrubio\/files\/2020\/06\/Dibujo-Titere-de-L\u00e1tika-123x300.jpg\" alt=\"\" width=\"566\" height=\"1380\" srcset=\"https:\/\/blogsaverroes.juntadeandalucia.es\/valderrubio\/files\/2020\/06\/Dibujo-Titere-de-L\u00e1tika-123x300.jpg 123w, https:\/\/blogsaverroes.juntadeandalucia.es\/valderrubio\/files\/2020\/06\/Dibujo-Titere-de-L\u00e1tika-10x24.jpg 10w, https:\/\/blogsaverroes.juntadeandalucia.es\/valderrubio\/files\/2020\/06\/Dibujo-Titere-de-L\u00e1tika-15x36.jpg 15w, https:\/\/blogsaverroes.juntadeandalucia.es\/valderrubio\/files\/2020\/06\/Dibujo-Titere-de-L\u00e1tika-20x48.jpg 20w\" sizes=\"(max-width: 566px) 100vw, 566px\" \/> T\u00cdTERE DE L\u00c1TIKA<\/p>\n<p><img loading=\"lazy\" decoding=\"async\" class=\"alignnone wp-image-5053\" src=\"https:\/\/blogsaverroes.juntadeandalucia.es\/valderrubio\/files\/2020\/06\/Dibujo-T\u00edtere-de-Hugo-300x297.jpg\" alt=\"\" width=\"562\" height=\"556\" srcset=\"https:\/\/blogsaverroes.juntadeandalucia.es\/valderrubio\/files\/2020\/06\/Dibujo-T\u00edtere-de-Hugo-300x297.jpg 300w, https:\/\/blogsaverroes.juntadeandalucia.es\/valderrubio\/files\/2020\/06\/Dibujo-T\u00edtere-de-Hugo-768x760.jpg 768w, https:\/\/blogsaverroes.juntadeandalucia.es\/valderrubio\/files\/2020\/06\/Dibujo-T\u00edtere-de-Hugo-100x100.jpg 100w, https:\/\/blogsaverroes.juntadeandalucia.es\/valderrubio\/files\/2020\/06\/Dibujo-T\u00edtere-de-Hugo-24x24.jpg 24w, https:\/\/blogsaverroes.juntadeandalucia.es\/valderrubio\/files\/2020\/06\/Dibujo-T\u00edtere-de-Hugo-36x36.jpg 36w, https:\/\/blogsaverroes.juntadeandalucia.es\/valderrubio\/files\/2020\/06\/Dibujo-T\u00edtere-de-Hugo-48x48.jpg 48w, https:\/\/blogsaverroes.juntadeandalucia.es\/valderrubio\/files\/2020\/06\/Dibujo-T\u00edtere-de-Hugo.jpg 912w\" sizes=\"(max-width: 562px) 100vw, 562px\" \/>\u00a0 T\u00cdTERE DE HUGO<\/p>\n<p><img loading=\"lazy\" decoding=\"async\" class=\"alignnone wp-image-5054\" src=\"https:\/\/blogsaverroes.juntadeandalucia.es\/valderrubio\/files\/2020\/06\/Dibujo-Titere-de-Antonio-L\u00f3pez-264x300.jpg\" alt=\"\" width=\"557\" height=\"633\" srcset=\"https:\/\/blogsaverroes.juntadeandalucia.es\/valderrubio\/files\/2020\/06\/Dibujo-Titere-de-Antonio-L\u00f3pez-264x300.jpg 264w, https:\/\/blogsaverroes.juntadeandalucia.es\/valderrubio\/files\/2020\/06\/Dibujo-Titere-de-Antonio-L\u00f3pez-768x873.jpg 768w, https:\/\/blogsaverroes.juntadeandalucia.es\/valderrubio\/files\/2020\/06\/Dibujo-Titere-de-Antonio-L\u00f3pez-901x1024.jpg 901w, https:\/\/blogsaverroes.juntadeandalucia.es\/valderrubio\/files\/2020\/06\/Dibujo-Titere-de-Antonio-L\u00f3pez-21x24.jpg 21w, https:\/\/blogsaverroes.juntadeandalucia.es\/valderrubio\/files\/2020\/06\/Dibujo-Titere-de-Antonio-L\u00f3pez-32x36.jpg 32w, https:\/\/blogsaverroes.juntadeandalucia.es\/valderrubio\/files\/2020\/06\/Dibujo-Titere-de-Antonio-L\u00f3pez-42x48.jpg 42w, https:\/\/blogsaverroes.juntadeandalucia.es\/valderrubio\/files\/2020\/06\/Dibujo-Titere-de-Antonio-L\u00f3pez.jpg 1098w\" sizes=\"(max-width: 557px) 100vw, 557px\" \/>\u00a0 T\u00cdTERE DE ANTONIO L\u00d3PEZ<\/p>\n<p><img loading=\"lazy\" decoding=\"async\" class=\"alignnone wp-image-5055\" src=\"https:\/\/blogsaverroes.juntadeandalucia.es\/valderrubio\/files\/2020\/06\/Dibujo-del-Titere-de-Yaiza-285x300.jpg\" alt=\"\" width=\"569\" height=\"599\" srcset=\"https:\/\/blogsaverroes.juntadeandalucia.es\/valderrubio\/files\/2020\/06\/Dibujo-del-Titere-de-Yaiza-285x300.jpg 285w, https:\/\/blogsaverroes.juntadeandalucia.es\/valderrubio\/files\/2020\/06\/Dibujo-del-Titere-de-Yaiza-768x808.jpg 768w, https:\/\/blogsaverroes.juntadeandalucia.es\/valderrubio\/files\/2020\/06\/Dibujo-del-Titere-de-Yaiza-24x24.jpg 24w, https:\/\/blogsaverroes.juntadeandalucia.es\/valderrubio\/files\/2020\/06\/Dibujo-del-Titere-de-Yaiza-34x36.jpg 34w, https:\/\/blogsaverroes.juntadeandalucia.es\/valderrubio\/files\/2020\/06\/Dibujo-del-Titere-de-Yaiza-46x48.jpg 46w, https:\/\/blogsaverroes.juntadeandalucia.es\/valderrubio\/files\/2020\/06\/Dibujo-del-Titere-de-Yaiza.jpg 855w\" sizes=\"(max-width: 569px) 100vw, 569px\" \/>\u00a0 T\u00cdTERE DE YAIZA<\/p>\n<p><img loading=\"lazy\" decoding=\"async\" class=\"alignnone wp-image-5083\" src=\"https:\/\/blogsaverroes.juntadeandalucia.es\/valderrubio\/files\/2020\/06\/Dibujo-del-t\u00edtere-de-David-Morata.-1-220x300.jpg\" alt=\"\" width=\"554\" height=\"755\" srcset=\"https:\/\/blogsaverroes.juntadeandalucia.es\/valderrubio\/files\/2020\/06\/Dibujo-del-t\u00edtere-de-David-Morata.-1-220x300.jpg 220w, https:\/\/blogsaverroes.juntadeandalucia.es\/valderrubio\/files\/2020\/06\/Dibujo-del-t\u00edtere-de-David-Morata.-1-750x1024.jpg 750w, https:\/\/blogsaverroes.juntadeandalucia.es\/valderrubio\/files\/2020\/06\/Dibujo-del-t\u00edtere-de-David-Morata.-1-18x24.jpg 18w, https:\/\/blogsaverroes.juntadeandalucia.es\/valderrubio\/files\/2020\/06\/Dibujo-del-t\u00edtere-de-David-Morata.-1-26x36.jpg 26w, https:\/\/blogsaverroes.juntadeandalucia.es\/valderrubio\/files\/2020\/06\/Dibujo-del-t\u00edtere-de-David-Morata.-1-35x48.jpg 35w\" sizes=\"(max-width: 554px) 100vw, 554px\" \/>\u00a0 T\u00cdTERE DE DAVID MORATA.<\/p>\n<p>&nbsp;<\/p>\n","protected":false},"excerpt":{"rendered":"<p>\u00a0 \u00a0 T\u00cdTERE DE MAR\u00cdA T\u00cdTERE DE LUC\u00cdA T\u00cdTERE DE L\u00c1TIKA \u00a0 T\u00cdTERE DE HUGO \u00a0 T\u00cdTERE DE ANTONIO L\u00d3PEZ \u00a0 T\u00cdTERE DE YAIZA \u00a0 T\u00cdTERE DE DAVID MORATA. &nbsp;<\/p>\n","protected":false},"author":8763,"featured_media":5051,"comment_status":"open","ping_status":"open","sticky":false,"template":"","format":"standard","meta":{"_exactmetrics_skip_tracking":false,"_exactmetrics_sitenote_active":false,"_exactmetrics_sitenote_note":"","_exactmetrics_sitenote_category":0,"ngg_post_thumbnail":0,"footnotes":""},"categories":[28,46],"tags":[],"aioseo_notices":[],"_links":{"self":[{"href":"https:\/\/blogsaverroes.juntadeandalucia.es\/valderrubio\/wp-json\/wp\/v2\/posts\/5048"}],"collection":[{"href":"https:\/\/blogsaverroes.juntadeandalucia.es\/valderrubio\/wp-json\/wp\/v2\/posts"}],"about":[{"href":"https:\/\/blogsaverroes.juntadeandalucia.es\/valderrubio\/wp-json\/wp\/v2\/types\/post"}],"author":[{"embeddable":true,"href":"https:\/\/blogsaverroes.juntadeandalucia.es\/valderrubio\/wp-json\/wp\/v2\/users\/8763"}],"replies":[{"embeddable":true,"href":"https:\/\/blogsaverroes.juntadeandalucia.es\/valderrubio\/wp-json\/wp\/v2\/comments?post=5048"}],"version-history":[{"count":5,"href":"https:\/\/blogsaverroes.juntadeandalucia.es\/valderrubio\/wp-json\/wp\/v2\/posts\/5048\/revisions"}],"predecessor-version":[{"id":5085,"href":"https:\/\/blogsaverroes.juntadeandalucia.es\/valderrubio\/wp-json\/wp\/v2\/posts\/5048\/revisions\/5085"}],"wp:featuredmedia":[{"embeddable":true,"href":"https:\/\/blogsaverroes.juntadeandalucia.es\/valderrubio\/wp-json\/wp\/v2\/media\/5051"}],"wp:attachment":[{"href":"https:\/\/blogsaverroes.juntadeandalucia.es\/valderrubio\/wp-json\/wp\/v2\/media?parent=5048"}],"wp:term":[{"taxonomy":"category","embeddable":true,"href":"https:\/\/blogsaverroes.juntadeandalucia.es\/valderrubio\/wp-json\/wp\/v2\/categories?post=5048"},{"taxonomy":"post_tag","embeddable":true,"href":"https:\/\/blogsaverroes.juntadeandalucia.es\/valderrubio\/wp-json\/wp\/v2\/tags?post=5048"}],"curies":[{"name":"wp","href":"https:\/\/api.w.org\/{rel}","templated":true}]}}