{"id":5115,"date":"2020-06-08T00:52:44","date_gmt":"2020-06-07T22:52:44","guid":{"rendered":"https:\/\/blogsaverroes.juntadeandalucia.es\/valderrubio\/?p=5115"},"modified":"2020-06-08T00:55:21","modified_gmt":"2020-06-07T22:55:21","slug":"semana-del-8-al-12-de-junio-2","status":"publish","type":"post","link":"https:\/\/blogsaverroes.juntadeandalucia.es\/valderrubio\/semana-del-8-al-12-de-junio-2\/","title":{"rendered":"SEMANA DEL 8 AL 12 DE JUNIO"},"content":{"rendered":"<p>Hola chic@s, esta semana\u00a0 \u00a0la vamos a dedicar a repasar aprendizajes b\u00e1sicos ( de lengua y matem\u00e1ticas) y a hacer nuestro propio proyecto de investigaci\u00f3n. Para\u00a0 ello, vais a ser vosotr@s los\u00a0 que vais a elegir la tem\u00e1tica que quer\u00e9is trabajar en funci\u00f3n de vuestros gustos e intereses, de esta manera pensamos que os resultar\u00e1\u00a0 m\u00e1s f\u00e1cil y motivador hacer vuestro\u00a0 proyecto . Para ayudaros , vamos a planificar y organizar todo el proceso de trabajo como hemos hecho hasta ahora, siguiendo los pasos que ya pusimos en pr\u00e1ctica la semana pasada con el proyecto de los t\u00edteres de cahiporra, \u00bfos acord\u00e1is?:\u00a0 PLANIFICAR- INVESTIGAR- CREAR y\u00a0 DIFUNDIR.<\/p>\n<p style=\"text-align: left\">Sabemos que ya est\u00e1is bastantes cansad@s ,que hab\u00e9is hecho un gran esfuerzo a lo largo de todo curso y sobre todo este trimestre ,pero estamos ya en la recta final as\u00ed que mucho \u00e1nimo que nos queda ya muy poquito para terminar este curso tan at\u00edpico. A continuaci\u00f3n os dejamos la planificaci\u00f3n de esta semana.<a href=\"https:\/\/drive.google.com\/file\/d\/1WO9Dr9NA8k73p4yYlXsE4A5AFXXUgHq5\/view?usp=sharing\" rel=\"attachment wp-att-5119\"><img loading=\"lazy\" decoding=\"async\" class=\"size-full wp-image-5119 alignleft\" src=\"https:\/\/blogsaverroes.juntadeandalucia.es\/valderrubio\/files\/2020\/06\/PLANFICICIO\u0301N-8-AL-12-JUNIO.png\" alt=\"\" width=\"699\" height=\"865\" srcset=\"https:\/\/blogsaverroes.juntadeandalucia.es\/valderrubio\/files\/2020\/06\/PLANFICICIO\u0301N-8-AL-12-JUNIO.png 699w, https:\/\/blogsaverroes.juntadeandalucia.es\/valderrubio\/files\/2020\/06\/PLANFICICIO\u0301N-8-AL-12-JUNIO-242x300.png 242w, https:\/\/blogsaverroes.juntadeandalucia.es\/valderrubio\/files\/2020\/06\/PLANFICICIO\u0301N-8-AL-12-JUNIO-19x24.png 19w, https:\/\/blogsaverroes.juntadeandalucia.es\/valderrubio\/files\/2020\/06\/PLANFICICIO\u0301N-8-AL-12-JUNIO-29x36.png 29w, https:\/\/blogsaverroes.juntadeandalucia.es\/valderrubio\/files\/2020\/06\/PLANFICICIO\u0301N-8-AL-12-JUNIO-39x48.png 39w\" sizes=\"(max-width: 699px) 100vw, 699px\" \/><\/a><\/p>\n","protected":false},"excerpt":{"rendered":"<p>Hola chic@s, esta semana\u00a0 \u00a0la vamos a dedicar a repasar aprendizajes b\u00e1sicos ( de lengua y matem\u00e1ticas) y a hacer nuestro propio proyecto de investigaci\u00f3n. Para\u00a0 ello, vais a ser vosotr@s los\u00a0 que vais&#46;&#46;&#46;<\/p>\n","protected":false},"author":8760,"featured_media":5128,"comment_status":"open","ping_status":"open","sticky":false,"template":"","format":"standard","meta":{"_exactmetrics_skip_tracking":false,"_exactmetrics_sitenote_active":false,"_exactmetrics_sitenote_note":"","_exactmetrics_sitenote_category":0,"ngg_post_thumbnail":0,"footnotes":""},"categories":[30,32,46],"tags":[],"aioseo_notices":[],"_links":{"self":[{"href":"https:\/\/blogsaverroes.juntadeandalucia.es\/valderrubio\/wp-json\/wp\/v2\/posts\/5115"}],"collection":[{"href":"https:\/\/blogsaverroes.juntadeandalucia.es\/valderrubio\/wp-json\/wp\/v2\/posts"}],"about":[{"href":"https:\/\/blogsaverroes.juntadeandalucia.es\/valderrubio\/wp-json\/wp\/v2\/types\/post"}],"author":[{"embeddable":true,"href":"https:\/\/blogsaverroes.juntadeandalucia.es\/valderrubio\/wp-json\/wp\/v2\/users\/8760"}],"replies":[{"embeddable":true,"href":"https:\/\/blogsaverroes.juntadeandalucia.es\/valderrubio\/wp-json\/wp\/v2\/comments?post=5115"}],"version-history":[{"count":8,"href":"https:\/\/blogsaverroes.juntadeandalucia.es\/valderrubio\/wp-json\/wp\/v2\/posts\/5115\/revisions"}],"predecessor-version":[{"id":5219,"href":"https:\/\/blogsaverroes.juntadeandalucia.es\/valderrubio\/wp-json\/wp\/v2\/posts\/5115\/revisions\/5219"}],"wp:featuredmedia":[{"embeddable":true,"href":"https:\/\/blogsaverroes.juntadeandalucia.es\/valderrubio\/wp-json\/wp\/v2\/media\/5128"}],"wp:attachment":[{"href":"https:\/\/blogsaverroes.juntadeandalucia.es\/valderrubio\/wp-json\/wp\/v2\/media?parent=5115"}],"wp:term":[{"taxonomy":"category","embeddable":true,"href":"https:\/\/blogsaverroes.juntadeandalucia.es\/valderrubio\/wp-json\/wp\/v2\/categories?post=5115"},{"taxonomy":"post_tag","embeddable":true,"href":"https:\/\/blogsaverroes.juntadeandalucia.es\/valderrubio\/wp-json\/wp\/v2\/tags?post=5115"}],"curies":[{"name":"wp","href":"https:\/\/api.w.org\/{rel}","templated":true}]}}