{"id":5179,"date":"2020-06-07T20:44:43","date_gmt":"2020-06-07T18:44:43","guid":{"rendered":"https:\/\/blogsaverroes.juntadeandalucia.es\/valderrubio\/?p=5179"},"modified":"2020-06-07T20:44:43","modified_gmt":"2020-06-07T18:44:43","slug":"semana-del-8-al-12-de-junio","status":"publish","type":"post","link":"https:\/\/blogsaverroes.juntadeandalucia.es\/valderrubio\/semana-del-8-al-12-de-junio\/","title":{"rendered":"SEMANA DEL 8 AL 12 DE JUNIO"},"content":{"rendered":"<p>Ya estamos llegando a la recta final.<\/p>\n<p>Esta semana los ni\u00f1os y ni\u00f1as van a tener que hacer un poco de memoria y ver todo lo que llevan en su mochila sobre el proyecto realizado\u00a0 a lo largo de las \u00faltimas semanas junto a su familia.\u00a0 Es el momento de ver todo lo que han trabajado\u00a0 d\u00eda a d\u00eda, semana a semana y mes a mes hasta llegar a la meta. Pero mucho m\u00e1s importante ver lo que han aprendido, que quiz\u00e1 no sea tanto sobre el proyecto sobre el huerto como el cari\u00f1o y la atenci\u00f3n de su familia.<\/p>\n<p>Este curso termina de una manera diferente, pero tenemos que aprender de las adversidades y coger impulso para empezar con muchas ganas la aventura que nos espera en el pr\u00f3ximo.<\/p>\n<p>Un saludo!!!!<\/p>\n<p><a href=\"https:\/\/blogsaverroes.juntadeandalucia.es\/valderrubio\/files\/2020\/06\/PROGRAMACI\u00d3N-SEMANAL-DEL-8-AL-12-DE-JUNIO.docx\">PROGRAMACI\u00d3N SEMANAL DEL 8 AL 12 DE JUNIO<\/a><\/p>\n","protected":false},"excerpt":{"rendered":"<p>Ya estamos llegando a la recta final. Esta semana los ni\u00f1os y ni\u00f1as van a tener que hacer un poco de memoria y ver todo lo que llevan en su mochila sobre el proyecto&#46;&#46;&#46;<\/p>\n","protected":false},"author":8768,"featured_media":5186,"comment_status":"open","ping_status":"open","sticky":false,"template":"","format":"standard","meta":{"_exactmetrics_skip_tracking":false,"_exactmetrics_sitenote_active":false,"_exactmetrics_sitenote_note":"","_exactmetrics_sitenote_category":0,"ngg_post_thumbnail":0,"footnotes":""},"categories":[12],"tags":[],"aioseo_notices":[],"_links":{"self":[{"href":"https:\/\/blogsaverroes.juntadeandalucia.es\/valderrubio\/wp-json\/wp\/v2\/posts\/5179"}],"collection":[{"href":"https:\/\/blogsaverroes.juntadeandalucia.es\/valderrubio\/wp-json\/wp\/v2\/posts"}],"about":[{"href":"https:\/\/blogsaverroes.juntadeandalucia.es\/valderrubio\/wp-json\/wp\/v2\/types\/post"}],"author":[{"embeddable":true,"href":"https:\/\/blogsaverroes.juntadeandalucia.es\/valderrubio\/wp-json\/wp\/v2\/users\/8768"}],"replies":[{"embeddable":true,"href":"https:\/\/blogsaverroes.juntadeandalucia.es\/valderrubio\/wp-json\/wp\/v2\/comments?post=5179"}],"version-history":[{"count":1,"href":"https:\/\/blogsaverroes.juntadeandalucia.es\/valderrubio\/wp-json\/wp\/v2\/posts\/5179\/revisions"}],"predecessor-version":[{"id":5187,"href":"https:\/\/blogsaverroes.juntadeandalucia.es\/valderrubio\/wp-json\/wp\/v2\/posts\/5179\/revisions\/5187"}],"wp:featuredmedia":[{"embeddable":true,"href":"https:\/\/blogsaverroes.juntadeandalucia.es\/valderrubio\/wp-json\/wp\/v2\/media\/5186"}],"wp:attachment":[{"href":"https:\/\/blogsaverroes.juntadeandalucia.es\/valderrubio\/wp-json\/wp\/v2\/media?parent=5179"}],"wp:term":[{"taxonomy":"category","embeddable":true,"href":"https:\/\/blogsaverroes.juntadeandalucia.es\/valderrubio\/wp-json\/wp\/v2\/categories?post=5179"},{"taxonomy":"post_tag","embeddable":true,"href":"https:\/\/blogsaverroes.juntadeandalucia.es\/valderrubio\/wp-json\/wp\/v2\/tags?post=5179"}],"curies":[{"name":"wp","href":"https:\/\/api.w.org\/{rel}","templated":true}]}}