{"id":5285,"date":"2020-06-14T20:00:41","date_gmt":"2020-06-14T18:00:41","guid":{"rendered":"https:\/\/blogsaverroes.juntadeandalucia.es\/valderrubio\/?p=5285"},"modified":"2020-06-15T09:54:35","modified_gmt":"2020-06-15T07:54:35","slug":"ultima-semana-de-cole","status":"publish","type":"post","link":"https:\/\/blogsaverroes.juntadeandalucia.es\/valderrubio\/ultima-semana-de-cole\/","title":{"rendered":"\u00a1\u00daLTIMA SEMANA DE COLE!"},"content":{"rendered":"<p style=\"text-align: center\"><span style=\"font-size: 14pt\"><strong>PLANIFICACI\u00d3N DE LA SEMANA DEL 15 AL 19 DE JUNIO<\/strong><\/span><\/p>\n<p>&nbsp;<\/p>\n<p style=\"text-align: justify\"><span style=\"font-family: 'comic sans ms', sans-serif\">Despu\u00e9s de muchas aventuras juntos ha llegado el momento de disfrutar de la \u00faltima semana de curso y poder celebrar cada paso que hemos\u00a0 dado en este camino que no siempre ha sido f\u00e1cil, especialmente la recta final.<\/span><\/p>\n<p style=\"text-align: justify\"><span style=\"font-family: 'comic sans ms', sans-serif\">Parece que fu\u00e9 ayer cuando nos encontr\u00e1bamos en clase por primera vez, con una mezcla de miedo e ilusi\u00f3n,\u00a0 para dar comienzo a una andadura que nos ha convertido en un\u00a0 gran\u00a0 equipo\u00a0 formado\u00a0 por\u00a0 personas incre\u00edbles\u00a0 y \u00fanicas.\u00a0 Un equipo donde las familias han sido uno de los pilares imprescindibles para que el respeto por la infancia sea la clave de la educaci\u00f3n.\u00a0<\/span><\/p>\n<p><span style=\"font-family: 'comic sans ms', sans-serif\">Despu\u00e9s de tanto esfuerzo es justo despedirse a lo grande, por lo que esta semana nos dedicaremos a jugar, a valorar lo vivido y a celebrar juntos el fin de curso.\u00a0<\/span><\/p>\n<p><span style=\"font-family: 'comic sans ms', sans-serif\"><strong>IMPORTANTE. Os voy a pedir tambi\u00e9n que me mand\u00e9is por correo una foto tipo \u00abcarnet\u00bb, para poder prepararos una orla del curso y que teng\u00e1is otro recuerdo.<\/strong><\/span><\/p>\n<p style=\"text-align: center\"><span style=\"font-family: 'comic sans ms', sans-serif\">\u00a1 DESEO QUE DISFRUT\u00c9IS TANTO COMO LO HE HECHO YO AL PREPARAR LAS ACTIVIDADES!<\/span><\/p>\n<p><a href=\"https:\/\/drive.google.com\/file\/d\/11Ss3Nf2eqoAaL8L2g0bd04jDhGzZ_RjI\/view?usp=sharing\"><br \/>\n<img loading=\"lazy\" decoding=\"async\" class=\"aligncenter size-full wp-image-5286\" src=\"https:\/\/blogsaverroes.juntadeandalucia.es\/valderrubio\/files\/2020\/06\/1\u00ba-CICLO-2\u00ba-A-Planificaci\u00f3n-semanal-15-al-19-de-junio.docx_page-0001.jpg\" alt=\"\" width=\"1241\" height=\"1754\" srcset=\"https:\/\/blogsaverroes.juntadeandalucia.es\/valderrubio\/files\/2020\/06\/1\u00ba-CICLO-2\u00ba-A-Planificaci\u00f3n-semanal-15-al-19-de-junio.docx_page-0001.jpg 1241w, https:\/\/blogsaverroes.juntadeandalucia.es\/valderrubio\/files\/2020\/06\/1\u00ba-CICLO-2\u00ba-A-Planificaci\u00f3n-semanal-15-al-19-de-junio.docx_page-0001-212x300.jpg 212w, https:\/\/blogsaverroes.juntadeandalucia.es\/valderrubio\/files\/2020\/06\/1\u00ba-CICLO-2\u00ba-A-Planificaci\u00f3n-semanal-15-al-19-de-junio.docx_page-0001-768x1085.jpg 768w, https:\/\/blogsaverroes.juntadeandalucia.es\/valderrubio\/files\/2020\/06\/1\u00ba-CICLO-2\u00ba-A-Planificaci\u00f3n-semanal-15-al-19-de-junio.docx_page-0001-725x1024.jpg 725w, https:\/\/blogsaverroes.juntadeandalucia.es\/valderrubio\/files\/2020\/06\/1\u00ba-CICLO-2\u00ba-A-Planificaci\u00f3n-semanal-15-al-19-de-junio.docx_page-0001-17x24.jpg 17w, https:\/\/blogsaverroes.juntadeandalucia.es\/valderrubio\/files\/2020\/06\/1\u00ba-CICLO-2\u00ba-A-Planificaci\u00f3n-semanal-15-al-19-de-junio.docx_page-0001-25x36.jpg 25w, https:\/\/blogsaverroes.juntadeandalucia.es\/valderrubio\/files\/2020\/06\/1\u00ba-CICLO-2\u00ba-A-Planificaci\u00f3n-semanal-15-al-19-de-junio.docx_page-0001-34x48.jpg 34w\" sizes=\"(max-width: 1241px) 100vw, 1241px\" \/><\/a><\/p>\n","protected":false},"excerpt":{"rendered":"<p>PLANIFICACI\u00d3N DE LA SEMANA DEL 15 AL 19 DE JUNIO &nbsp; Despu\u00e9s de muchas aventuras juntos ha llegado el momento de disfrutar de la \u00faltima semana de curso y poder celebrar cada paso que&#46;&#46;&#46;<\/p>\n","protected":false},"author":5940,"featured_media":5411,"comment_status":"open","ping_status":"open","sticky":false,"template":"","format":"standard","meta":{"_exactmetrics_skip_tracking":false,"_exactmetrics_sitenote_active":false,"_exactmetrics_sitenote_note":"","_exactmetrics_sitenote_category":0,"ngg_post_thumbnail":0,"footnotes":""},"categories":[26,46],"tags":[131],"aioseo_notices":[],"_links":{"self":[{"href":"https:\/\/blogsaverroes.juntadeandalucia.es\/valderrubio\/wp-json\/wp\/v2\/posts\/5285"}],"collection":[{"href":"https:\/\/blogsaverroes.juntadeandalucia.es\/valderrubio\/wp-json\/wp\/v2\/posts"}],"about":[{"href":"https:\/\/blogsaverroes.juntadeandalucia.es\/valderrubio\/wp-json\/wp\/v2\/types\/post"}],"author":[{"embeddable":true,"href":"https:\/\/blogsaverroes.juntadeandalucia.es\/valderrubio\/wp-json\/wp\/v2\/users\/5940"}],"replies":[{"embeddable":true,"href":"https:\/\/blogsaverroes.juntadeandalucia.es\/valderrubio\/wp-json\/wp\/v2\/comments?post=5285"}],"version-history":[{"count":4,"href":"https:\/\/blogsaverroes.juntadeandalucia.es\/valderrubio\/wp-json\/wp\/v2\/posts\/5285\/revisions"}],"predecessor-version":[{"id":5314,"href":"https:\/\/blogsaverroes.juntadeandalucia.es\/valderrubio\/wp-json\/wp\/v2\/posts\/5285\/revisions\/5314"}],"wp:featuredmedia":[{"embeddable":true,"href":"https:\/\/blogsaverroes.juntadeandalucia.es\/valderrubio\/wp-json\/wp\/v2\/media\/5411"}],"wp:attachment":[{"href":"https:\/\/blogsaverroes.juntadeandalucia.es\/valderrubio\/wp-json\/wp\/v2\/media?parent=5285"}],"wp:term":[{"taxonomy":"category","embeddable":true,"href":"https:\/\/blogsaverroes.juntadeandalucia.es\/valderrubio\/wp-json\/wp\/v2\/categories?post=5285"},{"taxonomy":"post_tag","embeddable":true,"href":"https:\/\/blogsaverroes.juntadeandalucia.es\/valderrubio\/wp-json\/wp\/v2\/tags?post=5285"}],"curies":[{"name":"wp","href":"https:\/\/api.w.org\/{rel}","templated":true}]}}