{"id":5724,"date":"2021-09-30T19:03:14","date_gmt":"2021-09-30T17:03:14","guid":{"rendered":"https:\/\/blogsaverroes.juntadeandalucia.es\/valderrubio\/?p=5724"},"modified":"2021-11-21T19:49:00","modified_gmt":"2021-11-21T18:49:00","slug":"un-cole-bello","status":"publish","type":"post","link":"https:\/\/blogsaverroes.juntadeandalucia.es\/valderrubio\/un-cole-bello\/","title":{"rendered":"Un cole + BELLO"},"content":{"rendered":"<p style=\"text-align: justify\">Llega un nuevo curso y, de nuevo, las mascarillas parecen que nos van a acompa\u00f1ar en nuestras aventuras. Nuestros chicos y chicas ya han demostrado que, a pesar de seguir con las restricciones, nada va a impedir que sigamos so\u00f1ando a la lo grande y llenando nuestras mochilas de aventuras y experiencias vividas en la escuela \u00bfd\u00f3nde mejor? De nuevo, os abriremos una ventanita a trav\u00e9s de este blog para que pod\u00e1is echar un vistazo a lo que pasa en el cole. Esperamos que esto nos ayude a seguir conectados con las familias, ya que debemos mantener las restricciones y no podemos disfrutar de vosotras y vosotros dentro del cole (estamos deseando volver a nuestros grupos interactivos con las familias!!!)<\/p>\n<p>Como siempre hacemos, al comienzo del curso, arrancamos nuestras aventuras redise\u00f1ando los espacios del centro y cedi\u00e9ndoles cada rinc\u00f3n a quienes realmente pertenece, nuestros chicos y chicas para que los adapten y los &#8216;tuneen&#8217; para hacerlos suyos.<\/p>\n<p style=\"text-align: justify\">\u00a1ARRANCAMOS NUEVO CUSO! \u00a1HAGAMOS QUE SEA INNOLVIDABLE!<\/p>\n<p><img loading=\"lazy\" decoding=\"async\" class=\"aligncenter size-large wp-image-5725\" src=\"https:\/\/blogsaverroes.juntadeandalucia.es\/valderrubio\/files\/2021\/11\/Imagen21-1024x874.png\" alt=\"\" width=\"1024\" height=\"874\" srcset=\"https:\/\/blogsaverroes.juntadeandalucia.es\/valderrubio\/files\/2021\/11\/Imagen21-1024x874.png 1024w, https:\/\/blogsaverroes.juntadeandalucia.es\/valderrubio\/files\/2021\/11\/Imagen21-300x256.png 300w, https:\/\/blogsaverroes.juntadeandalucia.es\/valderrubio\/files\/2021\/11\/Imagen21-768x655.png 768w, https:\/\/blogsaverroes.juntadeandalucia.es\/valderrubio\/files\/2021\/11\/Imagen21.png 1276w\" sizes=\"(max-width: 1024px) 100vw, 1024px\" \/><\/p>\n<p>&nbsp;<\/p>\n","protected":false},"excerpt":{"rendered":"<p>Llega un nuevo curso y, de nuevo, las mascarillas parecen que nos van a acompa\u00f1ar en nuestras aventuras. Nuestros chicos y chicas ya han demostrado que, a pesar de seguir con las restricciones, nada&#46;&#46;&#46;<\/p>\n","protected":false},"author":5048,"featured_media":5726,"comment_status":"open","ping_status":"open","sticky":false,"template":"","format":"standard","meta":{"_exactmetrics_skip_tracking":false,"_exactmetrics_sitenote_active":false,"_exactmetrics_sitenote_note":"","_exactmetrics_sitenote_category":0,"ngg_post_thumbnail":0,"footnotes":""},"categories":[595,593],"tags":[],"aioseo_notices":[],"_links":{"self":[{"href":"https:\/\/blogsaverroes.juntadeandalucia.es\/valderrubio\/wp-json\/wp\/v2\/posts\/5724"}],"collection":[{"href":"https:\/\/blogsaverroes.juntadeandalucia.es\/valderrubio\/wp-json\/wp\/v2\/posts"}],"about":[{"href":"https:\/\/blogsaverroes.juntadeandalucia.es\/valderrubio\/wp-json\/wp\/v2\/types\/post"}],"author":[{"embeddable":true,"href":"https:\/\/blogsaverroes.juntadeandalucia.es\/valderrubio\/wp-json\/wp\/v2\/users\/5048"}],"replies":[{"embeddable":true,"href":"https:\/\/blogsaverroes.juntadeandalucia.es\/valderrubio\/wp-json\/wp\/v2\/comments?post=5724"}],"version-history":[{"count":2,"href":"https:\/\/blogsaverroes.juntadeandalucia.es\/valderrubio\/wp-json\/wp\/v2\/posts\/5724\/revisions"}],"predecessor-version":[{"id":5728,"href":"https:\/\/blogsaverroes.juntadeandalucia.es\/valderrubio\/wp-json\/wp\/v2\/posts\/5724\/revisions\/5728"}],"wp:featuredmedia":[{"embeddable":true,"href":"https:\/\/blogsaverroes.juntadeandalucia.es\/valderrubio\/wp-json\/wp\/v2\/media\/5726"}],"wp:attachment":[{"href":"https:\/\/blogsaverroes.juntadeandalucia.es\/valderrubio\/wp-json\/wp\/v2\/media?parent=5724"}],"wp:term":[{"taxonomy":"category","embeddable":true,"href":"https:\/\/blogsaverroes.juntadeandalucia.es\/valderrubio\/wp-json\/wp\/v2\/categories?post=5724"},{"taxonomy":"post_tag","embeddable":true,"href":"https:\/\/blogsaverroes.juntadeandalucia.es\/valderrubio\/wp-json\/wp\/v2\/tags?post=5724"}],"curies":[{"name":"wp","href":"https:\/\/api.w.org\/{rel}","templated":true}]}}