{"id":579,"date":"2020-03-15T19:53:51","date_gmt":"2020-03-15T18:53:51","guid":{"rendered":"https:\/\/blogsaverroes.juntadeandalucia.es\/valderrubio\/?p=579"},"modified":"2020-03-15T23:11:28","modified_gmt":"2020-03-15T22:11:28","slug":"clase-2o-eso-b","status":"publish","type":"post","link":"https:\/\/blogsaverroes.juntadeandalucia.es\/valderrubio\/clase-2o-eso-b\/","title":{"rendered":"Clase 2\u00ba ESO- B"},"content":{"rendered":"<p style=\"text-align: left\"><span style=\"font-family: helvetica, arial, sans-serif;font-size: 12pt\">Buenas clase.\u00a0 \u00a0 \u00a0 \u00a0 \u00a0 \u00a0 \u00a0 \u00a0 \u00a0 \u00a0 \u00a0 \u00a0 \u00a0 \u00a0 \u00a0 \u00a0 \u00a0 \u00a0 \u00a0 \u00a0 \u00a0 \u00a0 \u00a0<\/span><img loading=\"lazy\" decoding=\"async\" class=\"size-medium wp-image-600 alignleft\" src=\"https:\/\/blogsaverroes.juntadeandalucia.es\/valderrubio\/files\/2020\/03\/Imagen-de-Blog-2\u00baesob-200x300.png\" alt=\"\" width=\"200\" height=\"300\" srcset=\"https:\/\/blogsaverroes.juntadeandalucia.es\/valderrubio\/files\/2020\/03\/Imagen-de-Blog-2\u00baesob-200x300.png 200w, https:\/\/blogsaverroes.juntadeandalucia.es\/valderrubio\/files\/2020\/03\/Imagen-de-Blog-2\u00baesob-768x1152.png 768w, https:\/\/blogsaverroes.juntadeandalucia.es\/valderrubio\/files\/2020\/03\/Imagen-de-Blog-2\u00baesob-683x1024.png 683w, https:\/\/blogsaverroes.juntadeandalucia.es\/valderrubio\/files\/2020\/03\/Imagen-de-Blog-2\u00baesob-16x24.png 16w, https:\/\/blogsaverroes.juntadeandalucia.es\/valderrubio\/files\/2020\/03\/Imagen-de-Blog-2\u00baesob-24x36.png 24w, https:\/\/blogsaverroes.juntadeandalucia.es\/valderrubio\/files\/2020\/03\/Imagen-de-Blog-2\u00baesob-32x48.png 32w, https:\/\/blogsaverroes.juntadeandalucia.es\/valderrubio\/files\/2020\/03\/Imagen-de-Blog-2\u00baesob.png 800w\" sizes=\"(max-width: 200px) 100vw, 200px\" \/><\/p>\n<p style=\"text-align: left\"><span style=\"font-family: helvetica, arial, sans-serif;font-size: 12pt\">Aqu\u00ed ser\u00e1 donde trabajaremos todos los contenidos que nos quedan por ver durante estos d\u00edas que nos ha tocado vivir. Quiero recordaros que con nuestro esfuerzo conseguiremos que esto pase lo mas r\u00e1pido posible y que despu\u00e9s todos los abrazos, besos, ratitos con los amigos y d\u00edas \u00bbnormales\u00bb tendr\u00e1n mucho m\u00e1s sentido y ser\u00e1n mucho m\u00e1s valiosos. Gracias de parte de todos y todas porque sois fundamentales para que esto acabe pronto.\u00a0<\/span><\/p>\n<p style=\"text-align: left\"><span style=\"font-family: helvetica, arial, sans-serif;font-size: 12pt\">Una vez dicho esto, os explico que a trav\u00e9s de este blog iremos avanzando en las materias para que no perdamos el hilo. Ir\u00e9 subiendo informaci\u00f3n, tareas, videos y los enlaces que crea convenientes para que vuestro avance sea efectivo y que juntos logremos nuestras metas. Os animo a ver esto como una nueva forma de aprendizaje que os har\u00e1 mucho mas aut\u00f3nomos y que os permitir\u00e1 aprender a organizaros mejor. Recordad que me ten\u00e9is disponible para todas las dudas que teng\u00e1is a trav\u00e9s del correo que os facilitar\u00e9 en breve. A trav\u00e9s de este correo tambi\u00e9n tendr\u00e9is que enviarme todas las actividades y trabajos que vay\u00e1is haciendo.\u00a0<\/span><\/p>\n<p style=\"text-align: center\"><span style=\"font-family: helvetica, arial, sans-serif;font-size: 12pt\">\u00a1Un saludo!<\/span><\/p>\n","protected":false},"excerpt":{"rendered":"<p>Buenas clase.\u00a0 \u00a0 \u00a0 \u00a0 \u00a0 \u00a0 \u00a0 \u00a0 \u00a0 \u00a0 \u00a0 \u00a0 \u00a0 \u00a0 \u00a0 \u00a0 \u00a0 \u00a0 \u00a0 \u00a0 \u00a0 \u00a0 \u00a0 Aqu\u00ed ser\u00e1 donde trabajaremos todos los contenidos que nos quedan&#46;&#46;&#46;<\/p>\n","protected":false},"author":8758,"featured_media":600,"comment_status":"open","ping_status":"open","sticky":false,"template":"","format":"standard","meta":{"_exactmetrics_skip_tracking":false,"_exactmetrics_sitenote_active":false,"_exactmetrics_sitenote_note":"","_exactmetrics_sitenote_category":0,"ngg_post_thumbnail":0,"footnotes":""},"categories":[44,46],"tags":[154,152,146,156,150,144,148],"aioseo_notices":[],"_links":{"self":[{"href":"https:\/\/blogsaverroes.juntadeandalucia.es\/valderrubio\/wp-json\/wp\/v2\/posts\/579"}],"collection":[{"href":"https:\/\/blogsaverroes.juntadeandalucia.es\/valderrubio\/wp-json\/wp\/v2\/posts"}],"about":[{"href":"https:\/\/blogsaverroes.juntadeandalucia.es\/valderrubio\/wp-json\/wp\/v2\/types\/post"}],"author":[{"embeddable":true,"href":"https:\/\/blogsaverroes.juntadeandalucia.es\/valderrubio\/wp-json\/wp\/v2\/users\/8758"}],"replies":[{"embeddable":true,"href":"https:\/\/blogsaverroes.juntadeandalucia.es\/valderrubio\/wp-json\/wp\/v2\/comments?post=579"}],"version-history":[{"count":4,"href":"https:\/\/blogsaverroes.juntadeandalucia.es\/valderrubio\/wp-json\/wp\/v2\/posts\/579\/revisions"}],"predecessor-version":[{"id":617,"href":"https:\/\/blogsaverroes.juntadeandalucia.es\/valderrubio\/wp-json\/wp\/v2\/posts\/579\/revisions\/617"}],"wp:featuredmedia":[{"embeddable":true,"href":"https:\/\/blogsaverroes.juntadeandalucia.es\/valderrubio\/wp-json\/wp\/v2\/media\/600"}],"wp:attachment":[{"href":"https:\/\/blogsaverroes.juntadeandalucia.es\/valderrubio\/wp-json\/wp\/v2\/media?parent=579"}],"wp:term":[{"taxonomy":"category","embeddable":true,"href":"https:\/\/blogsaverroes.juntadeandalucia.es\/valderrubio\/wp-json\/wp\/v2\/categories?post=579"},{"taxonomy":"post_tag","embeddable":true,"href":"https:\/\/blogsaverroes.juntadeandalucia.es\/valderrubio\/wp-json\/wp\/v2\/tags?post=579"}],"curies":[{"name":"wp","href":"https:\/\/api.w.org\/{rel}","templated":true}]}}