{"id":6171,"date":"2023-10-13T17:16:25","date_gmt":"2023-10-13T15:16:25","guid":{"rendered":"https:\/\/blogsaverroes.juntadeandalucia.es\/valderrubio\/?p=6171"},"modified":"2023-10-14T21:51:30","modified_gmt":"2023-10-14T19:51:30","slug":"erasmusdays-en-valderrubio","status":"publish","type":"post","link":"https:\/\/blogsaverroes.juntadeandalucia.es\/valderrubio\/erasmusdays-en-valderrubio\/","title":{"rendered":"#ERASMUSDAYS en Valderrubio"},"content":{"rendered":"<div dir=\"auto\" style=\"text-align: justify\"><img loading=\"lazy\" decoding=\"async\" class=\"alignleft wp-image-6173\" src=\"https:\/\/blogsaverroes.juntadeandalucia.es\/valderrubio\/files\/2023\/10\/cartel-dia-13-1.png\" alt=\"\" width=\"390\" height=\"532\" srcset=\"https:\/\/blogsaverroes.juntadeandalucia.es\/valderrubio\/files\/2023\/10\/cartel-dia-13-1.png 793w, https:\/\/blogsaverroes.juntadeandalucia.es\/valderrubio\/files\/2023\/10\/cartel-dia-13-1-220x300.png 220w, https:\/\/blogsaverroes.juntadeandalucia.es\/valderrubio\/files\/2023\/10\/cartel-dia-13-1-750x1024.png 750w, https:\/\/blogsaverroes.juntadeandalucia.es\/valderrubio\/files\/2023\/10\/cartel-dia-13-1-768x1048.png 768w\" sizes=\"(max-width: 390px) 100vw, 390px\" \/>Hoy, con motivo de la celebraci\u00f3n internacional #ErasmusDay nuestro centro ha compartido con la comunidad un recorrido de producciones art\u00edsticas dirigidas a poner en valor el incre\u00edble patrimonio cultural con el que contamos en Europa. Os dejamos aqu\u00ed unas fotillos de este d\u00eda y de las semanas previas preparando nuestro encuentro.&nbsp;<\/div>\n<div dir=\"auto\" style=\"text-align: justify\">Durante un mes, el alumnado de tercer ciclo de primaria y del primer ciclo de secundaria ha estado investigando y sumergi\u00e9ndose en la cultura de los pa\u00edses europeos para crear una obra art\u00edstica basada en el collage colaborativo. En estas obras han reflejado lo que m\u00e1s les ha calado de estos pa\u00edses. Hoy era el gran d\u00eda para compartir las diferentes producciones y explicar a otros grupos, y a la comunidad (madres padres, abuelos, alumnado de otros centros&#8230;), c\u00f3mo ha sido el proceso de investigaci\u00f3n, ideaci\u00f3n y creaci\u00f3n que han seguido hasta conseguir montar la exposici\u00f3n final.<\/div>\n<div dir=\"auto\" style=\"text-align: justify\"><strong>\u00bfSab\u00e9is que son los <em>&#8216;ErasmusDay&#8217;<\/em>?<\/strong> Se trata de una iniciativa de la Uni\u00f3n Europea que se celebra anualmente con el objetivo de dar a conocer los beneficios y oportunidades que ofrecen los programas de movilidad Erasmus+. Tal y como recoge el Ministerio de Exteriores, en la pasada edici\u00f3n de 2022, se llevaron a cabo 6.295 actividades en 58 pa\u00edses de todo el mundo que ayudaron a promover una mayor visibilidad a las partes no tan conocidas del programa Erasmus+.&nbsp; En nuestro caso, el foco de trabajo con el alumnado ha sido el <strong>cuidado del patrimonio<\/strong> y el valor de la diversidad europea. De ah\u00ed que nuestro lema sea <strong>&#8216;CUIDADAN\u00cdA GLOBAL&#8217;. <\/strong><\/div>\n<div dir=\"auto\" style=\"text-align: justify\">Mil gracias a todas las personas que nos han visitado para celebrar con nuestro alumnado este d\u00eda. Y mil gracias, tambi\u00e9n, a Eva Rubio, que ha sido nuestra gu\u00eda art\u00edstica para que este viaje, cargado de dificultades, haya llegado a buen puerto.&nbsp;<\/div>\n<div dir=\"auto\" style=\"text-align: justify\">Las familias que no hayan tenido la oportunidad de visitarnos hoy podr\u00e1n hacerlo a finales de diciembre cuando ampliemos nuestra exposici\u00f3n cultural incluyendo el patrimonio local, auton\u00f3mico y nacional.&nbsp;<\/div>\n<div dir=\"auto\">\u00a1Aqu\u00ed os esperamos!&nbsp;<\/div>\n<div dir=\"auto\">Si quer\u00e9is tener m\u00e1s informaci\u00f3n sobre <em>ErasmusDays,<\/em> os dejamos aqu\u00ed un enlace que puede ser de inter\u00e9s.&nbsp;<\/div>\n<div dir=\"auto\"><a href=\"https:\/\/www.hablamosdeeuropa.es\/es\/Paginas\/Noticias\/Erasmus-Days-2023.aspx\" target=\"_blank\" rel=\"noopener noreferrer\" data-saferedirecturl=\"https:\/\/www.google.com\/url?q=https:\/\/www.hablamosdeeuropa.es\/es\/Paginas\/Noticias\/Erasmus-Days-2023.aspx&amp;source=gmail&amp;ust=1697293720720000&amp;usg=AOvVaw3ceFUv5dLgqplG3ytVF_ZT\">https:\/\/www.hablamosdeeuropa.es\/es\/Paginas\/Noticias\/Erasmus-Days-2023.aspx<\/a><\/div>\n<div dir=\"auto\">&nbsp;<\/div>\n<div dir=\"auto\">\n\n\t\t<style>\n\t\t\t#gallery-1 {\n\t\t\t\tmargin: auto;\n\t\t\t}\n\t\t\t#gallery-1 .gallery-item {\n\t\t\t\tfloat: left;\n\t\t\t\tmargin-top: 10px;\n\t\t\t\ttext-align: center;\n\t\t\t\twidth: 33%;\n\t\t\t}\n\t\t\t#gallery-1 img {\n\t\t\t\tborder: 2px solid #cfcfcf;\n\t\t\t}\n\t\t\t#gallery-1 .gallery-caption {\n\t\t\t\tmargin-left: 0;\n\t\t\t}\n\t\t\t\/* see gallery_shortcode() in wp-includes\/media.php *\/\n\t\t<\/style>\n\t\t<div id='gallery-1' class='gallery galleryid-6171 gallery-columns-3 gallery-size-large'><dl class='gallery-item'>\n\t\t\t<dt class='gallery-icon landscape'>\n\t\t\t\t<a href='https:\/\/blogsaverroes.juntadeandalucia.es\/valderrubio\/files\/2023\/10\/IMG-20231002-WA0001.jpg'><img loading=\"lazy\" decoding=\"async\" width=\"1024\" height=\"722\" src=\"https:\/\/blogsaverroes.juntadeandalucia.es\/valderrubio\/files\/2023\/10\/IMG-20231002-WA0001-1024x722.jpg\" class=\"attachment-large size-large\" alt=\"\" srcset=\"https:\/\/blogsaverroes.juntadeandalucia.es\/valderrubio\/files\/2023\/10\/IMG-20231002-WA0001-1024x722.jpg 1024w, https:\/\/blogsaverroes.juntadeandalucia.es\/valderrubio\/files\/2023\/10\/IMG-20231002-WA0001-300x212.jpg 300w, https:\/\/blogsaverroes.juntadeandalucia.es\/valderrubio\/files\/2023\/10\/IMG-20231002-WA0001-768x542.jpg 768w, https:\/\/blogsaverroes.juntadeandalucia.es\/valderrubio\/files\/2023\/10\/IMG-20231002-WA0001.jpg 1337w\" sizes=\"(max-width: 1024px) 100vw, 1024px\" \/><\/a>\n\t\t\t<\/dt><\/dl><dl class='gallery-item'>\n\t\t\t<dt class='gallery-icon landscape'>\n\t\t\t\t<a href='https:\/\/blogsaverroes.juntadeandalucia.es\/valderrubio\/files\/2023\/10\/IMG-20231009-WA0019.jpg'><img loading=\"lazy\" decoding=\"async\" width=\"1024\" height=\"740\" src=\"https:\/\/blogsaverroes.juntadeandalucia.es\/valderrubio\/files\/2023\/10\/IMG-20231009-WA0019-1024x740.jpg\" class=\"attachment-large size-large\" alt=\"\" srcset=\"https:\/\/blogsaverroes.juntadeandalucia.es\/valderrubio\/files\/2023\/10\/IMG-20231009-WA0019-1024x740.jpg 1024w, https:\/\/blogsaverroes.juntadeandalucia.es\/valderrubio\/files\/2023\/10\/IMG-20231009-WA0019-300x217.jpg 300w, https:\/\/blogsaverroes.juntadeandalucia.es\/valderrubio\/files\/2023\/10\/IMG-20231009-WA0019-768x555.jpg 768w, https:\/\/blogsaverroes.juntadeandalucia.es\/valderrubio\/files\/2023\/10\/IMG-20231009-WA0019.jpg 1305w\" sizes=\"(max-width: 1024px) 100vw, 1024px\" \/><\/a>\n\t\t\t<\/dt><\/dl><dl class='gallery-item'>\n\t\t\t<dt class='gallery-icon landscape'>\n\t\t\t\t<a href='https:\/\/blogsaverroes.juntadeandalucia.es\/valderrubio\/files\/2023\/10\/IMG-20231009-WA0020.jpg'><img loading=\"lazy\" decoding=\"async\" width=\"1024\" height=\"728\" src=\"https:\/\/blogsaverroes.juntadeandalucia.es\/valderrubio\/files\/2023\/10\/IMG-20231009-WA0020-1024x728.jpg\" class=\"attachment-large size-large\" alt=\"\" srcset=\"https:\/\/blogsaverroes.juntadeandalucia.es\/valderrubio\/files\/2023\/10\/IMG-20231009-WA0020-1024x728.jpg 1024w, https:\/\/blogsaverroes.juntadeandalucia.es\/valderrubio\/files\/2023\/10\/IMG-20231009-WA0020-300x213.jpg 300w, https:\/\/blogsaverroes.juntadeandalucia.es\/valderrubio\/files\/2023\/10\/IMG-20231009-WA0020-768x546.jpg 768w, https:\/\/blogsaverroes.juntadeandalucia.es\/valderrubio\/files\/2023\/10\/IMG-20231009-WA0020.jpg 1326w\" sizes=\"(max-width: 1024px) 100vw, 1024px\" \/><\/a>\n\t\t\t<\/dt><\/dl><br style=\"clear: both\" \/><dl class='gallery-item'>\n\t\t\t<dt class='gallery-icon portrait'>\n\t\t\t\t<a href='https:\/\/blogsaverroes.juntadeandalucia.es\/valderrubio\/files\/2023\/10\/IMG_20231006_154544-1.jpg'><img loading=\"lazy\" decoding=\"async\" width=\"708\" height=\"943\" src=\"https:\/\/blogsaverroes.juntadeandalucia.es\/valderrubio\/files\/2023\/10\/IMG_20231006_154544-1.jpg\" class=\"attachment-large size-large\" alt=\"\" srcset=\"https:\/\/blogsaverroes.juntadeandalucia.es\/valderrubio\/files\/2023\/10\/IMG_20231006_154544-1.jpg 708w, https:\/\/blogsaverroes.juntadeandalucia.es\/valderrubio\/files\/2023\/10\/IMG_20231006_154544-1-225x300.jpg 225w\" sizes=\"(max-width: 708px) 100vw, 708px\" \/><\/a>\n\t\t\t<\/dt><\/dl><dl class='gallery-item'>\n\t\t\t<dt class='gallery-icon portrait'>\n\t\t\t\t<a href='https:\/\/blogsaverroes.juntadeandalucia.es\/valderrubio\/files\/2023\/10\/IMG_20231004_122304-1.jpg'><img loading=\"lazy\" decoding=\"async\" width=\"708\" height=\"943\" src=\"https:\/\/blogsaverroes.juntadeandalucia.es\/valderrubio\/files\/2023\/10\/IMG_20231004_122304-1.jpg\" class=\"attachment-large size-large\" alt=\"\" srcset=\"https:\/\/blogsaverroes.juntadeandalucia.es\/valderrubio\/files\/2023\/10\/IMG_20231004_122304-1.jpg 708w, https:\/\/blogsaverroes.juntadeandalucia.es\/valderrubio\/files\/2023\/10\/IMG_20231004_122304-1-225x300.jpg 225w\" sizes=\"(max-width: 708px) 100vw, 708px\" \/><\/a>\n\t\t\t<\/dt><\/dl><dl class='gallery-item'>\n\t\t\t<dt class='gallery-icon portrait'>\n\t\t\t\t<a href='https:\/\/blogsaverroes.juntadeandalucia.es\/valderrubio\/files\/2023\/10\/IMG_20231013_100757-scaled.jpg'><img loading=\"lazy\" decoding=\"async\" width=\"768\" height=\"1024\" src=\"https:\/\/blogsaverroes.juntadeandalucia.es\/valderrubio\/files\/2023\/10\/IMG_20231013_100757-768x1024.jpg\" class=\"attachment-large size-large\" alt=\"\" srcset=\"https:\/\/blogsaverroes.juntadeandalucia.es\/valderrubio\/files\/2023\/10\/IMG_20231013_100757-768x1024.jpg 768w, https:\/\/blogsaverroes.juntadeandalucia.es\/valderrubio\/files\/2023\/10\/IMG_20231013_100757-225x300.jpg 225w, https:\/\/blogsaverroes.juntadeandalucia.es\/valderrubio\/files\/2023\/10\/IMG_20231013_100757-1152x1536.jpg 1152w, https:\/\/blogsaverroes.juntadeandalucia.es\/valderrubio\/files\/2023\/10\/IMG_20231013_100757-1536x2048.jpg 1536w, https:\/\/blogsaverroes.juntadeandalucia.es\/valderrubio\/files\/2023\/10\/IMG_20231013_100757-scaled.jpg 1920w\" sizes=\"(max-width: 768px) 100vw, 768px\" \/><\/a>\n\t\t\t<\/dt><\/dl><br style=\"clear: both\" \/><dl class='gallery-item'>\n\t\t\t<dt class='gallery-icon portrait'>\n\t\t\t\t<a href='https:\/\/blogsaverroes.juntadeandalucia.es\/valderrubio\/files\/2023\/10\/IMG_20231013_100907.jpg'><img loading=\"lazy\" decoding=\"async\" width=\"708\" height=\"943\" src=\"https:\/\/blogsaverroes.juntadeandalucia.es\/valderrubio\/files\/2023\/10\/IMG_20231013_100907.jpg\" class=\"attachment-large size-large\" alt=\"\" srcset=\"https:\/\/blogsaverroes.juntadeandalucia.es\/valderrubio\/files\/2023\/10\/IMG_20231013_100907.jpg 708w, https:\/\/blogsaverroes.juntadeandalucia.es\/valderrubio\/files\/2023\/10\/IMG_20231013_100907-225x300.jpg 225w\" sizes=\"(max-width: 708px) 100vw, 708px\" \/><\/a>\n\t\t\t<\/dt><\/dl><dl class='gallery-item'>\n\t\t\t<dt class='gallery-icon portrait'>\n\t\t\t\t<a href='https:\/\/blogsaverroes.juntadeandalucia.es\/valderrubio\/files\/2023\/10\/IMG_20231013_101736-1.jpg'><img loading=\"lazy\" decoding=\"async\" width=\"708\" height=\"943\" src=\"https:\/\/blogsaverroes.juntadeandalucia.es\/valderrubio\/files\/2023\/10\/IMG_20231013_101736-1.jpg\" class=\"attachment-large size-large\" alt=\"\" srcset=\"https:\/\/blogsaverroes.juntadeandalucia.es\/valderrubio\/files\/2023\/10\/IMG_20231013_101736-1.jpg 708w, https:\/\/blogsaverroes.juntadeandalucia.es\/valderrubio\/files\/2023\/10\/IMG_20231013_101736-1-225x300.jpg 225w\" sizes=\"(max-width: 708px) 100vw, 708px\" \/><\/a>\n\t\t\t<\/dt><\/dl><dl class='gallery-item'>\n\t\t\t<dt class='gallery-icon portrait'>\n\t\t\t\t<a href='https:\/\/blogsaverroes.juntadeandalucia.es\/valderrubio\/files\/2023\/10\/IMG_20231013_104325.jpg'><img loading=\"lazy\" decoding=\"async\" width=\"708\" height=\"943\" src=\"https:\/\/blogsaverroes.juntadeandalucia.es\/valderrubio\/files\/2023\/10\/IMG_20231013_104325.jpg\" class=\"attachment-large size-large\" alt=\"\" srcset=\"https:\/\/blogsaverroes.juntadeandalucia.es\/valderrubio\/files\/2023\/10\/IMG_20231013_104325.jpg 708w, https:\/\/blogsaverroes.juntadeandalucia.es\/valderrubio\/files\/2023\/10\/IMG_20231013_104325-225x300.jpg 225w\" sizes=\"(max-width: 708px) 100vw, 708px\" \/><\/a>\n\t\t\t<\/dt><\/dl><br style=\"clear: both\" \/><dl class='gallery-item'>\n\t\t\t<dt class='gallery-icon portrait'>\n\t\t\t\t<a href='https:\/\/blogsaverroes.juntadeandalucia.es\/valderrubio\/files\/2023\/10\/IMG_20231013_105435-scaled.jpg'><img loading=\"lazy\" decoding=\"async\" width=\"768\" height=\"1024\" src=\"https:\/\/blogsaverroes.juntadeandalucia.es\/valderrubio\/files\/2023\/10\/IMG_20231013_105435-768x1024.jpg\" class=\"attachment-large size-large\" alt=\"\" srcset=\"https:\/\/blogsaverroes.juntadeandalucia.es\/valderrubio\/files\/2023\/10\/IMG_20231013_105435-768x1024.jpg 768w, https:\/\/blogsaverroes.juntadeandalucia.es\/valderrubio\/files\/2023\/10\/IMG_20231013_105435-225x300.jpg 225w, https:\/\/blogsaverroes.juntadeandalucia.es\/valderrubio\/files\/2023\/10\/IMG_20231013_105435-1152x1536.jpg 1152w, https:\/\/blogsaverroes.juntadeandalucia.es\/valderrubio\/files\/2023\/10\/IMG_20231013_105435-1536x2048.jpg 1536w, https:\/\/blogsaverroes.juntadeandalucia.es\/valderrubio\/files\/2023\/10\/IMG_20231013_105435-scaled.jpg 1920w\" sizes=\"(max-width: 768px) 100vw, 768px\" \/><\/a>\n\t\t\t<\/dt><\/dl><dl class='gallery-item'>\n\t\t\t<dt class='gallery-icon portrait'>\n\t\t\t\t<a href='https:\/\/blogsaverroes.juntadeandalucia.es\/valderrubio\/files\/2023\/10\/IMG_20231013_132341_2-scaled.jpg'><img loading=\"lazy\" decoding=\"async\" width=\"768\" height=\"1024\" src=\"https:\/\/blogsaverroes.juntadeandalucia.es\/valderrubio\/files\/2023\/10\/IMG_20231013_132341_2-768x1024.jpg\" class=\"attachment-large size-large\" alt=\"\" srcset=\"https:\/\/blogsaverroes.juntadeandalucia.es\/valderrubio\/files\/2023\/10\/IMG_20231013_132341_2-768x1024.jpg 768w, https:\/\/blogsaverroes.juntadeandalucia.es\/valderrubio\/files\/2023\/10\/IMG_20231013_132341_2-225x300.jpg 225w, https:\/\/blogsaverroes.juntadeandalucia.es\/valderrubio\/files\/2023\/10\/IMG_20231013_132341_2-1152x1536.jpg 1152w, https:\/\/blogsaverroes.juntadeandalucia.es\/valderrubio\/files\/2023\/10\/IMG_20231013_132341_2-1536x2048.jpg 1536w, https:\/\/blogsaverroes.juntadeandalucia.es\/valderrubio\/files\/2023\/10\/IMG_20231013_132341_2-scaled.jpg 1920w\" sizes=\"(max-width: 768px) 100vw, 768px\" \/><\/a>\n\t\t\t<\/dt><\/dl><dl class='gallery-item'>\n\t\t\t<dt class='gallery-icon portrait'>\n\t\t\t\t<a href='https:\/\/blogsaverroes.juntadeandalucia.es\/valderrubio\/files\/2023\/10\/IMG_20231013_202802.jpg'><img loading=\"lazy\" decoding=\"async\" width=\"768\" height=\"1024\" src=\"https:\/\/blogsaverroes.juntadeandalucia.es\/valderrubio\/files\/2023\/10\/IMG_20231013_202802.jpg\" class=\"attachment-large size-large\" alt=\"\" srcset=\"https:\/\/blogsaverroes.juntadeandalucia.es\/valderrubio\/files\/2023\/10\/IMG_20231013_202802.jpg 768w, https:\/\/blogsaverroes.juntadeandalucia.es\/valderrubio\/files\/2023\/10\/IMG_20231013_202802-225x300.jpg 225w\" sizes=\"(max-width: 768px) 100vw, 768px\" \/><\/a>\n\t\t\t<\/dt><\/dl><br style=\"clear: both\" \/><dl class='gallery-item'>\n\t\t\t<dt class='gallery-icon landscape'>\n\t\t\t\t<a href='https:\/\/blogsaverroes.juntadeandalucia.es\/valderrubio\/files\/2023\/10\/IMG_20231013_101258-1.jpg'><img loading=\"lazy\" decoding=\"async\" width=\"1024\" height=\"768\" src=\"https:\/\/blogsaverroes.juntadeandalucia.es\/valderrubio\/files\/2023\/10\/IMG_20231013_101258-1-1024x768.jpg\" class=\"attachment-large size-large\" alt=\"\" srcset=\"https:\/\/blogsaverroes.juntadeandalucia.es\/valderrubio\/files\/2023\/10\/IMG_20231013_101258-1-1024x768.jpg 1024w, https:\/\/blogsaverroes.juntadeandalucia.es\/valderrubio\/files\/2023\/10\/IMG_20231013_101258-1-300x225.jpg 300w, https:\/\/blogsaverroes.juntadeandalucia.es\/valderrubio\/files\/2023\/10\/IMG_20231013_101258-1-768x576.jpg 768w, https:\/\/blogsaverroes.juntadeandalucia.es\/valderrubio\/files\/2023\/10\/IMG_20231013_101258-1.jpg 1257w\" sizes=\"(max-width: 1024px) 100vw, 1024px\" \/><\/a>\n\t\t\t<\/dt><\/dl><dl class='gallery-item'>\n\t\t\t<dt class='gallery-icon landscape'>\n\t\t\t\t<a href='https:\/\/blogsaverroes.juntadeandalucia.es\/valderrubio\/files\/2023\/10\/IMG_20231006_105203.jpg'><img loading=\"lazy\" decoding=\"async\" width=\"1024\" height=\"768\" src=\"https:\/\/blogsaverroes.juntadeandalucia.es\/valderrubio\/files\/2023\/10\/IMG_20231006_105203-1024x768.jpg\" class=\"attachment-large size-large\" alt=\"\" srcset=\"https:\/\/blogsaverroes.juntadeandalucia.es\/valderrubio\/files\/2023\/10\/IMG_20231006_105203-1024x768.jpg 1024w, https:\/\/blogsaverroes.juntadeandalucia.es\/valderrubio\/files\/2023\/10\/IMG_20231006_105203-300x225.jpg 300w, https:\/\/blogsaverroes.juntadeandalucia.es\/valderrubio\/files\/2023\/10\/IMG_20231006_105203-768x576.jpg 768w, https:\/\/blogsaverroes.juntadeandalucia.es\/valderrubio\/files\/2023\/10\/IMG_20231006_105203.jpg 1257w\" sizes=\"(max-width: 1024px) 100vw, 1024px\" \/><\/a>\n\t\t\t<\/dt><\/dl><dl class='gallery-item'>\n\t\t\t<dt class='gallery-icon landscape'>\n\t\t\t\t<a href='https:\/\/blogsaverroes.juntadeandalucia.es\/valderrubio\/files\/2023\/10\/IMG_20231013_171205.jpg'><img loading=\"lazy\" decoding=\"async\" width=\"968\" height=\"755\" src=\"https:\/\/blogsaverroes.juntadeandalucia.es\/valderrubio\/files\/2023\/10\/IMG_20231013_171205.jpg\" class=\"attachment-large size-large\" alt=\"\" srcset=\"https:\/\/blogsaverroes.juntadeandalucia.es\/valderrubio\/files\/2023\/10\/IMG_20231013_171205.jpg 968w, https:\/\/blogsaverroes.juntadeandalucia.es\/valderrubio\/files\/2023\/10\/IMG_20231013_171205-300x234.jpg 300w, https:\/\/blogsaverroes.juntadeandalucia.es\/valderrubio\/files\/2023\/10\/IMG_20231013_171205-768x599.jpg 768w\" sizes=\"(max-width: 968px) 100vw, 968px\" \/><\/a>\n\t\t\t<\/dt><\/dl><br style=\"clear: both\" \/><dl class='gallery-item'>\n\t\t\t<dt class='gallery-icon landscape'>\n\t\t\t\t<a href='https:\/\/blogsaverroes.juntadeandalucia.es\/valderrubio\/files\/2023\/10\/IMG_20231013_101445-scaled.jpg'><img loading=\"lazy\" decoding=\"async\" width=\"1024\" height=\"768\" src=\"https:\/\/blogsaverroes.juntadeandalucia.es\/valderrubio\/files\/2023\/10\/IMG_20231013_101445-1024x768.jpg\" class=\"attachment-large size-large\" alt=\"\" srcset=\"https:\/\/blogsaverroes.juntadeandalucia.es\/valderrubio\/files\/2023\/10\/IMG_20231013_101445-1024x768.jpg 1024w, https:\/\/blogsaverroes.juntadeandalucia.es\/valderrubio\/files\/2023\/10\/IMG_20231013_101445-300x225.jpg 300w, https:\/\/blogsaverroes.juntadeandalucia.es\/valderrubio\/files\/2023\/10\/IMG_20231013_101445-768x576.jpg 768w, https:\/\/blogsaverroes.juntadeandalucia.es\/valderrubio\/files\/2023\/10\/IMG_20231013_101445-1536x1152.jpg 1536w, https:\/\/blogsaverroes.juntadeandalucia.es\/valderrubio\/files\/2023\/10\/IMG_20231013_101445-2048x1536.jpg 2048w\" sizes=\"(max-width: 1024px) 100vw, 1024px\" \/><\/a>\n\t\t\t<\/dt><\/dl><dl class='gallery-item'>\n\t\t\t<dt class='gallery-icon landscape'>\n\t\t\t\t<a href='https:\/\/blogsaverroes.juntadeandalucia.es\/valderrubio\/files\/2023\/10\/IMG-20231013-WA0037.jpg'><img loading=\"lazy\" decoding=\"async\" width=\"1024\" height=\"768\" src=\"https:\/\/blogsaverroes.juntadeandalucia.es\/valderrubio\/files\/2023\/10\/IMG-20231013-WA0037.jpg\" class=\"attachment-large size-large\" alt=\"\" srcset=\"https:\/\/blogsaverroes.juntadeandalucia.es\/valderrubio\/files\/2023\/10\/IMG-20231013-WA0037.jpg 1024w, https:\/\/blogsaverroes.juntadeandalucia.es\/valderrubio\/files\/2023\/10\/IMG-20231013-WA0037-300x225.jpg 300w, https:\/\/blogsaverroes.juntadeandalucia.es\/valderrubio\/files\/2023\/10\/IMG-20231013-WA0037-768x576.jpg 768w\" sizes=\"(max-width: 1024px) 100vw, 1024px\" \/><\/a>\n\t\t\t<\/dt><\/dl><dl class='gallery-item'>\n\t\t\t<dt class='gallery-icon landscape'>\n\t\t\t\t<a href='https:\/\/blogsaverroes.juntadeandalucia.es\/valderrubio\/files\/2023\/10\/IMG-20231013-WA0041.jpg'><img loading=\"lazy\" decoding=\"async\" width=\"1024\" height=\"768\" src=\"https:\/\/blogsaverroes.juntadeandalucia.es\/valderrubio\/files\/2023\/10\/IMG-20231013-WA0041.jpg\" class=\"attachment-large size-large\" alt=\"\" srcset=\"https:\/\/blogsaverroes.juntadeandalucia.es\/valderrubio\/files\/2023\/10\/IMG-20231013-WA0041.jpg 1024w, https:\/\/blogsaverroes.juntadeandalucia.es\/valderrubio\/files\/2023\/10\/IMG-20231013-WA0041-300x225.jpg 300w, https:\/\/blogsaverroes.juntadeandalucia.es\/valderrubio\/files\/2023\/10\/IMG-20231013-WA0041-768x576.jpg 768w\" sizes=\"(max-width: 1024px) 100vw, 1024px\" \/><\/a>\n\t\t\t<\/dt><\/dl><br style=\"clear: both\" \/>\n\t\t<\/div>\n\n<\/div>\n<div dir=\"auto\">&nbsp;<\/div>\n","protected":false},"excerpt":{"rendered":"<p>Hoy, con motivo de la celebraci\u00f3n internacional #ErasmusDay nuestro centro ha compartido con la comunidad un recorrido de producciones art\u00edsticas dirigidas a poner en valor el incre\u00edble patrimonio cultural con el que contamos en&#46;&#46;&#46;<\/p>\n","protected":false},"author":5048,"featured_media":6180,"comment_status":"open","ping_status":"open","sticky":false,"template":"","format":"standard","meta":{"_exactmetrics_skip_tracking":false,"_exactmetrics_sitenote_active":false,"_exactmetrics_sitenote_note":"","_exactmetrics_sitenote_category":0,"ngg_post_thumbnail":0,"footnotes":""},"categories":[618,616],"tags":[],"aioseo_notices":[],"_links":{"self":[{"href":"https:\/\/blogsaverroes.juntadeandalucia.es\/valderrubio\/wp-json\/wp\/v2\/posts\/6171"}],"collection":[{"href":"https:\/\/blogsaverroes.juntadeandalucia.es\/valderrubio\/wp-json\/wp\/v2\/posts"}],"about":[{"href":"https:\/\/blogsaverroes.juntadeandalucia.es\/valderrubio\/wp-json\/wp\/v2\/types\/post"}],"author":[{"embeddable":true,"href":"https:\/\/blogsaverroes.juntadeandalucia.es\/valderrubio\/wp-json\/wp\/v2\/users\/5048"}],"replies":[{"embeddable":true,"href":"https:\/\/blogsaverroes.juntadeandalucia.es\/valderrubio\/wp-json\/wp\/v2\/comments?post=6171"}],"version-history":[{"count":6,"href":"https:\/\/blogsaverroes.juntadeandalucia.es\/valderrubio\/wp-json\/wp\/v2\/posts\/6171\/revisions"}],"predecessor-version":[{"id":6190,"href":"https:\/\/blogsaverroes.juntadeandalucia.es\/valderrubio\/wp-json\/wp\/v2\/posts\/6171\/revisions\/6190"}],"wp:featuredmedia":[{"embeddable":true,"href":"https:\/\/blogsaverroes.juntadeandalucia.es\/valderrubio\/wp-json\/wp\/v2\/media\/6180"}],"wp:attachment":[{"href":"https:\/\/blogsaverroes.juntadeandalucia.es\/valderrubio\/wp-json\/wp\/v2\/media?parent=6171"}],"wp:term":[{"taxonomy":"category","embeddable":true,"href":"https:\/\/blogsaverroes.juntadeandalucia.es\/valderrubio\/wp-json\/wp\/v2\/categories?post=6171"},{"taxonomy":"post_tag","embeddable":true,"href":"https:\/\/blogsaverroes.juntadeandalucia.es\/valderrubio\/wp-json\/wp\/v2\/tags?post=6171"}],"curies":[{"name":"wp","href":"https:\/\/api.w.org\/{rel}","templated":true}]}}