{"id":6480,"date":"2024-03-08T09:40:35","date_gmt":"2024-03-08T08:40:35","guid":{"rendered":"https:\/\/blogsaverroes.juntadeandalucia.es\/valderrubio\/?p=6480"},"modified":"2024-06-05T21:58:37","modified_gmt":"2024-06-05T19:58:37","slug":"8-de-marzo-dia-de-la-mujer","status":"publish","type":"post","link":"https:\/\/blogsaverroes.juntadeandalucia.es\/valderrubio\/8-de-marzo-dia-de-la-mujer\/","title":{"rendered":"8 de marzo d\u00eda de la mujer"},"content":{"rendered":"<p><span style=\"font-weight: 400\">En colaboraci\u00f3n con el ayuntamiento se realiz\u00f3 una gymkana. La ESO Y tercer ciclo la realizaron por el municipio y el resto en el patio del centro. Los equipos estaban formados por el alumnado de diferentes clases, miembros de FAKALI (asociaci\u00f3n de mujeres gitanas) y usuarios de Frida Luna (asociaci\u00f3n de personas con discapacidad). La gymkana consisti\u00f3 en ir buscando diferentes puntos en un mapa, en cada punto encontraron una pieza de puzzle con el que debieron formar un puzzle m\u00e1s grande con la imagen de una mujer que ha hecho historia. Al final de la actividad se juntaron todos los puzzles para crear un gran mural. Adem\u00e1s se proclam\u00f3 un manifiesto en colaboraci\u00f3n con el ayuntamiento. Os dejamos algunas fotos de ese d\u00eda.<\/span><\/p>\n<p><img loading=\"lazy\" decoding=\"async\" class=\"alignnone size-full wp-image-6481\" src=\"https:\/\/blogsaverroes.juntadeandalucia.es\/valderrubio\/files\/2024\/05\/igualdad-3.jpg\" alt=\"\" width=\"604\" height=\"642\" srcset=\"https:\/\/blogsaverroes.juntadeandalucia.es\/valderrubio\/files\/2024\/05\/igualdad-3.jpg 604w, https:\/\/blogsaverroes.juntadeandalucia.es\/valderrubio\/files\/2024\/05\/igualdad-3-282x300.jpg 282w\" sizes=\"(max-width: 604px) 100vw, 604px\" \/><\/p>\n","protected":false},"excerpt":{"rendered":"<p>En colaboraci\u00f3n con el ayuntamiento se realiz\u00f3 una gymkana. La ESO Y tercer ciclo la realizaron por el municipio y el resto en el patio del centro. Los equipos estaban formados por el alumnado&#46;&#46;&#46;<\/p>\n","protected":false},"author":19102,"featured_media":6505,"comment_status":"open","ping_status":"open","sticky":false,"template":"","format":"standard","meta":{"_exactmetrics_skip_tracking":false,"_exactmetrics_sitenote_active":false,"_exactmetrics_sitenote_note":"","_exactmetrics_sitenote_category":0,"ngg_post_thumbnail":0,"footnotes":""},"categories":[618],"tags":[],"aioseo_notices":[],"_links":{"self":[{"href":"https:\/\/blogsaverroes.juntadeandalucia.es\/valderrubio\/wp-json\/wp\/v2\/posts\/6480"}],"collection":[{"href":"https:\/\/blogsaverroes.juntadeandalucia.es\/valderrubio\/wp-json\/wp\/v2\/posts"}],"about":[{"href":"https:\/\/blogsaverroes.juntadeandalucia.es\/valderrubio\/wp-json\/wp\/v2\/types\/post"}],"author":[{"embeddable":true,"href":"https:\/\/blogsaverroes.juntadeandalucia.es\/valderrubio\/wp-json\/wp\/v2\/users\/19102"}],"replies":[{"embeddable":true,"href":"https:\/\/blogsaverroes.juntadeandalucia.es\/valderrubio\/wp-json\/wp\/v2\/comments?post=6480"}],"version-history":[{"count":2,"href":"https:\/\/blogsaverroes.juntadeandalucia.es\/valderrubio\/wp-json\/wp\/v2\/posts\/6480\/revisions"}],"predecessor-version":[{"id":6506,"href":"https:\/\/blogsaverroes.juntadeandalucia.es\/valderrubio\/wp-json\/wp\/v2\/posts\/6480\/revisions\/6506"}],"wp:featuredmedia":[{"embeddable":true,"href":"https:\/\/blogsaverroes.juntadeandalucia.es\/valderrubio\/wp-json\/wp\/v2\/media\/6505"}],"wp:attachment":[{"href":"https:\/\/blogsaverroes.juntadeandalucia.es\/valderrubio\/wp-json\/wp\/v2\/media?parent=6480"}],"wp:term":[{"taxonomy":"category","embeddable":true,"href":"https:\/\/blogsaverroes.juntadeandalucia.es\/valderrubio\/wp-json\/wp\/v2\/categories?post=6480"},{"taxonomy":"post_tag","embeddable":true,"href":"https:\/\/blogsaverroes.juntadeandalucia.es\/valderrubio\/wp-json\/wp\/v2\/tags?post=6480"}],"curies":[{"name":"wp","href":"https:\/\/api.w.org\/{rel}","templated":true}]}}