{"id":765,"date":"2020-03-12T10:20:57","date_gmt":"2020-03-12T09:20:57","guid":{"rendered":"https:\/\/blogsaverroes.juntadeandalucia.es\/valderrubio\/?p=765"},"modified":"2020-03-15T22:31:32","modified_gmt":"2020-03-15T21:31:32","slug":"religion-4","status":"publish","type":"post","link":"https:\/\/blogsaverroes.juntadeandalucia.es\/valderrubio\/religion-4\/","title":{"rendered":"RELIGI\u00d3N"},"content":{"rendered":"<p>4\u00baEP.&nbsp; Semana del 16 al 20 de Marzo.<\/p>\n<p>&nbsp;<\/p>\n<p><a href=\"https:\/\/www.youtube.com\/watch?v=U87WaJW9znY\">https:\/\/www.youtube.com\/watch?v=U87WaJW9znY<\/a><\/p>\n<p>Visualiza el v\u00eddeo y responde las siguientes preguntas.<\/p>\n<ol>\n<li>\u00bfQu\u00e9 hecho de la vida de Mart\u00edn que aparece en el v\u00eddeo te llama m\u00e1s la atenci\u00f3n? \u00bf Por qu\u00e9?.<\/li>\n<li>\u00bfQue hizo Mart\u00edn por su gran fe?<\/li>\n<li>\u00bfQu\u00e9 puedes hacer para seguir el ejemplo de Mart\u00edn?<\/li>\n<li>\u00bfEn qu\u00e9 crees que se parece San Mart\u00edn a Jes\u00fas?<\/li>\n<\/ol>\n","protected":false},"excerpt":{"rendered":"<p>4\u00baEP.&nbsp; Semana del 16 al 20 de Marzo. &nbsp; https:\/\/www.youtube.com\/watch?v=U87WaJW9znY Visualiza el v\u00eddeo y responde las siguientes preguntas. \u00bfQu\u00e9 hecho de la vida de Mart\u00edn que aparece en el v\u00eddeo te llama m\u00e1s la&#46;&#46;&#46;<\/p>\n","protected":false},"author":8780,"featured_media":776,"comment_status":"open","ping_status":"open","sticky":false,"template":"","format":"standard","meta":{"_exactmetrics_skip_tracking":false,"_exactmetrics_sitenote_active":false,"_exactmetrics_sitenote_note":"","_exactmetrics_sitenote_category":0,"ngg_post_thumbnail":0,"footnotes":""},"categories":[34,46],"tags":[],"aioseo_notices":[],"_links":{"self":[{"href":"https:\/\/blogsaverroes.juntadeandalucia.es\/valderrubio\/wp-json\/wp\/v2\/posts\/765"}],"collection":[{"href":"https:\/\/blogsaverroes.juntadeandalucia.es\/valderrubio\/wp-json\/wp\/v2\/posts"}],"about":[{"href":"https:\/\/blogsaverroes.juntadeandalucia.es\/valderrubio\/wp-json\/wp\/v2\/types\/post"}],"author":[{"embeddable":true,"href":"https:\/\/blogsaverroes.juntadeandalucia.es\/valderrubio\/wp-json\/wp\/v2\/users\/8780"}],"replies":[{"embeddable":true,"href":"https:\/\/blogsaverroes.juntadeandalucia.es\/valderrubio\/wp-json\/wp\/v2\/comments?post=765"}],"version-history":[{"count":2,"href":"https:\/\/blogsaverroes.juntadeandalucia.es\/valderrubio\/wp-json\/wp\/v2\/posts\/765\/revisions"}],"predecessor-version":[{"id":777,"href":"https:\/\/blogsaverroes.juntadeandalucia.es\/valderrubio\/wp-json\/wp\/v2\/posts\/765\/revisions\/777"}],"wp:featuredmedia":[{"embeddable":true,"href":"https:\/\/blogsaverroes.juntadeandalucia.es\/valderrubio\/wp-json\/wp\/v2\/media\/776"}],"wp:attachment":[{"href":"https:\/\/blogsaverroes.juntadeandalucia.es\/valderrubio\/wp-json\/wp\/v2\/media?parent=765"}],"wp:term":[{"taxonomy":"category","embeddable":true,"href":"https:\/\/blogsaverroes.juntadeandalucia.es\/valderrubio\/wp-json\/wp\/v2\/categories?post=765"},{"taxonomy":"post_tag","embeddable":true,"href":"https:\/\/blogsaverroes.juntadeandalucia.es\/valderrubio\/wp-json\/wp\/v2\/tags?post=765"}],"curies":[{"name":"wp","href":"https:\/\/api.w.org\/{rel}","templated":true}]}}