{"id":26,"date":"2022-01-26T12:58:41","date_gmt":"2022-01-26T12:58:41","guid":{"rendered":"https:\/\/blogsaverroes.juntadeandalucia.es\/vaneenprimaria\/?p=26"},"modified":"2022-01-26T12:58:41","modified_gmt":"2022-01-26T12:58:41","slug":"dia-de-la-paz","status":"publish","type":"post","link":"https:\/\/blogsaverroes.juntadeandalucia.es\/vaneenprimaria\/dia-de-la-paz\/","title":{"rendered":"D\u00eda de la Paz"},"content":{"rendered":"<p style=\"text-align: center\">Para celebrar el d\u00eda de la Paz en la escuela, los alumnos y alumnas de 6\u00ba de primaria van a realizar un trabajo biogr\u00e1fico sobre Martin Luther King, nos acercaremos a la vida de este pacifista que tanto luch\u00f3 por la igualdad y conoceremos el contexto hist\u00f3rico en el que vivi\u00f3.<\/p>\n<p><img loading=\"lazy\" decoding=\"async\" class=\"size-full wp-image-27 aligncenter\" src=\"https:\/\/blogsaverroes.juntadeandalucia.es\/vaneenprimaria\/files\/2022\/01\/martin-luther-king-blog.jpg\" alt=\"\" width=\"299\" height=\"169\"><\/p>\n<p style=\"text-align: center\">Presiento que \u00e9sta ser\u00e1 una bonita tarea&#8230;<\/p>\n","protected":false},"excerpt":{"rendered":"<p>Para celebrar el d\u00eda de la Paz en la escuela, los alumnos y alumnas de 6\u00ba de primaria van a realizar un trabajo biogr\u00e1fico sobre Martin Luther King, nos acercaremos a la vida de este pacifista que tanto luch\u00f3 por la igualdad y conoceremos el contexto hist\u00f3rico en el que vivi\u00f3. Presiento que \u00e9sta ser\u00e1 &hellip; <\/p>\n<p class=\"link-more\"><a href=\"https:\/\/blogsaverroes.juntadeandalucia.es\/vaneenprimaria\/dia-de-la-paz\/\" class=\"more-link\">Continuar leyendo<span class=\"screen-reader-text\"> \u00abD\u00eda de la Paz\u00bb<\/span><\/a><\/p>\n","protected":false},"author":14420,"featured_media":0,"comment_status":"open","ping_status":"open","sticky":false,"template":"","format":"standard","meta":{"ngg_post_thumbnail":0,"footnotes":""},"categories":[4],"tags":[5],"aioseo_notices":[],"_links":{"self":[{"href":"https:\/\/blogsaverroes.juntadeandalucia.es\/vaneenprimaria\/wp-json\/wp\/v2\/posts\/26"}],"collection":[{"href":"https:\/\/blogsaverroes.juntadeandalucia.es\/vaneenprimaria\/wp-json\/wp\/v2\/posts"}],"about":[{"href":"https:\/\/blogsaverroes.juntadeandalucia.es\/vaneenprimaria\/wp-json\/wp\/v2\/types\/post"}],"author":[{"embeddable":true,"href":"https:\/\/blogsaverroes.juntadeandalucia.es\/vaneenprimaria\/wp-json\/wp\/v2\/users\/14420"}],"replies":[{"embeddable":true,"href":"https:\/\/blogsaverroes.juntadeandalucia.es\/vaneenprimaria\/wp-json\/wp\/v2\/comments?post=26"}],"version-history":[{"count":1,"href":"https:\/\/blogsaverroes.juntadeandalucia.es\/vaneenprimaria\/wp-json\/wp\/v2\/posts\/26\/revisions"}],"predecessor-version":[{"id":28,"href":"https:\/\/blogsaverroes.juntadeandalucia.es\/vaneenprimaria\/wp-json\/wp\/v2\/posts\/26\/revisions\/28"}],"wp:attachment":[{"href":"https:\/\/blogsaverroes.juntadeandalucia.es\/vaneenprimaria\/wp-json\/wp\/v2\/media?parent=26"}],"wp:term":[{"taxonomy":"category","embeddable":true,"href":"https:\/\/blogsaverroes.juntadeandalucia.es\/vaneenprimaria\/wp-json\/wp\/v2\/categories?post=26"},{"taxonomy":"post_tag","embeddable":true,"href":"https:\/\/blogsaverroes.juntadeandalucia.es\/vaneenprimaria\/wp-json\/wp\/v2\/tags?post=26"}],"curies":[{"name":"wp","href":"https:\/\/api.w.org\/{rel}","templated":true}]}}