{"id":29,"date":"2020-01-13T12:20:19","date_gmt":"2020-01-13T11:20:19","guid":{"rendered":"https:\/\/blogsaverroes.juntadeandalucia.es\/vaporcito\/?p=29"},"modified":"2020-01-13T12:23:08","modified_gmt":"2020-01-13T11:23:08","slug":"empieza-nuestra-aventura","status":"publish","type":"post","link":"https:\/\/blogsaverroes.juntadeandalucia.es\/vaporcito\/2020\/01\/13\/empieza-nuestra-aventura\/","title":{"rendered":"Empieza nuestra aventura"},"content":{"rendered":"<p><img loading=\"lazy\" decoding=\"async\" class=\"alignnone size-medium wp-image-18\" src=\"https:\/\/blogsaverroes.juntadeandalucia.es\/vaporcito\/files\/2019\/12\/Banner-tres-logos-300x37.jpg\" alt=\"\" width=\"300\" height=\"37\" srcset=\"https:\/\/blogsaverroes.juntadeandalucia.es\/vaporcito\/files\/2019\/12\/Banner-tres-logos-300x37.jpg 300w, https:\/\/blogsaverroes.juntadeandalucia.es\/vaporcito\/files\/2019\/12\/Banner-tres-logos-768x96.jpg 768w, https:\/\/blogsaverroes.juntadeandalucia.es\/vaporcito\/files\/2019\/12\/Banner-tres-logos-1024x128.jpg 1024w, https:\/\/blogsaverroes.juntadeandalucia.es\/vaporcito\/files\/2019\/12\/Banner-tres-logos-24x3.jpg 24w, https:\/\/blogsaverroes.juntadeandalucia.es\/vaporcito\/files\/2019\/12\/Banner-tres-logos-36x4.jpg 36w, https:\/\/blogsaverroes.juntadeandalucia.es\/vaporcito\/files\/2019\/12\/Banner-tres-logos-48x6.jpg 48w, https:\/\/blogsaverroes.juntadeandalucia.es\/vaporcito\/files\/2019\/12\/Banner-tres-logos.jpg 1177w\" sizes=\"(max-width: 300px) 100vw, 300px\" \/><\/p>\n<p>C\u00f3mo ya os contamos nuestro centro va a desarrollar este curso una serie de actividades enfocadas para la prevenci\u00f3n de la violencia de g\u00e9nero a trav\u00e9s de la educaci\u00f3n emocional.<\/p>\n<p>Consideramos que el centro escolar es un lugar id\u00f3neo para llevar a cabo este trabajo, indudablemente si trabajamos en la educaci\u00f3n emocional estamos educando a nuestro alumnado en unas relaciones de igualdad, respeto, tolerancia y empat\u00eda que a la larga promueven la disminuci\u00f3n de los comportamientos violentos.<\/p>\n<p>Educar en las emociones significa empatizar con los dem\u00e1s, saber identificar c\u00f3mo te sientes y c\u00f3mo se sienten los dem\u00e1s; esto conlleva poner l\u00edmites, ense\u00f1ando formas aceptables de expresi\u00f3n y de relaci\u00f3n con los dem\u00e1s, quererse y aceptarse a uno mismo, respetar a los dem\u00e1s y buscar estrategias para resolver problemas.<\/p>\n<table style=\"height: 52px\" width=\"803\">\n<tbody>\n<tr>\n<td style=\"width: 793px\"><strong><span style=\"color: #3366ff\">Nada m\u00e1s y nada menos, esto es lo que nos proponemos iniciar este a\u00f1o y lo que desde aqu\u00ed os vamos a ir contando<\/span><\/strong><\/td>\n<\/tr>\n<\/tbody>\n<\/table>\n","protected":false},"excerpt":{"rendered":"<p>C\u00f3mo ya os contamos nuestro centro va a desarrollar este curso una serie de actividades enfocadas para la prevenci\u00f3n de la violencia de g\u00e9nero a trav\u00e9s de la educaci\u00f3n emocional. Consideramos que el centro&#46;&#46;&#46;<\/p>\n","protected":false},"author":8177,"featured_media":0,"comment_status":"open","ping_status":"open","sticky":false,"template":"","format":"standard","meta":{"ngg_post_thumbnail":0,"footnotes":""},"categories":[11909],"tags":[],"aioseo_notices":[],"_links":{"self":[{"href":"https:\/\/blogsaverroes.juntadeandalucia.es\/vaporcito\/wp-json\/wp\/v2\/posts\/29"}],"collection":[{"href":"https:\/\/blogsaverroes.juntadeandalucia.es\/vaporcito\/wp-json\/wp\/v2\/posts"}],"about":[{"href":"https:\/\/blogsaverroes.juntadeandalucia.es\/vaporcito\/wp-json\/wp\/v2\/types\/post"}],"author":[{"embeddable":true,"href":"https:\/\/blogsaverroes.juntadeandalucia.es\/vaporcito\/wp-json\/wp\/v2\/users\/8177"}],"replies":[{"embeddable":true,"href":"https:\/\/blogsaverroes.juntadeandalucia.es\/vaporcito\/wp-json\/wp\/v2\/comments?post=29"}],"version-history":[{"count":3,"href":"https:\/\/blogsaverroes.juntadeandalucia.es\/vaporcito\/wp-json\/wp\/v2\/posts\/29\/revisions"}],"predecessor-version":[{"id":32,"href":"https:\/\/blogsaverroes.juntadeandalucia.es\/vaporcito\/wp-json\/wp\/v2\/posts\/29\/revisions\/32"}],"wp:attachment":[{"href":"https:\/\/blogsaverroes.juntadeandalucia.es\/vaporcito\/wp-json\/wp\/v2\/media?parent=29"}],"wp:term":[{"taxonomy":"category","embeddable":true,"href":"https:\/\/blogsaverroes.juntadeandalucia.es\/vaporcito\/wp-json\/wp\/v2\/categories?post=29"},{"taxonomy":"post_tag","embeddable":true,"href":"https:\/\/blogsaverroes.juntadeandalucia.es\/vaporcito\/wp-json\/wp\/v2\/tags?post=29"}],"curies":[{"name":"wp","href":"https:\/\/api.w.org\/{rel}","templated":true}]}}