{"id":410,"date":"2021-05-25T13:11:35","date_gmt":"2021-05-25T11:11:35","guid":{"rendered":"https:\/\/blogsaverroes.juntadeandalucia.es\/vaporcito\/?p=410"},"modified":"2021-05-25T13:16:11","modified_gmt":"2021-05-25T11:16:11","slug":"cuentos-para-antes-de-despertar-los-colores","status":"publish","type":"post","link":"https:\/\/blogsaverroes.juntadeandalucia.es\/vaporcito\/2021\/05\/25\/cuentos-para-antes-de-despertar-los-colores\/","title":{"rendered":"Cuentos para antes de despertar, los colores"},"content":{"rendered":"<p>Cuento para trabajar el d\u00eda contra la violencia de g\u00e9nero en los centros educativos<\/p>\n<p><img loading=\"lazy\" decoding=\"async\" class=\"wp-image-396 aligncenter\" src=\"https:\/\/blogsaverroes.juntadeandalucia.es\/vaporcito\/files\/2021\/05\/logopactoestadocolor-300x230.png\" alt=\"\" width=\"198\" height=\"152\" srcset=\"https:\/\/blogsaverroes.juntadeandalucia.es\/vaporcito\/files\/2021\/05\/logopactoestadocolor-300x230.png 300w, https:\/\/blogsaverroes.juntadeandalucia.es\/vaporcito\/files\/2021\/05\/logopactoestadocolor-768x589.png 768w, https:\/\/blogsaverroes.juntadeandalucia.es\/vaporcito\/files\/2021\/05\/logopactoestadocolor.png 882w\" sizes=\"(max-width: 198px) 100vw, 198px\" \/><\/p>\n<p>Este tipo de cuentos son ideales para fomentar la igualdad de g\u00e9nero y evitar estereotipos, compartiendo con nuestras hijas e hijos historias que rompan con lo establecido y ense\u00f1\u00e1ndoles que independientemente de ser ni\u00f1o o ni\u00f1a, pueden lograr las mismas cosas, jugar a los mismos juegos&#8230; Los cuentos suelen ser infantiles, pero estos tambi\u00e9n gustar\u00e1n a los adultos, por la trascendencia y actualidad de sus mensajes. Cuentos para antes de despertar habla de los \u00faltimos movimientos y revueltas sociales, la lucha contra la homofobia, la exclusi\u00f3n social, la violencia de g\u00e9nero y los derechos de la mujer.<\/p>\n<p><iframe loading=\"lazy\" title=\"Cuentos para antes de despertar. Los colores.\" width=\"500\" height=\"375\" src=\"https:\/\/www.youtube.com\/embed\/YPfakv8RjmY?feature=oembed&#038;wmode=opaque\" frameborder=\"0\" allow=\"accelerometer; autoplay; clipboard-write; encrypted-media; gyroscope; picture-in-picture\" allowfullscreen><\/iframe><\/p>\n<p><strong>Cuestiones para reflexionar:<br \/>\na. De los colores que salen en el cuento, \u00bfCu\u00e1les te gustan m\u00e1s? \u00bfPor qu\u00e9?<br \/>\nb. \u00bfCrees que es importante que existan todos los colores?<br \/>\nc. \u00bfSab\u00edas que los colores son universales?<br \/>\nd. \u00bfC\u00f3mo te sentir\u00edas si no te dejaran utilizar tu color favorito para pintar tus<br \/>\ntrabajos? <\/strong><\/p>\n<p>Blog de la autora de \u201cCuentos para antes de despertar\u201d<br \/>\nhttp:\/\/nunila-myriam.blogspot.com.es\/<\/p>\n<p>Si decimos Nunila L\u00f3pez y Myriam Cameros, la mayor\u00eda no conocer\u00e1n a estas autoras pero si nombramos \u00ab<strong>La Cenicienta que no quer\u00eda comer perdices<\/strong>\u00bb muchos recordar\u00e1n. Un cuento moderno ilustrado en el que una protagonista vegetariana, marchosa y rebelde pone boca arriba a los cuentos cl\u00e1sicos.<\/p>\n<p>Cuentos para antes de despertar: LOS COLORES (lengua de signos):<br \/>\n<iframe loading=\"lazy\" title=\"Los colores_idioma de signos.flv\" width=\"500\" height=\"281\" src=\"https:\/\/www.youtube.com\/embed\/-NkNutfJBew?feature=oembed&#038;wmode=opaque\" frameborder=\"0\" allow=\"accelerometer; autoplay; clipboard-write; encrypted-media; gyroscope; picture-in-picture\" allowfullscreen><\/iframe><\/p>\n","protected":false},"excerpt":{"rendered":"<p>Cuento para trabajar el d\u00eda contra la violencia de g\u00e9nero en los centros educativos Este tipo de cuentos son ideales para fomentar la igualdad de g\u00e9nero y evitar estereotipos, compartiendo con nuestras hijas e&#46;&#46;&#46;<\/p>\n","protected":false},"author":8177,"featured_media":0,"comment_status":"open","ping_status":"open","sticky":false,"template":"","format":"standard","meta":{"ngg_post_thumbnail":0,"footnotes":""},"categories":[11909],"tags":[],"aioseo_notices":[],"_links":{"self":[{"href":"https:\/\/blogsaverroes.juntadeandalucia.es\/vaporcito\/wp-json\/wp\/v2\/posts\/410"}],"collection":[{"href":"https:\/\/blogsaverroes.juntadeandalucia.es\/vaporcito\/wp-json\/wp\/v2\/posts"}],"about":[{"href":"https:\/\/blogsaverroes.juntadeandalucia.es\/vaporcito\/wp-json\/wp\/v2\/types\/post"}],"author":[{"embeddable":true,"href":"https:\/\/blogsaverroes.juntadeandalucia.es\/vaporcito\/wp-json\/wp\/v2\/users\/8177"}],"replies":[{"embeddable":true,"href":"https:\/\/blogsaverroes.juntadeandalucia.es\/vaporcito\/wp-json\/wp\/v2\/comments?post=410"}],"version-history":[{"count":2,"href":"https:\/\/blogsaverroes.juntadeandalucia.es\/vaporcito\/wp-json\/wp\/v2\/posts\/410\/revisions"}],"predecessor-version":[{"id":413,"href":"https:\/\/blogsaverroes.juntadeandalucia.es\/vaporcito\/wp-json\/wp\/v2\/posts\/410\/revisions\/413"}],"wp:attachment":[{"href":"https:\/\/blogsaverroes.juntadeandalucia.es\/vaporcito\/wp-json\/wp\/v2\/media?parent=410"}],"wp:term":[{"taxonomy":"category","embeddable":true,"href":"https:\/\/blogsaverroes.juntadeandalucia.es\/vaporcito\/wp-json\/wp\/v2\/categories?post=410"},{"taxonomy":"post_tag","embeddable":true,"href":"https:\/\/blogsaverroes.juntadeandalucia.es\/vaporcito\/wp-json\/wp\/v2\/tags?post=410"}],"curies":[{"name":"wp","href":"https:\/\/api.w.org\/{rel}","templated":true}]}}