{"id":641,"date":"2023-11-29T13:46:29","date_gmt":"2023-11-29T12:46:29","guid":{"rendered":"https:\/\/blogsaverroes.juntadeandalucia.es\/vaporcito\/?p=641"},"modified":"2023-11-29T13:46:29","modified_gmt":"2023-11-29T12:46:29","slug":"dia-contra-la-violencia-de-genero","status":"publish","type":"post","link":"https:\/\/blogsaverroes.juntadeandalucia.es\/vaporcito\/2023\/11\/29\/dia-contra-la-violencia-de-genero\/","title":{"rendered":"Dia contra la violencia de g\u00e9nero"},"content":{"rendered":"<p>Actividad : Unimos nuestras manos contra la violencia de g\u00e9nero. Despu\u00e9s de hablar del tema y concluir que todos juntos tendr\u00edamos m\u00e1s fuerza elaboramos el mural colectivo en el que cada uno dibujo su mano y la decor\u00f3<\/p>\n<p>&nbsp;&nbsp;<img loading=\"lazy\" decoding=\"async\" class=\"alignnone  wp-image-644\" src=\"https:\/\/blogsaverroes.juntadeandalucia.es\/vaporcito\/files\/2023\/11\/IMG-20231128-WA0004-300x225.jpg\" alt=\"\" width=\"352\" height=\"264\" srcset=\"https:\/\/blogsaverroes.juntadeandalucia.es\/vaporcito\/files\/2023\/11\/IMG-20231128-WA0004-300x225.jpg 300w, https:\/\/blogsaverroes.juntadeandalucia.es\/vaporcito\/files\/2023\/11\/IMG-20231128-WA0004-1024x768.jpg 1024w, https:\/\/blogsaverroes.juntadeandalucia.es\/vaporcito\/files\/2023\/11\/IMG-20231128-WA0004-768x576.jpg 768w, https:\/\/blogsaverroes.juntadeandalucia.es\/vaporcito\/files\/2023\/11\/IMG-20231128-WA0004-1536x1152.jpg 1536w, https:\/\/blogsaverroes.juntadeandalucia.es\/vaporcito\/files\/2023\/11\/IMG-20231128-WA0004.jpg 2048w\" sizes=\"(max-width: 352px) 100vw, 352px\" \/> &nbsp;<img loading=\"lazy\" decoding=\"async\" class=\"alignnone  wp-image-646\" src=\"https:\/\/blogsaverroes.juntadeandalucia.es\/vaporcito\/files\/2023\/11\/IMG-20231128-WA0002-262x300.jpg\" alt=\"\" width=\"277\" height=\"317\" srcset=\"https:\/\/blogsaverroes.juntadeandalucia.es\/vaporcito\/files\/2023\/11\/IMG-20231128-WA0002-262x300.jpg 262w, https:\/\/blogsaverroes.juntadeandalucia.es\/vaporcito\/files\/2023\/11\/IMG-20231128-WA0002-768x881.jpg 768w, https:\/\/blogsaverroes.juntadeandalucia.es\/vaporcito\/files\/2023\/11\/IMG-20231128-WA0002.jpg 891w\" sizes=\"(max-width: 277px) 100vw, 277px\" \/> <img loading=\"lazy\" decoding=\"async\" class=\"alignnone  wp-image-647\" src=\"https:\/\/blogsaverroes.juntadeandalucia.es\/vaporcito\/files\/2023\/11\/IMG-20231128-WA0003-300x225.jpg\" alt=\"\" width=\"363\" height=\"272\" srcset=\"https:\/\/blogsaverroes.juntadeandalucia.es\/vaporcito\/files\/2023\/11\/IMG-20231128-WA0003-300x225.jpg 300w, https:\/\/blogsaverroes.juntadeandalucia.es\/vaporcito\/files\/2023\/11\/IMG-20231128-WA0003-1024x768.jpg 1024w, https:\/\/blogsaverroes.juntadeandalucia.es\/vaporcito\/files\/2023\/11\/IMG-20231128-WA0003-768x576.jpg 768w, https:\/\/blogsaverroes.juntadeandalucia.es\/vaporcito\/files\/2023\/11\/IMG-20231128-WA0003-1536x1152.jpg 1536w, https:\/\/blogsaverroes.juntadeandalucia.es\/vaporcito\/files\/2023\/11\/IMG-20231128-WA0003.jpg 2048w\" sizes=\"(max-width: 363px) 100vw, 363px\" \/> <img loading=\"lazy\" decoding=\"async\" class=\"alignnone size-medium wp-image-648\" src=\"https:\/\/blogsaverroes.juntadeandalucia.es\/vaporcito\/files\/2023\/11\/IMG-20231128-WA0000-280x300.jpg\" alt=\"\" width=\"280\" height=\"300\" srcset=\"https:\/\/blogsaverroes.juntadeandalucia.es\/vaporcito\/files\/2023\/11\/IMG-20231128-WA0000-280x300.jpg 280w, https:\/\/blogsaverroes.juntadeandalucia.es\/vaporcito\/files\/2023\/11\/IMG-20231128-WA0000-768x822.jpg 768w, https:\/\/blogsaverroes.juntadeandalucia.es\/vaporcito\/files\/2023\/11\/IMG-20231128-WA0000.jpg 957w\" sizes=\"(max-width: 280px) 100vw, 280px\" \/>&nbsp;<\/p>\n","protected":false},"excerpt":{"rendered":"<p>Actividad : Unimos nuestras manos contra la violencia de g\u00e9nero. Despu\u00e9s de hablar del tema y concluir que todos juntos tendr\u00edamos m\u00e1s fuerza elaboramos el mural colectivo en el que cada uno dibujo su&#46;&#46;&#46;<\/p>\n","protected":false},"author":8177,"featured_media":0,"comment_status":"open","ping_status":"open","sticky":false,"template":"","format":"standard","meta":{"ngg_post_thumbnail":0,"footnotes":""},"categories":[11909],"tags":[],"aioseo_notices":[],"_links":{"self":[{"href":"https:\/\/blogsaverroes.juntadeandalucia.es\/vaporcito\/wp-json\/wp\/v2\/posts\/641"}],"collection":[{"href":"https:\/\/blogsaverroes.juntadeandalucia.es\/vaporcito\/wp-json\/wp\/v2\/posts"}],"about":[{"href":"https:\/\/blogsaverroes.juntadeandalucia.es\/vaporcito\/wp-json\/wp\/v2\/types\/post"}],"author":[{"embeddable":true,"href":"https:\/\/blogsaverroes.juntadeandalucia.es\/vaporcito\/wp-json\/wp\/v2\/users\/8177"}],"replies":[{"embeddable":true,"href":"https:\/\/blogsaverroes.juntadeandalucia.es\/vaporcito\/wp-json\/wp\/v2\/comments?post=641"}],"version-history":[{"count":2,"href":"https:\/\/blogsaverroes.juntadeandalucia.es\/vaporcito\/wp-json\/wp\/v2\/posts\/641\/revisions"}],"predecessor-version":[{"id":651,"href":"https:\/\/blogsaverroes.juntadeandalucia.es\/vaporcito\/wp-json\/wp\/v2\/posts\/641\/revisions\/651"}],"wp:attachment":[{"href":"https:\/\/blogsaverroes.juntadeandalucia.es\/vaporcito\/wp-json\/wp\/v2\/media?parent=641"}],"wp:term":[{"taxonomy":"category","embeddable":true,"href":"https:\/\/blogsaverroes.juntadeandalucia.es\/vaporcito\/wp-json\/wp\/v2\/categories?post=641"},{"taxonomy":"post_tag","embeddable":true,"href":"https:\/\/blogsaverroes.juntadeandalucia.es\/vaporcito\/wp-json\/wp\/v2\/tags?post=641"}],"curies":[{"name":"wp","href":"https:\/\/api.w.org\/{rel}","templated":true}]}}