{"id":70,"date":"2022-02-10T09:44:39","date_gmt":"2022-02-10T08:44:39","guid":{"rendered":"https:\/\/blogsaverroes.juntadeandalucia.es\/vaporcito\/?p=70"},"modified":"2022-06-06T13:32:53","modified_gmt":"2022-06-06T11:32:53","slug":"70","status":"publish","type":"post","link":"https:\/\/blogsaverroes.juntadeandalucia.es\/vaporcito\/2022\/02\/10\/70\/","title":{"rendered":"Cultiva en equipo y en igualdad"},"content":{"rendered":"<p><img loading=\"lazy\" decoding=\"async\" class=\"alignnone size-medium wp-image-182\" src=\"https:\/\/blogsaverroes.juntadeandalucia.es\/vaporcito\/files\/2020\/03\/PACTO-DE-ESTADO-CONTRA-LA-VIOLENCIA-DE-GENERO-banner-700x118-300x51.jpg\" alt=\"\" width=\"300\" height=\"51\" srcset=\"https:\/\/blogsaverroes.juntadeandalucia.es\/vaporcito\/files\/2020\/03\/PACTO-DE-ESTADO-CONTRA-LA-VIOLENCIA-DE-GENERO-banner-700x118-300x51.jpg 300w, https:\/\/blogsaverroes.juntadeandalucia.es\/vaporcito\/files\/2020\/03\/PACTO-DE-ESTADO-CONTRA-LA-VIOLENCIA-DE-GENERO-banner-700x118-24x4.jpg 24w, https:\/\/blogsaverroes.juntadeandalucia.es\/vaporcito\/files\/2020\/03\/PACTO-DE-ESTADO-CONTRA-LA-VIOLENCIA-DE-GENERO-banner-700x118-36x6.jpg 36w, https:\/\/blogsaverroes.juntadeandalucia.es\/vaporcito\/files\/2020\/03\/PACTO-DE-ESTADO-CONTRA-LA-VIOLENCIA-DE-GENERO-banner-700x118-48x8.jpg 48w, https:\/\/blogsaverroes.juntadeandalucia.es\/vaporcito\/files\/2020\/03\/PACTO-DE-ESTADO-CONTRA-LA-VIOLENCIA-DE-GENERO-banner-700x118.jpg 700w\" sizes=\"(max-width: 300px) 100vw, 300px\" \/><img loading=\"lazy\" decoding=\"async\" class=\"wp-image-72 aligncenter\" src=\"https:\/\/blogsaverroes.juntadeandalucia.es\/vaporcito\/files\/2020\/02\/20200207_132137-300x300.jpg\" alt=\"Cultivamos en equipo y en igualdad\" width=\"346\" height=\"346\" srcset=\"https:\/\/blogsaverroes.juntadeandalucia.es\/vaporcito\/files\/2020\/02\/20200207_132137-300x300.jpg 300w, https:\/\/blogsaverroes.juntadeandalucia.es\/vaporcito\/files\/2020\/02\/20200207_132137-150x150.jpg 150w, https:\/\/blogsaverroes.juntadeandalucia.es\/vaporcito\/files\/2020\/02\/20200207_132137-768x768.jpg 768w, https:\/\/blogsaverroes.juntadeandalucia.es\/vaporcito\/files\/2020\/02\/20200207_132137-1024x1024.jpg 1024w, https:\/\/blogsaverroes.juntadeandalucia.es\/vaporcito\/files\/2020\/02\/20200207_132137-100x100.jpg 100w, https:\/\/blogsaverroes.juntadeandalucia.es\/vaporcito\/files\/2020\/02\/20200207_132137-160x160.jpg 160w, https:\/\/blogsaverroes.juntadeandalucia.es\/vaporcito\/files\/2020\/02\/20200207_132137-320x320.jpg 320w, https:\/\/blogsaverroes.juntadeandalucia.es\/vaporcito\/files\/2020\/02\/20200207_132137-24x24.jpg 24w, https:\/\/blogsaverroes.juntadeandalucia.es\/vaporcito\/files\/2020\/02\/20200207_132137-36x36.jpg 36w, https:\/\/blogsaverroes.juntadeandalucia.es\/vaporcito\/files\/2020\/02\/20200207_132137-48x48.jpg 48w\" sizes=\"(max-width: 346px) 100vw, 346px\" \/><\/p>\n<p>A trav\u00e9s del huerto escolar cultivamos tambi\u00e9n la observaci\u00f3n la planificaci\u00f3n, la paciencia la persistencia, el reparto de responsabilidades, el compartir el \u00e9xito y el fracaso que de todo hay en nuestro peque\u00f1o huerto escolar.<\/p>\n<p>Tambi\u00e9n estrechamos lazos, cohesionamos el grupo, y sobre todo<\/p>\n<p>SEMBRAMOS IGUALDAD EN NUESTRO HUERTO ESCOLAR<\/p>\n","protected":false},"excerpt":{"rendered":"<p>A trav\u00e9s del huerto escolar cultivamos tambi\u00e9n la observaci\u00f3n la planificaci\u00f3n, la paciencia la persistencia, el reparto de responsabilidades, el compartir el \u00e9xito y el fracaso que de todo hay en nuestro peque\u00f1o huerto&#46;&#46;&#46;<\/p>\n","protected":false},"author":8177,"featured_media":0,"comment_status":"open","ping_status":"open","sticky":false,"template":"","format":"image","meta":{"ngg_post_thumbnail":0,"footnotes":""},"categories":[17588],"tags":[17589],"aioseo_notices":[],"_links":{"self":[{"href":"https:\/\/blogsaverroes.juntadeandalucia.es\/vaporcito\/wp-json\/wp\/v2\/posts\/70"}],"collection":[{"href":"https:\/\/blogsaverroes.juntadeandalucia.es\/vaporcito\/wp-json\/wp\/v2\/posts"}],"about":[{"href":"https:\/\/blogsaverroes.juntadeandalucia.es\/vaporcito\/wp-json\/wp\/v2\/types\/post"}],"author":[{"embeddable":true,"href":"https:\/\/blogsaverroes.juntadeandalucia.es\/vaporcito\/wp-json\/wp\/v2\/users\/8177"}],"replies":[{"embeddable":true,"href":"https:\/\/blogsaverroes.juntadeandalucia.es\/vaporcito\/wp-json\/wp\/v2\/comments?post=70"}],"version-history":[{"count":5,"href":"https:\/\/blogsaverroes.juntadeandalucia.es\/vaporcito\/wp-json\/wp\/v2\/posts\/70\/revisions"}],"predecessor-version":[{"id":198,"href":"https:\/\/blogsaverroes.juntadeandalucia.es\/vaporcito\/wp-json\/wp\/v2\/posts\/70\/revisions\/198"}],"wp:attachment":[{"href":"https:\/\/blogsaverroes.juntadeandalucia.es\/vaporcito\/wp-json\/wp\/v2\/media?parent=70"}],"wp:term":[{"taxonomy":"category","embeddable":true,"href":"https:\/\/blogsaverroes.juntadeandalucia.es\/vaporcito\/wp-json\/wp\/v2\/categories?post=70"},{"taxonomy":"post_tag","embeddable":true,"href":"https:\/\/blogsaverroes.juntadeandalucia.es\/vaporcito\/wp-json\/wp\/v2\/tags?post=70"}],"curies":[{"name":"wp","href":"https:\/\/api.w.org\/{rel}","templated":true}]}}