{"id":2234,"date":"2023-02-07T18:09:53","date_gmt":"2023-02-07T17:09:53","guid":{"rendered":"https:\/\/blogsaverroes.juntadeandalucia.es\/vdelaestrella\/?p=2234"},"modified":"2023-02-13T17:44:01","modified_gmt":"2023-02-13T16:44:01","slug":"rafael-alberti","status":"publish","type":"post","link":"https:\/\/blogsaverroes.juntadeandalucia.es\/vdelaestrella\/rafael-alberti\/","title":{"rendered":"Rafael Alberti"},"content":{"rendered":"<p>[et_pb_section fb_built=&#8221;1&#8243; _builder_version=&#8221;4.14.5&#8243; _module_preset=&#8221;default&#8221; global_colors_info=&#8221;{}&#8221;][et_pb_row _builder_version=&#8221;4.14.5&#8243; _module_preset=&#8221;default&#8221; global_colors_info=&#8221;{}&#8221;][et_pb_column type=&#8221;4_4&#8243; _builder_version=&#8221;4.14.5&#8243; _module_preset=&#8221;default&#8221; global_colors_info=&#8221;{}&#8221;][et_pb_image src=&#8221;https:\/\/blogsaverroes.juntadeandalucia.es\/vdelaestrella\/files\/2023\/02\/IMG-4269-scaled.jpg&#8221; title_text=&#8221;IMG-4269&#8243; _builder_version=&#8221;4.14.5&#8243; _module_preset=&#8221;default&#8221; global_colors_info=&#8221;{}&#8221;][\/et_pb_image][\/et_pb_column][\/et_pb_row][et_pb_row column_structure=&#8221;1_2,1_2&#8243; _builder_version=&#8221;4.14.5&#8243; _module_preset=&#8221;default&#8221; global_colors_info=&#8221;{}&#8221;][et_pb_column type=&#8221;1_2&#8243; _builder_version=&#8221;4.14.5&#8243; _module_preset=&#8221;default&#8221; global_colors_info=&#8221;{}&#8221;][et_pb_image src=&#8221;https:\/\/blogsaverroes.juntadeandalucia.es\/vdelaestrella\/files\/2023\/02\/IMG-4270-scaled.jpg&#8221; title_text=&#8221;IMG-4270&#8243; _builder_version=&#8221;4.14.5&#8243; _module_preset=&#8221;default&#8221; global_colors_info=&#8221;{}&#8221;][\/et_pb_image][\/et_pb_column][et_pb_column type=&#8221;1_2&#8243; _builder_version=&#8221;4.14.5&#8243; _module_preset=&#8221;default&#8221; global_colors_info=&#8221;{}&#8221;][et_pb_image src=&#8221;https:\/\/blogsaverroes.juntadeandalucia.es\/vdelaestrella\/files\/2023\/02\/IMG-4271-1-scaled.jpg&#8221; title_text=&#8221;IMG-4271&#8243; _builder_version=&#8221;4.14.5&#8243; _module_preset=&#8221;default&#8221; global_colors_info=&#8221;{}&#8221;][\/et_pb_image][\/et_pb_column][\/et_pb_row][et_pb_row _builder_version=&#8221;4.14.5&#8243; _module_preset=&#8221;default&#8221; global_colors_info=&#8221;{}&#8221;][et_pb_column type=&#8221;4_4&#8243; _builder_version=&#8221;4.14.5&#8243; _module_preset=&#8221;default&#8221; global_colors_info=&#8221;{}&#8221;][et_pb_video src=&#8221;https:\/\/blogsaverroes.juntadeandalucia.es\/vdelaestrella\/files\/2023\/02\/Rafael.mp4&#8243; _builder_version=&#8221;4.14.5&#8243; _module_preset=&#8221;default&#8221; global_colors_info=&#8221;{}&#8221;][\/et_pb_video][et_pb_text _builder_version=&#8221;4.14.5&#8243; _module_preset=&#8221;default&#8221; global_colors_info=&#8221;{}&#8221;]<\/p>\n<p><b>Rafael Alberti<\/b><span style=\"font-weight: 400\"> naci\u00f3 en El Puerto de Santa Mar\u00eda, C\u00e1diz, en 1902. Escritor, pintor y poeta espa\u00f1ol, est\u00e1 considerado uno de los grandes miembros de la llamada Generaci\u00f3n del 27. Durante su infancia no recibi\u00f3 una formaci\u00f3n reglada y no lleg\u00f3 a terminar el bachillerato. A los quince a\u00f1os su familia se traslada a Madrid donde el joven <\/span><b>Alberti <\/b><span style=\"font-weight: 400\">desarrolla su actividad como pintor. Tras la muerte de su padre empieza a escribir poes\u00eda de manera regular.<\/span><\/p>\n<p><span style=\"font-weight: 400\">En 1925<\/span> <span style=\"font-weight: 400\">recibe el <\/span><b>Premio Nacional de Literatura <\/b><span style=\"font-weight: 400\">por<\/span><i><span style=\"font-weight: 400\"> Marinero en tierra<\/span><\/i><span style=\"font-weight: 400\">, poemario publicado en 1924 tras un retiro en la Sierra Madrile\u00f1a debido a problemas pulmonares, una afecci\u00f3n que le acompa\u00f1ar\u00eda toda su vida. Pasa, como tantos otros, por la Residencia de Estudiantes de Madrid, lugar donde coincide con <\/span><b>Federico Garc\u00eda Lorca<\/b><span style=\"font-weight: 400\">,<\/span><b> Vicente Aleixandre<\/b><span style=\"font-weight: 400\"> o<\/span><b> Gerardo Diego<\/b><span style=\"font-weight: 400\"> entre otros. Es posible que fuera entonces donde naciera el germen de lo que luego ser\u00eda la Generaci\u00f3n del 27.<\/span><\/p>\n<p><span style=\"font-weight: 400\">A partir de<\/span> <span style=\"font-weight: 400\">1927, <\/span><b>Alberti <\/b><span style=\"font-weight: 400\">se muestra m\u00e1s activo pol\u00edticamente en consonancia con la situaci\u00f3n espa\u00f1ola. Se afilia al Partido Comunista y se declara partidario de la rep\u00fablica. Resiste en Madrid durante la Guerra Civil pero se exilia, primero a Francia, donde no es bienvenido por su comunismo declarado, y luego a Chile, Argentina e Italia.<\/span><\/p>\n<p><span style=\"font-weight: 400\">Tras la muerte del dictador Francisco Franco, <\/span><b>Alberti <\/b><span style=\"font-weight: 400\">vuelve a Espa\u00f1a en 1977, donde participa de la vida democr\u00e1tica como diputado por el Partido Comunista, aunque esa situaci\u00f3n no se mantuvo demasiado. <\/span><b>Alberti<\/b><span style=\"font-weight: 400\">, entonces, se retira a recitales y jornadas, dedic\u00e1ndose plenamente a la poes\u00eda.<\/span><\/p>\n<p><span style=\"font-weight: 400\">En 1980 recibe el Premio Nacional de Teatro<\/span> <span style=\"font-weight: 400\">y en 1983 es galardonado con el <\/span><b>Premio Cervantes<\/b><span style=\"font-weight: 400\">. Tambi\u00e9n se le concede el<\/span><b> Premio Pr\u00edncipe de Asturias<\/b><span style=\"font-weight: 400\">, pero debido a sus ideas republicanas, rechaza el premio.<\/span><\/p>\n<p><b>Rafael Alberti <\/b><span style=\"font-weight: 400\">muri\u00f3 en 1999, en el Puerto de Santa Mar\u00eda.<\/span><\/p>\n<p>[\/et_pb_text][et_pb_code _builder_version=&#8221;4.14.5&#8243; _module_preset=&#8221;default&#8221; text_orientation=&#8221;center&#8221; global_colors_info=&#8221;{}&#8221;]<iframe loading=\"lazy\" src=\"https:\/\/drive.google.com\/file\/d\/14LD3vFkJ93AFl2wtLepooVV7l4OczTYW\/preview\" width=\"640\" height=\"480\"><\/iframe>[\/et_pb_code][et_pb_gallery gallery_ids=&#8221;2278,2279,2280,2281,2282,2283,2284,2285,2286,2287,2288&#8243; show_title_and_caption=&#8221;off&#8221; _builder_version=&#8221;4.14.5&#8243; _module_preset=&#8221;default&#8221; global_colors_info=&#8221;{}&#8221;][\/et_pb_gallery][\/et_pb_column][\/et_pb_row][\/et_pb_section]<\/p>\n","protected":false},"excerpt":{"rendered":"<p>Rafael Alberti naci\u00f3 en El Puerto de Santa Mar\u00eda, C\u00e1diz, en 1902. Escritor, pintor y poeta espa\u00f1ol, est\u00e1 considerado uno de los grandes miembros de la llamada Generaci\u00f3n del 27. Durante su infancia no recibi\u00f3 una formaci\u00f3n reglada y no lleg\u00f3 a terminar el bachillerato. A los quince a\u00f1os su familia se traslada a Madrid [&hellip;]<\/p>\n","protected":false},"author":13558,"featured_media":0,"comment_status":"open","ping_status":"open","sticky":false,"template":"","format":"standard","meta":{"_et_pb_use_builder":"on","_et_pb_old_content":"","_et_gb_content_width":"","ngg_post_thumbnail":0,"footnotes":""},"categories":[2,3,1],"tags":[],"aioseo_notices":[],"_links":{"self":[{"href":"https:\/\/blogsaverroes.juntadeandalucia.es\/vdelaestrella\/wp-json\/wp\/v2\/posts\/2234"}],"collection":[{"href":"https:\/\/blogsaverroes.juntadeandalucia.es\/vdelaestrella\/wp-json\/wp\/v2\/posts"}],"about":[{"href":"https:\/\/blogsaverroes.juntadeandalucia.es\/vdelaestrella\/wp-json\/wp\/v2\/types\/post"}],"author":[{"embeddable":true,"href":"https:\/\/blogsaverroes.juntadeandalucia.es\/vdelaestrella\/wp-json\/wp\/v2\/users\/13558"}],"replies":[{"embeddable":true,"href":"https:\/\/blogsaverroes.juntadeandalucia.es\/vdelaestrella\/wp-json\/wp\/v2\/comments?post=2234"}],"version-history":[{"count":7,"href":"https:\/\/blogsaverroes.juntadeandalucia.es\/vdelaestrella\/wp-json\/wp\/v2\/posts\/2234\/revisions"}],"predecessor-version":[{"id":2312,"href":"https:\/\/blogsaverroes.juntadeandalucia.es\/vdelaestrella\/wp-json\/wp\/v2\/posts\/2234\/revisions\/2312"}],"wp:attachment":[{"href":"https:\/\/blogsaverroes.juntadeandalucia.es\/vdelaestrella\/wp-json\/wp\/v2\/media?parent=2234"}],"wp:term":[{"taxonomy":"category","embeddable":true,"href":"https:\/\/blogsaverroes.juntadeandalucia.es\/vdelaestrella\/wp-json\/wp\/v2\/categories?post=2234"},{"taxonomy":"post_tag","embeddable":true,"href":"https:\/\/blogsaverroes.juntadeandalucia.es\/vdelaestrella\/wp-json\/wp\/v2\/tags?post=2234"}],"curies":[{"name":"wp","href":"https:\/\/api.w.org\/{rel}","templated":true}]}}