{"id":2414,"date":"2023-04-26T09:14:58","date_gmt":"2023-04-26T08:14:58","guid":{"rendered":"https:\/\/blogsaverroes.juntadeandalucia.es\/vdelaestrella\/?p=2414"},"modified":"2023-04-26T09:15:13","modified_gmt":"2023-04-26T08:15:13","slug":"presentamos-nuestra-biblioteca-escolar","status":"publish","type":"post","link":"https:\/\/blogsaverroes.juntadeandalucia.es\/vdelaestrella\/presentamos-nuestra-biblioteca-escolar\/","title":{"rendered":"Presentamos nuestra biblioteca escolar"},"content":{"rendered":"<p>[et_pb_section fb_built=&#8221;1&#8243; theme_builder_area=&#8221;post_content&#8221; _builder_version=&#8221;4.14.5&#8243; _module_preset=&#8221;default&#8221;][et_pb_row _builder_version=&#8221;4.14.5&#8243; _module_preset=&#8221;default&#8221; theme_builder_area=&#8221;post_content&#8221;][et_pb_column _builder_version=&#8221;4.14.5&#8243; _module_preset=&#8221;default&#8221; type=&#8221;4_4&#8243; theme_builder_area=&#8221;post_content&#8221;][et_pb_text _builder_version=&#8221;4.14.5&#8243; _module_preset=&#8221;default&#8221; theme_builder_area=&#8221;post_content&#8221; hover_enabled=&#8221;0&#8243; sticky_enabled=&#8221;0&#8243;]<\/p>\n<p>El pasado lunes qued\u00f3 inaugurada la biblioteca escolar.<\/p>\n<p>Hemos trabajado mucho en este proyecto y le hemos puesto muchas ganas e ilusi\u00f3n para que fuera posible. Sin duda, es solo el comienzo de otras muchas actividades relacionadas con el fomento de la lectura.<\/p>\n<p>Queremos agradecer a todas aquellas personas que lo han hecho posible, que han sido much\u00edsimas.<\/p>\n<ul>\n<li>Nuestro equipo de profesores siempre dispuestos.&nbsp;<\/li>\n<li>Coordinador de biblioteca y su ayudanta.&nbsp;<\/li>\n<li>Conserjes.<\/li>\n<li>Asociaci\u00f3n Stela.<\/li>\n<li>AMPA 1 de Mayo.<\/li>\n<li>Ayuntamiento de la localidad.&nbsp;<\/li>\n<li>Familiares y amigos.<\/li>\n<\/ul>\n<p>GRACIAS<\/p>\n<p>Ludwig Wittgenstein sol\u00eda decir: &#8220;Los l\u00edmites de mi lenguaje son los l\u00edmites de mi mundo&#8221;.<\/p>\n<p>&nbsp;<\/p>\n<p>[\/et_pb_text][et_pb_video _builder_version=&#8221;4.14.5&#8243; _module_preset=&#8221;default&#8221; theme_builder_area=&#8221;post_content&#8221; src=&#8221;https:\/\/www.youtube.com\/watch?v=A5s1_UcaiKU&#8221; hover_enabled=&#8221;0&#8243; sticky_enabled=&#8221;0&#8243;][\/et_pb_video][\/et_pb_column][\/et_pb_row][\/et_pb_section]<\/p>\n","protected":false},"excerpt":{"rendered":"<p>El pasado lunes qued\u00f3 inaugurada la biblioteca escolar. Hemos trabajado mucho en este proyecto y le hemos puesto muchas ganas e ilusi\u00f3n para que fuera posible. Sin duda, es solo el comienzo de otras muchas actividades relacionadas con el fomento de la lectura. Queremos agradecer a todas aquellas personas que lo han hecho posible, que [&hellip;]<\/p>\n","protected":false},"author":13558,"featured_media":0,"comment_status":"open","ping_status":"open","sticky":false,"template":"","format":"standard","meta":{"_et_pb_use_builder":"on","_et_pb_old_content":"","_et_gb_content_width":"","ngg_post_thumbnail":0,"footnotes":""},"categories":[3,4,1],"tags":[],"aioseo_notices":[],"_links":{"self":[{"href":"https:\/\/blogsaverroes.juntadeandalucia.es\/vdelaestrella\/wp-json\/wp\/v2\/posts\/2414"}],"collection":[{"href":"https:\/\/blogsaverroes.juntadeandalucia.es\/vdelaestrella\/wp-json\/wp\/v2\/posts"}],"about":[{"href":"https:\/\/blogsaverroes.juntadeandalucia.es\/vdelaestrella\/wp-json\/wp\/v2\/types\/post"}],"author":[{"embeddable":true,"href":"https:\/\/blogsaverroes.juntadeandalucia.es\/vdelaestrella\/wp-json\/wp\/v2\/users\/13558"}],"replies":[{"embeddable":true,"href":"https:\/\/blogsaverroes.juntadeandalucia.es\/vdelaestrella\/wp-json\/wp\/v2\/comments?post=2414"}],"version-history":[{"count":4,"href":"https:\/\/blogsaverroes.juntadeandalucia.es\/vdelaestrella\/wp-json\/wp\/v2\/posts\/2414\/revisions"}],"predecessor-version":[{"id":2420,"href":"https:\/\/blogsaverroes.juntadeandalucia.es\/vdelaestrella\/wp-json\/wp\/v2\/posts\/2414\/revisions\/2420"}],"wp:attachment":[{"href":"https:\/\/blogsaverroes.juntadeandalucia.es\/vdelaestrella\/wp-json\/wp\/v2\/media?parent=2414"}],"wp:term":[{"taxonomy":"category","embeddable":true,"href":"https:\/\/blogsaverroes.juntadeandalucia.es\/vdelaestrella\/wp-json\/wp\/v2\/categories?post=2414"},{"taxonomy":"post_tag","embeddable":true,"href":"https:\/\/blogsaverroes.juntadeandalucia.es\/vdelaestrella\/wp-json\/wp\/v2\/tags?post=2414"}],"curies":[{"name":"wp","href":"https:\/\/api.w.org\/{rel}","templated":true}]}}