{"id":237,"date":"2024-05-17T22:00:10","date_gmt":"2024-05-17T22:00:10","guid":{"rendered":"https:\/\/blogsaverroes.juntadeandalucia.es\/vegadptomusica\/?p=237"},"modified":"2024-05-19T16:31:18","modified_gmt":"2024-05-19T16:31:18","slug":"tocamos-en-el-acto-de-graduacion-2023-24","status":"publish","type":"post","link":"https:\/\/blogsaverroes.juntadeandalucia.es\/vegadptomusica\/2024\/05\/17\/tocamos-en-el-acto-de-graduacion-2023-24\/","title":{"rendered":"Tocamos en el acto de Graduaci\u00f3n 2023\/24"},"content":{"rendered":"<p>Y por tercer a\u00f1o consecutivo, en la tarde del d\u00eda de hoy hemos tocado en el <strong><span style=\"color: #993300\">acto de graduaci\u00f3n<\/span><\/strong> del curso 2023\/24, con el alumnado de 4\u00ba de Educaci\u00f3n Secundaria Obligatoria que cursa la materia optativa de M\u00fasica.<\/p>\n<div id=\"attachment_243\" style=\"width: 660px\" class=\"wp-caption aligncenter\"><a href=\"https:\/\/blogsaverroes.juntadeandalucia.es\/vegadptomusica\/2024\/05\/17\/tocamos-en-el-acto-de-graduacion-2023-24\/img_20240517_104135950\/\" rel=\"attachment wp-att-243\"><img loading=\"lazy\" decoding=\"async\" aria-describedby=\"caption-attachment-243\" class=\"size-large wp-image-243\" src=\"https:\/\/blogsaverroes.juntadeandalucia.es\/vegadptomusica\/files\/2024\/05\/IMG_20240517_104135950-1024x768.jpg\" alt=\"Un momento del ensayo en el Centro Cultural Medina Elvirta de Atarfe\" width=\"660\" height=\"495\" srcset=\"https:\/\/blogsaverroes.juntadeandalucia.es\/vegadptomusica\/files\/2024\/05\/IMG_20240517_104135950-1024x768.jpg 1024w, https:\/\/blogsaverroes.juntadeandalucia.es\/vegadptomusica\/files\/2024\/05\/IMG_20240517_104135950-300x225.jpg 300w, https:\/\/blogsaverroes.juntadeandalucia.es\/vegadptomusica\/files\/2024\/05\/IMG_20240517_104135950-768x576.jpg 768w, https:\/\/blogsaverroes.juntadeandalucia.es\/vegadptomusica\/files\/2024\/05\/IMG_20240517_104135950-700x525.jpg 700w\" sizes=\"(max-width: 660px) 100vw, 660px\" \/><\/a><p id=\"caption-attachment-243\" class=\"wp-caption-text\"><span style=\"font-size: 8pt\">Un momento del ensayo en el Centro Cultural Medina Elvirta de Atarfe<\/span><\/p><\/div>\n<p>El evento ha tenido lugar nuevamente en el <strong>Centro Cultural \u00abMedina Elvira\u00bb<\/strong> de Atarfe, y ha sido el acto final de curso, donde se han impuesto las bandas al alumnado de 4\u00ba de ESO, 2\u00ba de Bachillerato, 2\u00ba Ciclo Formativo de Grado Medio, 2\u00ba Ciclo Formativo de Grado Superior y 2\u00ba de Formaci\u00f3n Profesional B\u00e1sica.<\/p>\n<p>A continuaci\u00f3n, dejamos el programa del acto:<\/p>\n<ul>\n<li><a href=\"https:\/\/blogsaverroes.juntadeandalucia.es\/vegadptomusica\/2024\/05\/17\/tocamos-en-el-acto-de-graduacion-2023-24\/programa-acto-fin-de-curso-2024\/\" rel=\"attachment wp-att-239\">Programa acto fin de curso 2024<\/a><\/li>\n<\/ul>\n<p>Al final del acto, y previo a la entrega de diplomas, el alumnado de m\u00fasica ha ofrecido una peque\u00f1a actuaci\u00f3n musical, han interpretado dos temas musicales: <em>Without You<\/em>, del compositor brit\u00e1nico Pete Ham, que populariz\u00f3 la cantante Maria Carey, e <em>Imagine<\/em>, del compositor John Lennon, utilizando los xil\u00f3fonos que tenemos en el aula de m\u00fasica, y acompa\u00f1ados al piano por Rodney Atienza, que ha sido nuestro auxiliar de conversaci\u00f3n en ingl\u00e9s durante este curso.<\/p>\n<p>Si quieres escucharnos, a continuaci\u00f3n, te dejamos los audios:<\/p>\n<p><strong><span style=\"color: #993300\">Without You<\/span><\/strong> (Pete Ham &#8211; Maria Carey):<\/p>\n<!--[if lt IE 9]><script>document.createElement('audio');<\/script><![endif]-->\n<audio class=\"wp-audio-shortcode\" id=\"audio-237-1\" preload=\"none\" style=\"width: 100%;\" controls=\"controls\"><source type=\"audio\/mpeg\" src=\"https:\/\/blogsaverroes.juntadeandalucia.es\/vegadptomusica\/files\/2024\/05\/Without-You.mp3?_=1\" \/><a href=\"https:\/\/blogsaverroes.juntadeandalucia.es\/vegadptomusica\/files\/2024\/05\/Without-You.mp3\">https:\/\/blogsaverroes.juntadeandalucia.es\/vegadptomusica\/files\/2024\/05\/Without-You.mp3<\/a><\/audio>\n<p>&nbsp;<\/p>\n<p><strong><span style=\"color: #993300\">Imagine<\/span><\/strong> (John Lennon):<\/p>\n<audio class=\"wp-audio-shortcode\" id=\"audio-237-2\" preload=\"none\" style=\"width: 100%;\" controls=\"controls\"><source type=\"audio\/mpeg\" src=\"https:\/\/blogsaverroes.juntadeandalucia.es\/vegadptomusica\/files\/2024\/05\/Imagine.mp3?_=2\" \/><a href=\"https:\/\/blogsaverroes.juntadeandalucia.es\/vegadptomusica\/files\/2024\/05\/Imagine.mp3\">https:\/\/blogsaverroes.juntadeandalucia.es\/vegadptomusica\/files\/2024\/05\/Imagine.mp3<\/a><\/audio>\n<p>&nbsp;<\/p>\n","protected":false},"excerpt":{"rendered":"<p>Y por tercer a\u00f1o consecutivo, en la tarde del d\u00eda de hoy hemos tocado en el acto de graduaci\u00f3n del curso 2023\/24, con el alumnado de 4\u00ba de Educaci\u00f3n Secundaria Obligatoria que cursa la materia optativa de M\u00fasica. El evento ha tenido lugar nuevamente en el Centro Cultural \u00abMedina Elvira\u00bb de Atarfe, y ha sido &hellip; <\/p>\n<p><a class=\"more-link btn\" href=\"https:\/\/blogsaverroes.juntadeandalucia.es\/vegadptomusica\/2024\/05\/17\/tocamos-en-el-acto-de-graduacion-2023-24\/\">Seguir leyendo<\/a><\/p>\n","protected":false},"author":1119,"featured_media":243,"comment_status":"closed","ping_status":"closed","sticky":false,"template":"","format":"standard","meta":{"ngg_post_thumbnail":0,"footnotes":""},"categories":[6],"tags":[10],"aioseo_notices":[],"_links":{"self":[{"href":"https:\/\/blogsaverroes.juntadeandalucia.es\/vegadptomusica\/wp-json\/wp\/v2\/posts\/237"}],"collection":[{"href":"https:\/\/blogsaverroes.juntadeandalucia.es\/vegadptomusica\/wp-json\/wp\/v2\/posts"}],"about":[{"href":"https:\/\/blogsaverroes.juntadeandalucia.es\/vegadptomusica\/wp-json\/wp\/v2\/types\/post"}],"author":[{"embeddable":true,"href":"https:\/\/blogsaverroes.juntadeandalucia.es\/vegadptomusica\/wp-json\/wp\/v2\/users\/1119"}],"replies":[{"embeddable":true,"href":"https:\/\/blogsaverroes.juntadeandalucia.es\/vegadptomusica\/wp-json\/wp\/v2\/comments?post=237"}],"version-history":[{"count":3,"href":"https:\/\/blogsaverroes.juntadeandalucia.es\/vegadptomusica\/wp-json\/wp\/v2\/posts\/237\/revisions"}],"predecessor-version":[{"id":245,"href":"https:\/\/blogsaverroes.juntadeandalucia.es\/vegadptomusica\/wp-json\/wp\/v2\/posts\/237\/revisions\/245"}],"wp:featuredmedia":[{"embeddable":true,"href":"https:\/\/blogsaverroes.juntadeandalucia.es\/vegadptomusica\/wp-json\/wp\/v2\/media\/243"}],"wp:attachment":[{"href":"https:\/\/blogsaverroes.juntadeandalucia.es\/vegadptomusica\/wp-json\/wp\/v2\/media?parent=237"}],"wp:term":[{"taxonomy":"category","embeddable":true,"href":"https:\/\/blogsaverroes.juntadeandalucia.es\/vegadptomusica\/wp-json\/wp\/v2\/categories?post=237"},{"taxonomy":"post_tag","embeddable":true,"href":"https:\/\/blogsaverroes.juntadeandalucia.es\/vegadptomusica\/wp-json\/wp\/v2\/tags?post=237"}],"curies":[{"name":"wp","href":"https:\/\/api.w.org\/{rel}","templated":true}]}}