{"id":89,"date":"2021-11-18T20:00:03","date_gmt":"2021-11-18T20:00:03","guid":{"rendered":"https:\/\/blogsaverroes.juntadeandalucia.es\/vegadptomusica\/?p=89"},"modified":"2023-03-01T19:01:39","modified_gmt":"2023-03-01T19:01:39","slug":"participamos-en-el-i-congreso-internacional-educacion-y-flamenco-transformacion-social-a-traves-del-patrimonio-cultural","status":"publish","type":"post","link":"https:\/\/blogsaverroes.juntadeandalucia.es\/vegadptomusica\/2021\/11\/18\/participamos-en-el-i-congreso-internacional-educacion-y-flamenco-transformacion-social-a-traves-del-patrimonio-cultural\/","title":{"rendered":"Participamos en el I Congreso \u00abEducaci\u00f3n y flamenco\u00bb"},"content":{"rendered":"<p>Con el alumnado de 1\u00ba de Bachillerato, de la materia de <strong>\u00abLenguaje y Pr\u00e1ctica musical\u00bb<\/strong>, hemos participado hoy en las actividades que se han organizado en torno al <strong><span style=\"color: #993300\">I Congreso Internacional \u00abEducaci\u00f3n y flamenco: transformaci\u00f3n social a trav\u00e9s del patrimonio cultural\u00bb<\/span><\/strong>, organizado por la Delegaci\u00f3n Territorial de Educaci\u00f3n y Deporte en Granada, la A<a href=\"https:\/\/www.juntadeandalucia.es\/cultura\/aaiicc\/\">gencia Andaluza de Instituciones Culturales<\/a> y el <a href=\"https:\/\/www.juntadeandalucia.es\/cultura\/flamenco\/\">Instituto Andaluz del flamenco<\/a>, con la colaboraci\u00f3n de la <a href=\"https:\/\/www.ugr.es\/\">Universidad de Granada<\/a> y el <a href=\"https:\/\/www.granada.org\/\">Ayuntamiento de Granada<\/a>.<\/p>\n<p>La actividad, que se ha podido realizar de manera presencial, ha consistido en asistir a una conferencia con el tema <strong><span style=\"color: #993300\">\u00abPrimer concurso de cante jondo celebrado en Granada en 1922. La importancia del arte flamenco\u00bb<\/span><\/strong>, que se ha celebrado en la sede del <a href=\"http:\/\/www.centroartisticogranada.com\/\">Centro Art\u00edstico y Literario de Granada<\/a>, donde tambi\u00e9n hemos podido ver algunas de las obras que est\u00e1n en exposici\u00f3n en los salones del centro.<\/p>\n<p>Tras la conferencia, fuimos caminando a trav\u00e9s del Albayz\u00edn hasta la <a href=\"http:\/\/www.laplateria.org.es\/\">Pe\u00f1a La Plater\u00eda<\/a>. All\u00ed comenzamos visitando el <strong>museo del flamenco<\/strong>, donde se pudieron ver carteler\u00edas y copias de los premios que se entregaron en el primer concurso de cante jondo de 1922. Tambi\u00e9n pudimos ver diferentes dibujos y caricaturas sobre algunos de los cantaores m\u00e1s famosos que han pasado por la pe\u00f1a, donde conservan copias grabadas de sus actuaciones.<\/p>\n<p>Tras la visita al museo, pasamos al sal\u00f3n, donde la cantaora<strong><span style=\"color: #993300\"> Esther Crisol<\/span><\/strong>, ofreci\u00f3 una peque\u00f1a actuaci\u00f3n, con car\u00e1cter de <strong>concierto did\u00e1ctico y participativo<\/strong>. All\u00ed pudimos conocer los distintos tipos de palos del flamenco, las letras, los distintos ritmos, las palmas, etc.&nbsp;<\/p>\n<p>Aqu\u00ed ten\u00e9is algunas fotograf\u00edas de nuestra actividad:<\/p>\nngg_shortcode_0_placeholder\n","protected":false},"excerpt":{"rendered":"<p>Con el alumnado de 1\u00ba de Bachillerato, de la materia de \u00abLenguaje y Pr\u00e1ctica musical\u00bb, hemos participado hoy en las actividades que se han organizado en torno al I Congreso Internacional \u00abEducaci\u00f3n y flamenco: transformaci\u00f3n social a trav\u00e9s del patrimonio cultural\u00bb, organizado por la Delegaci\u00f3n Territorial de Educaci\u00f3n y Deporte en Granada, la Agencia Andaluza &hellip; <\/p>\n<p><a class=\"more-link btn\" href=\"https:\/\/blogsaverroes.juntadeandalucia.es\/vegadptomusica\/2021\/11\/18\/participamos-en-el-i-congreso-internacional-educacion-y-flamenco-transformacion-social-a-traves-del-patrimonio-cultural\/\">Seguir leyendo<\/a><\/p>\n","protected":false},"author":1119,"featured_media":106,"comment_status":"closed","ping_status":"closed","sticky":false,"template":"","format":"standard","meta":{"ngg_post_thumbnail":0,"footnotes":""},"categories":[5],"tags":[7],"aioseo_notices":[],"_links":{"self":[{"href":"https:\/\/blogsaverroes.juntadeandalucia.es\/vegadptomusica\/wp-json\/wp\/v2\/posts\/89"}],"collection":[{"href":"https:\/\/blogsaverroes.juntadeandalucia.es\/vegadptomusica\/wp-json\/wp\/v2\/posts"}],"about":[{"href":"https:\/\/blogsaverroes.juntadeandalucia.es\/vegadptomusica\/wp-json\/wp\/v2\/types\/post"}],"author":[{"embeddable":true,"href":"https:\/\/blogsaverroes.juntadeandalucia.es\/vegadptomusica\/wp-json\/wp\/v2\/users\/1119"}],"replies":[{"embeddable":true,"href":"https:\/\/blogsaverroes.juntadeandalucia.es\/vegadptomusica\/wp-json\/wp\/v2\/comments?post=89"}],"version-history":[{"count":5,"href":"https:\/\/blogsaverroes.juntadeandalucia.es\/vegadptomusica\/wp-json\/wp\/v2\/posts\/89\/revisions"}],"predecessor-version":[{"id":99,"href":"https:\/\/blogsaverroes.juntadeandalucia.es\/vegadptomusica\/wp-json\/wp\/v2\/posts\/89\/revisions\/99"}],"wp:featuredmedia":[{"embeddable":true,"href":"https:\/\/blogsaverroes.juntadeandalucia.es\/vegadptomusica\/wp-json\/wp\/v2\/media\/106"}],"wp:attachment":[{"href":"https:\/\/blogsaverroes.juntadeandalucia.es\/vegadptomusica\/wp-json\/wp\/v2\/media?parent=89"}],"wp:term":[{"taxonomy":"category","embeddable":true,"href":"https:\/\/blogsaverroes.juntadeandalucia.es\/vegadptomusica\/wp-json\/wp\/v2\/categories?post=89"},{"taxonomy":"post_tag","embeddable":true,"href":"https:\/\/blogsaverroes.juntadeandalucia.es\/vegadptomusica\/wp-json\/wp\/v2\/tags?post=89"}],"curies":[{"name":"wp","href":"https:\/\/api.w.org\/{rel}","templated":true}]}}