{"id":337,"date":"2020-07-27T12:35:44","date_gmt":"2020-07-27T10:35:44","guid":{"rendered":"https:\/\/blogsaverroes.juntadeandalucia.es\/viajarquietos\/?p=337"},"modified":"2020-08-04T13:57:35","modified_gmt":"2020-08-04T11:57:35","slug":"benin-republica-de-benin","status":"publish","type":"post","link":"https:\/\/blogsaverroes.juntadeandalucia.es\/viajarquietos\/benin-republica-de-benin\/","title":{"rendered":"BEN\u00cdN (Rep\u00fablica de Ben\u00edn)"},"content":{"rendered":"<p><img loading=\"lazy\" decoding=\"async\" class=\"alignnone wp-image-338\" src=\"https:\/\/blogsaverroes.juntadeandalucia.es\/viajarquietos\/files\/2020\/07\/Benin-300x300.png\" alt=\"\" width=\"266\" height=\"266\" srcset=\"https:\/\/blogsaverroes.juntadeandalucia.es\/viajarquietos\/files\/2020\/07\/Benin-300x300.png 300w, https:\/\/blogsaverroes.juntadeandalucia.es\/viajarquietos\/files\/2020\/07\/Benin-150x150.png 150w, https:\/\/blogsaverroes.juntadeandalucia.es\/viajarquietos\/files\/2020\/07\/Benin-768x768.png 768w, https:\/\/blogsaverroes.juntadeandalucia.es\/viajarquietos\/files\/2020\/07\/Benin-100x100.png 100w, https:\/\/blogsaverroes.juntadeandalucia.es\/viajarquietos\/files\/2020\/07\/Benin-160x160.png 160w, https:\/\/blogsaverroes.juntadeandalucia.es\/viajarquietos\/files\/2020\/07\/Benin-320x320.png 320w, https:\/\/blogsaverroes.juntadeandalucia.es\/viajarquietos\/files\/2020\/07\/Benin-24x24.png 24w, https:\/\/blogsaverroes.juntadeandalucia.es\/viajarquietos\/files\/2020\/07\/Benin-36x36.png 36w, https:\/\/blogsaverroes.juntadeandalucia.es\/viajarquietos\/files\/2020\/07\/Benin-48x48.png 48w, https:\/\/blogsaverroes.juntadeandalucia.es\/viajarquietos\/files\/2020\/07\/Benin.png 800w\" sizes=\"(max-width: 266px) 100vw, 266px\" \/> &nbsp; &nbsp; &nbsp; &nbsp; &nbsp;&nbsp;&nbsp;<\/p>\n<p><!--more--><\/p>\n<p class=\"western\"><strong><span style=\"font-size: xx-small\"><span style=\"font-size: 8pt\">De David Vignoni \/ ICON KING &#8211; http:\/\/ftp.gnome.org\/pub\/GNOME\/sources\/gnome-themes-extras\/0.9\/gnome-themes-extras-0.9.0.tar.gz,<\/span> LGPL, https:\/\/commons.wikimedia.org\/w\/index.php?curid=739574<\/span><\/strong><\/p>\n<p><img loading=\"lazy\" decoding=\"async\" class=\"alignnone wp-image-339\" src=\"https:\/\/blogsaverroes.juntadeandalucia.es\/viajarquietos\/files\/2020\/07\/Bandera-de-Benin-300x214.png\" alt=\"\" width=\"190\" height=\"136\" srcset=\"https:\/\/blogsaverroes.juntadeandalucia.es\/viajarquietos\/files\/2020\/07\/Bandera-de-Benin-300x214.png 300w, https:\/\/blogsaverroes.juntadeandalucia.es\/viajarquietos\/files\/2020\/07\/Bandera-de-Benin-768x548.png 768w, https:\/\/blogsaverroes.juntadeandalucia.es\/viajarquietos\/files\/2020\/07\/Bandera-de-Benin.png 1024w, https:\/\/blogsaverroes.juntadeandalucia.es\/viajarquietos\/files\/2020\/07\/Bandera-de-Benin-24x17.png 24w, https:\/\/blogsaverroes.juntadeandalucia.es\/viajarquietos\/files\/2020\/07\/Bandera-de-Benin-36x26.png 36w, https:\/\/blogsaverroes.juntadeandalucia.es\/viajarquietos\/files\/2020\/07\/Bandera-de-Benin-48x34.png 48w\" sizes=\"(max-width: 190px) 100vw, 190px\" \/><\/p>\n<p class=\"western\"><strong>GENTILICIO:<\/strong> benin\u00e9s, beninesa<\/p>\n<p class=\"western\"><strong>CAPITAL:<\/strong> Porto Novo<\/p>\n<p class=\"western\"><strong>IDIOMA OFICIAL:<\/strong> Franc\u00e9s<\/p>\n<p class=\"western\"><strong>FORMA DE GOBIERNO:<\/strong> Rep\u00fablica presidencialista<\/p>\n<p class=\"western\"><strong>SUPERFICIE Y PUESTO QUE OCUPA EN EL MUNDO (RANKING TAMA\u00d1O):<\/strong> 112 622 km2, ocupando el puesto 101\u00ba<\/p>\n<p class=\"western\"><strong>PUNTO M\u00c1S ALTO:<\/strong> Monte Sokbaro (658 ms)<\/p>\n<p class=\"western\"><a href=\"http:\/\/www.casafrica.es\/fich_pais.jsp%3FPROID=510.html\">INFORMACI\u00d3N ADICIONAL SOBRE BENIN<\/a><\/p>\n<p class=\"western\"><a href=\"https:\/\/whc.unesco.org\/es\/list\/?iso=bj&amp;search=&amp;\">PATRIMONIO MUNDIAL DE LA UNESCO<\/a><\/p>\n<p class=\"western\"><a href=\"http:\/\/www.consuladodebenin.org\/turismo.htm\">TURISMO DE BENIN<\/a><\/p>\n","protected":false},"excerpt":{"rendered":"<p>&nbsp; &nbsp; &nbsp; &nbsp; &nbsp;&nbsp;&nbsp;<\/p>\n","protected":false},"author":9764,"featured_media":338,"comment_status":"open","ping_status":"closed","sticky":false,"template":"","format":"standard","meta":{"ngg_post_thumbnail":0,"footnotes":""},"categories":[36],"tags":[40,14],"aioseo_notices":[],"_links":{"self":[{"href":"https:\/\/blogsaverroes.juntadeandalucia.es\/viajarquietos\/wp-json\/wp\/v2\/posts\/337"}],"collection":[{"href":"https:\/\/blogsaverroes.juntadeandalucia.es\/viajarquietos\/wp-json\/wp\/v2\/posts"}],"about":[{"href":"https:\/\/blogsaverroes.juntadeandalucia.es\/viajarquietos\/wp-json\/wp\/v2\/types\/post"}],"author":[{"embeddable":true,"href":"https:\/\/blogsaverroes.juntadeandalucia.es\/viajarquietos\/wp-json\/wp\/v2\/users\/9764"}],"replies":[{"embeddable":true,"href":"https:\/\/blogsaverroes.juntadeandalucia.es\/viajarquietos\/wp-json\/wp\/v2\/comments?post=337"}],"version-history":[{"count":2,"href":"https:\/\/blogsaverroes.juntadeandalucia.es\/viajarquietos\/wp-json\/wp\/v2\/posts\/337\/revisions"}],"predecessor-version":[{"id":369,"href":"https:\/\/blogsaverroes.juntadeandalucia.es\/viajarquietos\/wp-json\/wp\/v2\/posts\/337\/revisions\/369"}],"wp:featuredmedia":[{"embeddable":true,"href":"https:\/\/blogsaverroes.juntadeandalucia.es\/viajarquietos\/wp-json\/wp\/v2\/media\/338"}],"wp:attachment":[{"href":"https:\/\/blogsaverroes.juntadeandalucia.es\/viajarquietos\/wp-json\/wp\/v2\/media?parent=337"}],"wp:term":[{"taxonomy":"category","embeddable":true,"href":"https:\/\/blogsaverroes.juntadeandalucia.es\/viajarquietos\/wp-json\/wp\/v2\/categories?post=337"},{"taxonomy":"post_tag","embeddable":true,"href":"https:\/\/blogsaverroes.juntadeandalucia.es\/viajarquietos\/wp-json\/wp\/v2\/tags?post=337"}],"curies":[{"name":"wp","href":"https:\/\/api.w.org\/{rel}","templated":true}]}}