{"id":516,"date":"2020-08-02T12:01:11","date_gmt":"2020-08-02T10:01:11","guid":{"rendered":"https:\/\/blogsaverroes.juntadeandalucia.es\/viajarquietos\/?p=516"},"modified":"2020-08-02T12:01:11","modified_gmt":"2020-08-02T10:01:11","slug":"republica-democratica-del-congo-republica-democratica-del-congo","status":"publish","type":"post","link":"https:\/\/blogsaverroes.juntadeandalucia.es\/viajarquietos\/republica-democratica-del-congo-republica-democratica-del-congo\/","title":{"rendered":"REP\u00daBLICA DEMOCR\u00c1TICA DEL CONGO (Rep\u00fablica Democr\u00e1tica del Congo)"},"content":{"rendered":"<p><img loading=\"lazy\" decoding=\"async\" class=\"alignnone  wp-image-517\" src=\"https:\/\/blogsaverroes.juntadeandalucia.es\/viajarquietos\/files\/2020\/08\/Congo2-300x300.png\" alt=\"\" width=\"261\" height=\"261\" srcset=\"https:\/\/blogsaverroes.juntadeandalucia.es\/viajarquietos\/files\/2020\/08\/Congo2-300x300.png 300w, https:\/\/blogsaverroes.juntadeandalucia.es\/viajarquietos\/files\/2020\/08\/Congo2-150x150.png 150w, https:\/\/blogsaverroes.juntadeandalucia.es\/viajarquietos\/files\/2020\/08\/Congo2-768x768.png 768w, https:\/\/blogsaverroes.juntadeandalucia.es\/viajarquietos\/files\/2020\/08\/Congo2-100x100.png 100w, https:\/\/blogsaverroes.juntadeandalucia.es\/viajarquietos\/files\/2020\/08\/Congo2-160x160.png 160w, https:\/\/blogsaverroes.juntadeandalucia.es\/viajarquietos\/files\/2020\/08\/Congo2-320x320.png 320w, https:\/\/blogsaverroes.juntadeandalucia.es\/viajarquietos\/files\/2020\/08\/Congo2-24x24.png 24w, https:\/\/blogsaverroes.juntadeandalucia.es\/viajarquietos\/files\/2020\/08\/Congo2-36x36.png 36w, https:\/\/blogsaverroes.juntadeandalucia.es\/viajarquietos\/files\/2020\/08\/Congo2-48x48.png 48w, https:\/\/blogsaverroes.juntadeandalucia.es\/viajarquietos\/files\/2020\/08\/Congo2.png 800w\" sizes=\"(max-width: 261px) 100vw, 261px\" \/><\/p>\n<p><!--more--><\/p>\n<p><span style=\"font-size: 8pt\">De Addicted04 &#8211; Trabajo propio with Natural Earth DataEste gr\u00e1fico vectorial, sin especificar seg\u00fan el W3C, fue creado con Inkscape., CC BY-SA 3.0, https:\/\/commons.wikimedia.org\/w\/index.php?curid=20230814<\/span><\/p>\n<p><img loading=\"lazy\" decoding=\"async\" class=\"alignnone  wp-image-518\" src=\"https:\/\/blogsaverroes.juntadeandalucia.es\/viajarquietos\/files\/2020\/08\/bcongo2.jpg\" alt=\"\" width=\"152\" height=\"101\" srcset=\"https:\/\/blogsaverroes.juntadeandalucia.es\/viajarquietos\/files\/2020\/08\/bcongo2.jpg 275w, https:\/\/blogsaverroes.juntadeandalucia.es\/viajarquietos\/files\/2020\/08\/bcongo2-24x16.jpg 24w, https:\/\/blogsaverroes.juntadeandalucia.es\/viajarquietos\/files\/2020\/08\/bcongo2-36x24.jpg 36w, https:\/\/blogsaverroes.juntadeandalucia.es\/viajarquietos\/files\/2020\/08\/bcongo2-48x32.jpg 48w\" sizes=\"(max-width: 152px) 100vw, 152px\" \/><\/p>\n<p class=\"western\"><strong>GENTILICIO:<\/strong> congole\u00f1o, congole\u00f1a, congol\u00e9s, congolesa<\/p>\n<p class=\"western\"><strong>CAPITAL:<\/strong> Kinsasa<\/p>\n<p class=\"western\"><strong>IDIOMA OFICIAL: <\/strong>franc\u00e9s, lingala, kikongo, chilula, suajili<\/p>\n<p class=\"western\"><strong>FORMA DE GOBIERNO:<\/strong> Rep\u00fablica semipresidencialista<\/p>\n<p class=\"western\"><strong>SUPERFICIE Y PUESTO QUE OCUPA EN EL MUNDO (RANKING TAMA\u00d1O):<\/strong> 2 344 858 km2, ocupando el puesto 11\u00ba<\/p>\n<p class=\"western\"><strong>PUNTO M\u00c1S ALTO:<\/strong> Pico Margarita (5 109 ms)<\/p>\n<p class=\"western\"><span style=\"color: #000080\"><span lang=\"zxx\"><u><a href=\"http:\/\/www.casafrica.es\/fich_pais.jsp%3FPROID=522&amp;CATID=167.html\">INFORMACI\u00d3N ADICIONAL SOBRE REP\u00daBLICA DEMOCR\u00c1TICA DEL CONGO<\/a><\/u><\/span><\/span><\/p>\n<p class=\"western\"><span style=\"color: #000080\"><span lang=\"zxx\"><u><a href=\"https:\/\/whc.unesco.org\/es\/list\/?iso=cd&amp;search=&amp;\">PATRIMONIO MUNDIAL DE LA UNESCO<\/a><\/u><\/span><\/span><\/p>\n<p class=\"western\"><span style=\"color: #000080\"><span lang=\"zxx\"><u><a href=\"https:\/\/www.alasviajeras.com\/es\/africa\/republica-democratica-del-congo\/36\/info\">TURISMO REP\u00daBLICA DEMOCR\u00c1TICA DEL CONGO<\/a><\/u><\/span><\/span><\/p>\n","protected":false},"excerpt":{"rendered":"","protected":false},"author":9764,"featured_media":517,"comment_status":"open","ping_status":"closed","sticky":false,"template":"","format":"standard","meta":{"ngg_post_thumbnail":0,"footnotes":""},"categories":[37],"tags":[40,14],"aioseo_notices":[],"_links":{"self":[{"href":"https:\/\/blogsaverroes.juntadeandalucia.es\/viajarquietos\/wp-json\/wp\/v2\/posts\/516"}],"collection":[{"href":"https:\/\/blogsaverroes.juntadeandalucia.es\/viajarquietos\/wp-json\/wp\/v2\/posts"}],"about":[{"href":"https:\/\/blogsaverroes.juntadeandalucia.es\/viajarquietos\/wp-json\/wp\/v2\/types\/post"}],"author":[{"embeddable":true,"href":"https:\/\/blogsaverroes.juntadeandalucia.es\/viajarquietos\/wp-json\/wp\/v2\/users\/9764"}],"replies":[{"embeddable":true,"href":"https:\/\/blogsaverroes.juntadeandalucia.es\/viajarquietos\/wp-json\/wp\/v2\/comments?post=516"}],"version-history":[{"count":1,"href":"https:\/\/blogsaverroes.juntadeandalucia.es\/viajarquietos\/wp-json\/wp\/v2\/posts\/516\/revisions"}],"predecessor-version":[{"id":519,"href":"https:\/\/blogsaverroes.juntadeandalucia.es\/viajarquietos\/wp-json\/wp\/v2\/posts\/516\/revisions\/519"}],"wp:featuredmedia":[{"embeddable":true,"href":"https:\/\/blogsaverroes.juntadeandalucia.es\/viajarquietos\/wp-json\/wp\/v2\/media\/517"}],"wp:attachment":[{"href":"https:\/\/blogsaverroes.juntadeandalucia.es\/viajarquietos\/wp-json\/wp\/v2\/media?parent=516"}],"wp:term":[{"taxonomy":"category","embeddable":true,"href":"https:\/\/blogsaverroes.juntadeandalucia.es\/viajarquietos\/wp-json\/wp\/v2\/categories?post=516"},{"taxonomy":"post_tag","embeddable":true,"href":"https:\/\/blogsaverroes.juntadeandalucia.es\/viajarquietos\/wp-json\/wp\/v2\/tags?post=516"}],"curies":[{"name":"wp","href":"https:\/\/api.w.org\/{rel}","templated":true}]}}