{"id":520,"date":"2020-08-02T12:09:54","date_gmt":"2020-08-02T10:09:54","guid":{"rendered":"https:\/\/blogsaverroes.juntadeandalucia.es\/viajarquietos\/?p=520"},"modified":"2020-08-02T12:09:54","modified_gmt":"2020-08-02T10:09:54","slug":"ruanda-republica-de-ruanda","status":"publish","type":"post","link":"https:\/\/blogsaverroes.juntadeandalucia.es\/viajarquietos\/ruanda-republica-de-ruanda\/","title":{"rendered":"RUANDA (Rep\u00fablica de Ruanda)"},"content":{"rendered":"<p><img loading=\"lazy\" decoding=\"async\" class=\"alignnone  wp-image-521\" src=\"https:\/\/blogsaverroes.juntadeandalucia.es\/viajarquietos\/files\/2020\/08\/Rwanda_in_Africa_special_marker.svg-300x283.png\" alt=\"\" width=\"272\" height=\"256\" srcset=\"https:\/\/blogsaverroes.juntadeandalucia.es\/viajarquietos\/files\/2020\/08\/Rwanda_in_Africa_special_marker.svg-300x283.png 300w, https:\/\/blogsaverroes.juntadeandalucia.es\/viajarquietos\/files\/2020\/08\/Rwanda_in_Africa_special_marker.svg-768x725.png 768w, https:\/\/blogsaverroes.juntadeandalucia.es\/viajarquietos\/files\/2020\/08\/Rwanda_in_Africa_special_marker.svg-24x24.png 24w, https:\/\/blogsaverroes.juntadeandalucia.es\/viajarquietos\/files\/2020\/08\/Rwanda_in_Africa_special_marker.svg-36x34.png 36w, https:\/\/blogsaverroes.juntadeandalucia.es\/viajarquietos\/files\/2020\/08\/Rwanda_in_Africa_special_marker.svg-48x45.png 48w, https:\/\/blogsaverroes.juntadeandalucia.es\/viajarquietos\/files\/2020\/08\/Rwanda_in_Africa_special_marker.svg.png 800w\" sizes=\"(max-width: 272px) 100vw, 272px\" \/><\/p>\n<p><!--more--><\/p>\n<p><span style=\"font-size: 8pt\">De TUBS &#8211; Trabajo propioEste gr\u00e1fico vectorial, sin especificar seg\u00fan el W3C, fue creado con Adobe Illustrator.Este archivo fue subido con Commonist.Esta imagen vectorial incluye elementos que han sido tomados o adaptados de esta: WorldMap.svg (de CodeOne).Esta imagen vectorial incluye elementos que han sido tomados o adaptados de esta: Africa location map.svg (de Sting).Esta imagen vectorial incluye elementos que han sido tomados o adaptados de esta: Egypt location map.svg (de NordNordWest).Esta imagen vectorial incluye elementos que han sido tomados o adaptados de esta: Western Sahara location map.svg (de NordNordWest).Esta imagen vectorial incluye elementos que han sido tomados o adaptados de esta: South Sudan location map.svg (de NordNordWest)., CC BY-SA 3.0, https:\/\/commons.wikimedia.org\/w\/index.php?curid=14823982<\/span><\/p>\n<p><img loading=\"lazy\" decoding=\"async\" class=\"alignnone  wp-image-522\" src=\"https:\/\/blogsaverroes.juntadeandalucia.es\/viajarquietos\/files\/2020\/08\/rw-300x200.jpg\" alt=\"\" width=\"141\" height=\"94\" srcset=\"https:\/\/blogsaverroes.juntadeandalucia.es\/viajarquietos\/files\/2020\/08\/rw-300x200.jpg 300w, https:\/\/blogsaverroes.juntadeandalucia.es\/viajarquietos\/files\/2020\/08\/rw-391x260.jpg 391w, https:\/\/blogsaverroes.juntadeandalucia.es\/viajarquietos\/files\/2020\/08\/rw-24x16.jpg 24w, https:\/\/blogsaverroes.juntadeandalucia.es\/viajarquietos\/files\/2020\/08\/rw-36x24.jpg 36w, https:\/\/blogsaverroes.juntadeandalucia.es\/viajarquietos\/files\/2020\/08\/rw-48x32.jpg 48w, https:\/\/blogsaverroes.juntadeandalucia.es\/viajarquietos\/files\/2020\/08\/rw.jpg 600w\" sizes=\"(max-width: 141px) 100vw, 141px\" \/><\/p>\n<p class=\"western\"><strong>GENTILICIO: <\/strong>ruand\u00e9s, ruandesa<\/p>\n<p class=\"western\"><strong>CAPITAL:<\/strong> Kigali<\/p>\n<p class=\"western\"><strong>IDIOMA OFICIAL:<\/strong> ki\u00f1aruanda, ingl\u00e9s, franc\u00e9s, suajili<\/p>\n<p class=\"western\"><strong>FORMA DE GOBIERNO:<\/strong> Rep\u00fablica semipresidencialista<\/p>\n<p class=\"western\"><strong>SUPERFICIE Y PUESTO QUE OCUPA EN EL MUNDO (RANKING TAMA\u00d1O):<\/strong> 26 338 km2, ocupando el puesto 148\u00ba<\/p>\n<p class=\"western\"><strong>PUNTO M\u00c1S ALTO:<\/strong> Monte Karisimbi (12 718 198 ms)<\/p>\n<p class=\"western\"><span style=\"color: #000080\"><span lang=\"zxx\"><u><a href=\"http:\/\/www.casafrica.es\/fich_pais.jsp%3FPROID=545.html\">INFORMACI\u00d3N ADICIONAL SOBRE RUANDA<\/a><\/u><\/span><\/span><\/p>\n<p><strong>PATRIMONIO MUNDIAL DE LA UNESCO: <\/strong>no cuenta actualmente con ning\u00fan lugar declarado como <b>Patrimonio<\/b> de la Humanidad por la <b>Unesco<\/b><\/p>\n<p class=\"western\"><span style=\"color: #000080\"><span lang=\"zxx\"><u><a href=\"https:\/\/www.visitrwanda.com\/\">TURISMO RUANDA<\/a><\/u><\/span><\/span><\/p>\n","protected":false},"excerpt":{"rendered":"","protected":false},"author":9764,"featured_media":521,"comment_status":"open","ping_status":"closed","sticky":false,"template":"","format":"standard","meta":{"ngg_post_thumbnail":0,"footnotes":""},"categories":[38],"tags":[14],"aioseo_notices":[],"_links":{"self":[{"href":"https:\/\/blogsaverroes.juntadeandalucia.es\/viajarquietos\/wp-json\/wp\/v2\/posts\/520"}],"collection":[{"href":"https:\/\/blogsaverroes.juntadeandalucia.es\/viajarquietos\/wp-json\/wp\/v2\/posts"}],"about":[{"href":"https:\/\/blogsaverroes.juntadeandalucia.es\/viajarquietos\/wp-json\/wp\/v2\/types\/post"}],"author":[{"embeddable":true,"href":"https:\/\/blogsaverroes.juntadeandalucia.es\/viajarquietos\/wp-json\/wp\/v2\/users\/9764"}],"replies":[{"embeddable":true,"href":"https:\/\/blogsaverroes.juntadeandalucia.es\/viajarquietos\/wp-json\/wp\/v2\/comments?post=520"}],"version-history":[{"count":1,"href":"https:\/\/blogsaverroes.juntadeandalucia.es\/viajarquietos\/wp-json\/wp\/v2\/posts\/520\/revisions"}],"predecessor-version":[{"id":523,"href":"https:\/\/blogsaverroes.juntadeandalucia.es\/viajarquietos\/wp-json\/wp\/v2\/posts\/520\/revisions\/523"}],"wp:featuredmedia":[{"embeddable":true,"href":"https:\/\/blogsaverroes.juntadeandalucia.es\/viajarquietos\/wp-json\/wp\/v2\/media\/521"}],"wp:attachment":[{"href":"https:\/\/blogsaverroes.juntadeandalucia.es\/viajarquietos\/wp-json\/wp\/v2\/media?parent=520"}],"wp:term":[{"taxonomy":"category","embeddable":true,"href":"https:\/\/blogsaverroes.juntadeandalucia.es\/viajarquietos\/wp-json\/wp\/v2\/categories?post=520"},{"taxonomy":"post_tag","embeddable":true,"href":"https:\/\/blogsaverroes.juntadeandalucia.es\/viajarquietos\/wp-json\/wp\/v2\/tags?post=520"}],"curies":[{"name":"wp","href":"https:\/\/api.w.org\/{rel}","templated":true}]}}