{"id":587,"date":"2020-08-05T11:59:36","date_gmt":"2020-08-05T09:59:36","guid":{"rendered":"https:\/\/blogsaverroes.juntadeandalucia.es\/viajarquietos\/?p=587"},"modified":"2020-08-05T11:59:36","modified_gmt":"2020-08-05T09:59:36","slug":"uganda-republica-de-uganda","status":"publish","type":"post","link":"https:\/\/blogsaverroes.juntadeandalucia.es\/viajarquietos\/uganda-republica-de-uganda\/","title":{"rendered":"UGANDA (Rep\u00fablica de Uganda)"},"content":{"rendered":"<p><img loading=\"lazy\" decoding=\"async\" class=\"alignnone  wp-image-588\" src=\"https:\/\/blogsaverroes.juntadeandalucia.es\/viajarquietos\/files\/2020\/08\/800px-Uganda_orthographic_projection.svg-300x300.png\" alt=\"\" width=\"258\" height=\"258\" srcset=\"https:\/\/blogsaverroes.juntadeandalucia.es\/viajarquietos\/files\/2020\/08\/800px-Uganda_orthographic_projection.svg-300x300.png 300w, https:\/\/blogsaverroes.juntadeandalucia.es\/viajarquietos\/files\/2020\/08\/800px-Uganda_orthographic_projection.svg-150x150.png 150w, https:\/\/blogsaverroes.juntadeandalucia.es\/viajarquietos\/files\/2020\/08\/800px-Uganda_orthographic_projection.svg-768x768.png 768w, https:\/\/blogsaverroes.juntadeandalucia.es\/viajarquietos\/files\/2020\/08\/800px-Uganda_orthographic_projection.svg-100x100.png 100w, https:\/\/blogsaverroes.juntadeandalucia.es\/viajarquietos\/files\/2020\/08\/800px-Uganda_orthographic_projection.svg-160x160.png 160w, https:\/\/blogsaverroes.juntadeandalucia.es\/viajarquietos\/files\/2020\/08\/800px-Uganda_orthographic_projection.svg-320x320.png 320w, https:\/\/blogsaverroes.juntadeandalucia.es\/viajarquietos\/files\/2020\/08\/800px-Uganda_orthographic_projection.svg-24x24.png 24w, https:\/\/blogsaverroes.juntadeandalucia.es\/viajarquietos\/files\/2020\/08\/800px-Uganda_orthographic_projection.svg-36x36.png 36w, https:\/\/blogsaverroes.juntadeandalucia.es\/viajarquietos\/files\/2020\/08\/800px-Uganda_orthographic_projection.svg-48x48.png 48w, https:\/\/blogsaverroes.juntadeandalucia.es\/viajarquietos\/files\/2020\/08\/800px-Uganda_orthographic_projection.svg.png 800w\" sizes=\"(max-width: 258px) 100vw, 258px\" \/><\/p>\n<p><!--more--><\/p>\n<p><span style=\"font-size: 8pt\">De Marcos Elias de Oliveira J\u00fanior &#8211; Trabajo propioEste gr\u00e1fico vectorial, sin especificar seg\u00fan el W3C, fue creado con Inkscape., Dominio p\u00fablico, https:\/\/commons.wikimedia.org\/w\/index.php?curid=15556951<\/span><\/p>\n<p><img loading=\"lazy\" decoding=\"async\" class=\"alignnone  wp-image-589\" src=\"https:\/\/blogsaverroes.juntadeandalucia.es\/viajarquietos\/files\/2020\/08\/bandera-de-uganda-300x200.jpg\" alt=\"\" width=\"140\" height=\"93\" srcset=\"https:\/\/blogsaverroes.juntadeandalucia.es\/viajarquietos\/files\/2020\/08\/bandera-de-uganda-300x200.jpg 300w, https:\/\/blogsaverroes.juntadeandalucia.es\/viajarquietos\/files\/2020\/08\/bandera-de-uganda-768x512.jpg 768w, https:\/\/blogsaverroes.juntadeandalucia.es\/viajarquietos\/files\/2020\/08\/bandera-de-uganda.jpg 1024w, https:\/\/blogsaverroes.juntadeandalucia.es\/viajarquietos\/files\/2020\/08\/bandera-de-uganda-391x260.jpg 391w, https:\/\/blogsaverroes.juntadeandalucia.es\/viajarquietos\/files\/2020\/08\/bandera-de-uganda-24x16.jpg 24w, https:\/\/blogsaverroes.juntadeandalucia.es\/viajarquietos\/files\/2020\/08\/bandera-de-uganda-36x24.jpg 36w, https:\/\/blogsaverroes.juntadeandalucia.es\/viajarquietos\/files\/2020\/08\/bandera-de-uganda-48x32.jpg 48w\" sizes=\"(max-width: 140px) 100vw, 140px\" \/><\/p>\n<p class=\"western\"><strong>GENTILICIO: <\/strong>ugand\u00e9s, ugandesa<strong><br \/>\n<\/strong><\/p>\n<p class=\"western\"><strong>CAPITAL:<\/strong> Kampala<\/p>\n<p class=\"western\"><strong>IDIOMA OFICIAL: <\/strong>ingl\u00e9s y suajili<\/p>\n<p class=\"western\"><strong>FORMA DE GOBIERNO:<\/strong> Rep\u00fablica presidencialista<\/p>\n<p class=\"western\"><strong>SUPERFICIE Y PUESTO QUE OCUPA EN EL MUNDO (RANKING TAMA\u00d1O):<\/strong> 241 038 km2, ocupando el puesto 81\u00ba<\/p>\n<p class=\"western\"><strong>PUNTO M\u00c1S ALTO:<\/strong> Pico Margarita (5 109 ms)<\/p>\n<p class=\"western\"><span style=\"color: #000080\"><span lang=\"zxx\"><u><a href=\"http:\/\/www.casafrica.es\/fich_pais.jsp%3FPROID=557.html\">INFORMACI\u00d3N ADICIONAL SOBRE UGANDA<\/a><\/u><\/span><\/span><\/p>\n<p class=\"western\"><span style=\"color: #000080\"><span lang=\"zxx\"><u><a href=\"https:\/\/whc.unesco.org\/es\/list\/?iso=ug&amp;search=&amp;\">PATRIMONIO MUNDIAL DE LA UNESCO<\/a><\/u><\/span><\/span><\/p>\n<p class=\"western\"><span style=\"color: #000080\"><span lang=\"zxx\"><u><a href=\"https:\/\/www.callejeandoporelmundo.com\/uganda-informacion-util-para-viajar\/\">TURISMO UGANDA<\/a><\/u><\/span><\/span><\/p>\n","protected":false},"excerpt":{"rendered":"","protected":false},"author":9764,"featured_media":590,"comment_status":"open","ping_status":"closed","sticky":false,"template":"","format":"standard","meta":{"ngg_post_thumbnail":0,"footnotes":""},"categories":[38],"tags":[40,14],"aioseo_notices":[],"_links":{"self":[{"href":"https:\/\/blogsaverroes.juntadeandalucia.es\/viajarquietos\/wp-json\/wp\/v2\/posts\/587"}],"collection":[{"href":"https:\/\/blogsaverroes.juntadeandalucia.es\/viajarquietos\/wp-json\/wp\/v2\/posts"}],"about":[{"href":"https:\/\/blogsaverroes.juntadeandalucia.es\/viajarquietos\/wp-json\/wp\/v2\/types\/post"}],"author":[{"embeddable":true,"href":"https:\/\/blogsaverroes.juntadeandalucia.es\/viajarquietos\/wp-json\/wp\/v2\/users\/9764"}],"replies":[{"embeddable":true,"href":"https:\/\/blogsaverroes.juntadeandalucia.es\/viajarquietos\/wp-json\/wp\/v2\/comments?post=587"}],"version-history":[{"count":1,"href":"https:\/\/blogsaverroes.juntadeandalucia.es\/viajarquietos\/wp-json\/wp\/v2\/posts\/587\/revisions"}],"predecessor-version":[{"id":591,"href":"https:\/\/blogsaverroes.juntadeandalucia.es\/viajarquietos\/wp-json\/wp\/v2\/posts\/587\/revisions\/591"}],"wp:featuredmedia":[{"embeddable":true,"href":"https:\/\/blogsaverroes.juntadeandalucia.es\/viajarquietos\/wp-json\/wp\/v2\/media\/590"}],"wp:attachment":[{"href":"https:\/\/blogsaverroes.juntadeandalucia.es\/viajarquietos\/wp-json\/wp\/v2\/media?parent=587"}],"wp:term":[{"taxonomy":"category","embeddable":true,"href":"https:\/\/blogsaverroes.juntadeandalucia.es\/viajarquietos\/wp-json\/wp\/v2\/categories?post=587"},{"taxonomy":"post_tag","embeddable":true,"href":"https:\/\/blogsaverroes.juntadeandalucia.es\/viajarquietos\/wp-json\/wp\/v2\/tags?post=587"}],"curies":[{"name":"wp","href":"https:\/\/api.w.org\/{rel}","templated":true}]}}