{"id":845,"date":"2020-08-12T12:54:30","date_gmt":"2020-08-12T10:54:30","guid":{"rendered":"https:\/\/blogsaverroes.juntadeandalucia.es\/viajarquietos\/?p=845"},"modified":"2020-08-12T12:54:30","modified_gmt":"2020-08-12T10:54:30","slug":"afganistan-republica-islamica-de-afganistan","status":"publish","type":"post","link":"https:\/\/blogsaverroes.juntadeandalucia.es\/viajarquietos\/afganistan-republica-islamica-de-afganistan\/","title":{"rendered":"AFGANIST\u00c1N (Rep\u00fablica Isl\u00e1mica de Afganist\u00e1n)"},"content":{"rendered":"<p><img loading=\"lazy\" decoding=\"async\" class=\"alignnone  wp-image-846\" src=\"https:\/\/blogsaverroes.juntadeandalucia.es\/viajarquietos\/files\/2020\/08\/800px-Afghanistan_orthographic_projection.svg-300x300.png\" alt=\"\" width=\"262\" height=\"262\" srcset=\"https:\/\/blogsaverroes.juntadeandalucia.es\/viajarquietos\/files\/2020\/08\/800px-Afghanistan_orthographic_projection.svg-300x300.png 300w, https:\/\/blogsaverroes.juntadeandalucia.es\/viajarquietos\/files\/2020\/08\/800px-Afghanistan_orthographic_projection.svg-150x150.png 150w, https:\/\/blogsaverroes.juntadeandalucia.es\/viajarquietos\/files\/2020\/08\/800px-Afghanistan_orthographic_projection.svg-768x768.png 768w, https:\/\/blogsaverroes.juntadeandalucia.es\/viajarquietos\/files\/2020\/08\/800px-Afghanistan_orthographic_projection.svg-100x100.png 100w, https:\/\/blogsaverroes.juntadeandalucia.es\/viajarquietos\/files\/2020\/08\/800px-Afghanistan_orthographic_projection.svg-160x160.png 160w, https:\/\/blogsaverroes.juntadeandalucia.es\/viajarquietos\/files\/2020\/08\/800px-Afghanistan_orthographic_projection.svg-320x320.png 320w, https:\/\/blogsaverroes.juntadeandalucia.es\/viajarquietos\/files\/2020\/08\/800px-Afghanistan_orthographic_projection.svg-24x24.png 24w, https:\/\/blogsaverroes.juntadeandalucia.es\/viajarquietos\/files\/2020\/08\/800px-Afghanistan_orthographic_projection.svg-36x36.png 36w, https:\/\/blogsaverroes.juntadeandalucia.es\/viajarquietos\/files\/2020\/08\/800px-Afghanistan_orthographic_projection.svg-48x48.png 48w, https:\/\/blogsaverroes.juntadeandalucia.es\/viajarquietos\/files\/2020\/08\/800px-Afghanistan_orthographic_projection.svg.png 800w\" sizes=\"(max-width: 262px) 100vw, 262px\" \/><\/p>\n<p><!--more--><\/p>\n<p><span style=\"font-size: 8pt\">De Shahid Parvez &#8211; Trabajo propio, basado en: India (orthographic projection).svg de Ssolbergj, GFDL, https:\/\/commons.wikimedia.org\/w\/index.php?curid=8515217<\/span><\/p>\n<p><img loading=\"lazy\" decoding=\"async\" class=\"alignnone  wp-image-847\" src=\"https:\/\/blogsaverroes.juntadeandalucia.es\/viajarquietos\/files\/2020\/08\/bandera-de-afganistan-300x200.png\" alt=\"\" width=\"135\" height=\"90\" srcset=\"https:\/\/blogsaverroes.juntadeandalucia.es\/viajarquietos\/files\/2020\/08\/bandera-de-afganistan-300x200.png 300w, https:\/\/blogsaverroes.juntadeandalucia.es\/viajarquietos\/files\/2020\/08\/bandera-de-afganistan-391x260.png 391w, https:\/\/blogsaverroes.juntadeandalucia.es\/viajarquietos\/files\/2020\/08\/bandera-de-afganistan-24x16.png 24w, https:\/\/blogsaverroes.juntadeandalucia.es\/viajarquietos\/files\/2020\/08\/bandera-de-afganistan-36x24.png 36w, https:\/\/blogsaverroes.juntadeandalucia.es\/viajarquietos\/files\/2020\/08\/bandera-de-afganistan-48x32.png 48w, https:\/\/blogsaverroes.juntadeandalucia.es\/viajarquietos\/files\/2020\/08\/bandera-de-afganistan.png 400w\" sizes=\"(max-width: 135px) 100vw, 135px\" \/><\/p>\n<p class=\"western\"><strong>GENTILICIO: <\/strong>afgano, afgana<\/p>\n<p class=\"western\"><strong>CAPITAL: <\/strong>Kabul<\/p>\n<p class=\"western\"><strong>IDIOMA OFICIAL: <\/strong>past\u00fan, dar\u00ed<strong><br \/>\n<\/strong><\/p>\n<p class=\"western\"><strong>FORMA DE GOBIERNO:<\/strong> Rep\u00fablica isl\u00e1mica presidencialista<\/p>\n<p class=\"western\"><strong>SUPERFICIE Y PUESTO QUE OCUPA EN EL MUNDO (RANKING TAMA\u00d1O):<\/strong> 655 230 km2, ocupando el puesto 41\u00ba<\/p>\n<p class=\"western\"><strong>PUNTO M\u00c1S ALTO:<\/strong> Noshaq (7 690 ms)<\/p>\n<p class=\"western\"><span style=\"color: #000080\"><span lang=\"zxx\"><u><a href=\"http:\/\/www.eurosur.org\/guiadelmundo.bak\/paises\/afganis\/index.htm\">INFORMACI\u00d3N ADICIONAL SOBRE AFGANIST\u00c1N<\/a><\/u><\/span><\/span><\/p>\n<p class=\"western\"><span style=\"color: #000080\"><span lang=\"zxx\"><u><a href=\"https:\/\/whc.unesco.org\/es\/list\/?iso=af&amp;search=&amp;\">PATRIMONIO MUNDIAL DE LA UNESCO<\/a><\/u><\/span><\/span><\/p>\n<p class=\"western\"><span style=\"color: #000080\"><span lang=\"zxx\"><u><a href=\"https:\/\/acrobatadelcamino.com\/consejos-para-viajar-a-afganistan-seguridad-riesgos\/\">TURISMO AFGANIST\u00c1N<\/a><\/u><\/span><\/span><\/p>\n","protected":false},"excerpt":{"rendered":"","protected":false},"author":9764,"featured_media":848,"comment_status":"open","ping_status":"closed","sticky":false,"template":"","format":"standard","meta":{"ngg_post_thumbnail":0,"footnotes":""},"categories":[42],"tags":[66,14],"aioseo_notices":[],"_links":{"self":[{"href":"https:\/\/blogsaverroes.juntadeandalucia.es\/viajarquietos\/wp-json\/wp\/v2\/posts\/845"}],"collection":[{"href":"https:\/\/blogsaverroes.juntadeandalucia.es\/viajarquietos\/wp-json\/wp\/v2\/posts"}],"about":[{"href":"https:\/\/blogsaverroes.juntadeandalucia.es\/viajarquietos\/wp-json\/wp\/v2\/types\/post"}],"author":[{"embeddable":true,"href":"https:\/\/blogsaverroes.juntadeandalucia.es\/viajarquietos\/wp-json\/wp\/v2\/users\/9764"}],"replies":[{"embeddable":true,"href":"https:\/\/blogsaverroes.juntadeandalucia.es\/viajarquietos\/wp-json\/wp\/v2\/comments?post=845"}],"version-history":[{"count":1,"href":"https:\/\/blogsaverroes.juntadeandalucia.es\/viajarquietos\/wp-json\/wp\/v2\/posts\/845\/revisions"}],"predecessor-version":[{"id":849,"href":"https:\/\/blogsaverroes.juntadeandalucia.es\/viajarquietos\/wp-json\/wp\/v2\/posts\/845\/revisions\/849"}],"wp:featuredmedia":[{"embeddable":true,"href":"https:\/\/blogsaverroes.juntadeandalucia.es\/viajarquietos\/wp-json\/wp\/v2\/media\/848"}],"wp:attachment":[{"href":"https:\/\/blogsaverroes.juntadeandalucia.es\/viajarquietos\/wp-json\/wp\/v2\/media?parent=845"}],"wp:term":[{"taxonomy":"category","embeddable":true,"href":"https:\/\/blogsaverroes.juntadeandalucia.es\/viajarquietos\/wp-json\/wp\/v2\/categories?post=845"},{"taxonomy":"post_tag","embeddable":true,"href":"https:\/\/blogsaverroes.juntadeandalucia.es\/viajarquietos\/wp-json\/wp\/v2\/tags?post=845"}],"curies":[{"name":"wp","href":"https:\/\/api.w.org\/{rel}","templated":true}]}}