{"id":907,"date":"2020-08-13T19:18:57","date_gmt":"2020-08-13T17:18:57","guid":{"rendered":"https:\/\/blogsaverroes.juntadeandalucia.es\/viajarquietos\/?p=907"},"modified":"2020-08-14T12:48:36","modified_gmt":"2020-08-14T10:48:36","slug":"islas-de-plastico","status":"publish","type":"post","link":"https:\/\/blogsaverroes.juntadeandalucia.es\/viajarquietos\/islas-de-plastico\/","title":{"rendered":"ISLAS DE PL\u00c1STICO"},"content":{"rendered":"<p>\u00bfSab\u00edas que en nuestros oc\u00e9anos hay cinco islas de pl\u00e1stico flotante, y que algunas son m\u00e1s grandes que Francia, Espa\u00f1a y Alemania juntas? Si te inter<a href=\"https:\/\/www.iberdrola.com\/medio-ambiente\/las-5-islas-de-basura-en-el-mundo\"><img loading=\"lazy\" decoding=\"async\" class=\" wp-image-911 alignright\" src=\"https:\/\/blogsaverroes.juntadeandalucia.es\/viajarquietos\/files\/2020\/08\/islas_plastico_746x419-300x168.jpg\" alt=\"\" width=\"409\" height=\"229\" srcset=\"https:\/\/blogsaverroes.juntadeandalucia.es\/viajarquietos\/files\/2020\/08\/islas_plastico_746x419-300x168.jpg 300w, https:\/\/blogsaverroes.juntadeandalucia.es\/viajarquietos\/files\/2020\/08\/islas_plastico_746x419-24x13.jpg 24w, https:\/\/blogsaverroes.juntadeandalucia.es\/viajarquietos\/files\/2020\/08\/islas_plastico_746x419-36x20.jpg 36w, https:\/\/blogsaverroes.juntadeandalucia.es\/viajarquietos\/files\/2020\/08\/islas_plastico_746x419-48x27.jpg 48w, https:\/\/blogsaverroes.juntadeandalucia.es\/viajarquietos\/files\/2020\/08\/islas_plastico_746x419.jpg 746w\" sizes=\"(max-width: 409px) 100vw, 409px\" \/><\/a>esa este tema, te recomiendo el siguiente <a href=\"https:\/\/www.iberdrola.com\/medio-ambiente\/las-5-islas-de-basura-en-el-mundo\">reportaje de IBERDROLA<\/a>.<\/p>\n<p>&nbsp;<\/p>\n","protected":false},"excerpt":{"rendered":"<p>\u00bfSab\u00edas que en nuestros oc\u00e9anos hay cinco islas de pl\u00e1stico flotante, y que algunas son m\u00e1s grandes que Francia, Espa\u00f1a y Alemania juntas? Si te interesa este tema, te recomiendo el siguiente&#46;&#46;&#46;<\/p>\n","protected":false},"author":9764,"featured_media":911,"comment_status":"open","ping_status":"closed","sticky":false,"template":"","format":"standard","meta":{"ngg_post_thumbnail":0,"footnotes":""},"categories":[20,10],"tags":[61,60,27,68],"aioseo_notices":[],"_links":{"self":[{"href":"https:\/\/blogsaverroes.juntadeandalucia.es\/viajarquietos\/wp-json\/wp\/v2\/posts\/907"}],"collection":[{"href":"https:\/\/blogsaverroes.juntadeandalucia.es\/viajarquietos\/wp-json\/wp\/v2\/posts"}],"about":[{"href":"https:\/\/blogsaverroes.juntadeandalucia.es\/viajarquietos\/wp-json\/wp\/v2\/types\/post"}],"author":[{"embeddable":true,"href":"https:\/\/blogsaverroes.juntadeandalucia.es\/viajarquietos\/wp-json\/wp\/v2\/users\/9764"}],"replies":[{"embeddable":true,"href":"https:\/\/blogsaverroes.juntadeandalucia.es\/viajarquietos\/wp-json\/wp\/v2\/comments?post=907"}],"version-history":[{"count":3,"href":"https:\/\/blogsaverroes.juntadeandalucia.es\/viajarquietos\/wp-json\/wp\/v2\/posts\/907\/revisions"}],"predecessor-version":[{"id":912,"href":"https:\/\/blogsaverroes.juntadeandalucia.es\/viajarquietos\/wp-json\/wp\/v2\/posts\/907\/revisions\/912"}],"wp:featuredmedia":[{"embeddable":true,"href":"https:\/\/blogsaverroes.juntadeandalucia.es\/viajarquietos\/wp-json\/wp\/v2\/media\/911"}],"wp:attachment":[{"href":"https:\/\/blogsaverroes.juntadeandalucia.es\/viajarquietos\/wp-json\/wp\/v2\/media?parent=907"}],"wp:term":[{"taxonomy":"category","embeddable":true,"href":"https:\/\/blogsaverroes.juntadeandalucia.es\/viajarquietos\/wp-json\/wp\/v2\/categories?post=907"},{"taxonomy":"post_tag","embeddable":true,"href":"https:\/\/blogsaverroes.juntadeandalucia.es\/viajarquietos\/wp-json\/wp\/v2\/tags?post=907"}],"curies":[{"name":"wp","href":"https:\/\/api.w.org\/{rel}","templated":true}]}}