{"id":123,"date":"2020-11-30T13:39:49","date_gmt":"2020-11-30T13:39:49","guid":{"rendered":"https:\/\/blogsaverroes.juntadeandalucia.es\/viatorcomunica\/?p=123"},"modified":"2021-04-17T12:02:38","modified_gmt":"2021-04-17T12:02:38","slug":"celebracion-del-dia-internacional-contra-la-violencia-de-genero","status":"publish","type":"post","link":"https:\/\/blogsaverroes.juntadeandalucia.es\/viatorcomunica\/?p=123","title":{"rendered":"Celebraci\u00f3n del D\u00eda Internacional contra la Violencia de G\u00e9nero"},"content":{"rendered":"<p style=\"text-align: justify\">Os dejamos esta actividad para recordarnos lo importante que son los buenos tratos en general y en especial hacia las mujeres, que son las que m\u00e1s han sufrido y est\u00e1n sufriendo en nuestros d\u00edas, aunque parezca incre\u00edble, los malos tratos. Esperamos que esto nos sirva para reflexionar a los mayores y que ayude a los y las m\u00e1s j\u00f3venes a construir una sociedad mejor donde no haya que celebrar este tipo de acontecimientos porque ya no sean necesarios. Nuestro apoyo a todas las mujeres que sufren o han sufrido malos tratos. Un abrazo.<\/p>\n<div style=\"width: 100%\">\n<div style=\"padding-bottom: 56.25%;padding-top: 0;height: 0\"><iframe src=\"https:\/\/view.genial.ly\/5fa6f925daa85b0d1a80b42c\" width=\"300\" height=\"200\" frameborder=\"0\" scrolling=\"yes\"><\/iframe><\/div>\n<div>&nbsp;<\/div>\n<div>&nbsp;<\/div>\n<\/div>\n","protected":false},"excerpt":{"rendered":"<p>Os dejamos esta actividad para recordarnos lo importante que son los buenos tratos en general y en especial hacia las mujeres, que son las que m\u00e1s han sufrido y est\u00e1n sufriendo en nuestros d\u00edas, aunque parezca incre\u00edble, los malos tratos. Esperamos que esto nos sirva para reflexionar a los mayores y que ayude a los [&hellip;]<\/p>\n","protected":false},"author":7576,"featured_media":0,"comment_status":"open","ping_status":"open","sticky":false,"template":"","format":"standard","meta":{"ngg_post_thumbnail":0,"footnotes":""},"categories":[6],"tags":[],"aioseo_notices":[],"_links":{"self":[{"href":"https:\/\/blogsaverroes.juntadeandalucia.es\/viatorcomunica\/index.php?rest_route=\/wp\/v2\/posts\/123"}],"collection":[{"href":"https:\/\/blogsaverroes.juntadeandalucia.es\/viatorcomunica\/index.php?rest_route=\/wp\/v2\/posts"}],"about":[{"href":"https:\/\/blogsaverroes.juntadeandalucia.es\/viatorcomunica\/index.php?rest_route=\/wp\/v2\/types\/post"}],"author":[{"embeddable":true,"href":"https:\/\/blogsaverroes.juntadeandalucia.es\/viatorcomunica\/index.php?rest_route=\/wp\/v2\/users\/7576"}],"replies":[{"embeddable":true,"href":"https:\/\/blogsaverroes.juntadeandalucia.es\/viatorcomunica\/index.php?rest_route=%2Fwp%2Fv2%2Fcomments&post=123"}],"version-history":[{"count":3,"href":"https:\/\/blogsaverroes.juntadeandalucia.es\/viatorcomunica\/index.php?rest_route=\/wp\/v2\/posts\/123\/revisions"}],"predecessor-version":[{"id":252,"href":"https:\/\/blogsaverroes.juntadeandalucia.es\/viatorcomunica\/index.php?rest_route=\/wp\/v2\/posts\/123\/revisions\/252"}],"wp:attachment":[{"href":"https:\/\/blogsaverroes.juntadeandalucia.es\/viatorcomunica\/index.php?rest_route=%2Fwp%2Fv2%2Fmedia&parent=123"}],"wp:term":[{"taxonomy":"category","embeddable":true,"href":"https:\/\/blogsaverroes.juntadeandalucia.es\/viatorcomunica\/index.php?rest_route=%2Fwp%2Fv2%2Fcategories&post=123"},{"taxonomy":"post_tag","embeddable":true,"href":"https:\/\/blogsaverroes.juntadeandalucia.es\/viatorcomunica\/index.php?rest_route=%2Fwp%2Fv2%2Ftags&post=123"}],"curies":[{"name":"wp","href":"https:\/\/api.w.org\/{rel}","templated":true}]}}