{"id":131,"date":"2020-12-22T14:01:00","date_gmt":"2020-12-22T14:01:00","guid":{"rendered":"https:\/\/blogsaverroes.juntadeandalucia.es\/viatorcomunica\/?p=131"},"modified":"2021-01-31T14:03:41","modified_gmt":"2021-01-31T14:03:41","slug":"actuacion-navidena-diciembre-2020","status":"publish","type":"post","link":"https:\/\/blogsaverroes.juntadeandalucia.es\/viatorcomunica\/?p=131","title":{"rendered":"Actuaci\u00f3n navide\u00f1a diciembre 2020"},"content":{"rendered":"<p>El alumnado de Educaci\u00f3na primaria disfrutando de las tradiciones, cantando villancicos. Visite nuestra p\u00e1gina de Facebook para ver el v\u00eddeo:<br \/>\n<a href=\"https:\/\/www.facebook.com\/100003162864877\/videos\/3611231852325541\/\" target=\"_blank\" rel=\"noopener noreferrer\"><img decoding=\"async\" class=\"alignnone wp-image-132 aligncenter\" src=\"https:\/\/blogsaverroes.juntadeandalucia.es\/viatorcomunica\/files\/2021\/01\/ClickHereLittle.png\" alt=\"\" width=\"116\" height=\"41\" srcset=\"https:\/\/blogsaverroes.juntadeandalucia.es\/viatorcomunica\/files\/2021\/01\/ClickHereLittle.png 96w, https:\/\/blogsaverroes.juntadeandalucia.es\/viatorcomunica\/files\/2021\/01\/ClickHereLittle-24x9.png 24w, https:\/\/blogsaverroes.juntadeandalucia.es\/viatorcomunica\/files\/2021\/01\/ClickHereLittle-36x13.png 36w, https:\/\/blogsaverroes.juntadeandalucia.es\/viatorcomunica\/files\/2021\/01\/ClickHereLittle-48x17.png 48w\" sizes=\"(max-width: 116px) 100vw, 116px\" \/><\/a><\/p>\n","protected":false},"excerpt":{"rendered":"<p>El alumnado de Educaci\u00f3na primaria disfrutando de las tradiciones, cantando villancicos. Visite nuestra p\u00e1gina de Facebook para ver el v\u00eddeo:<\/p>\n","protected":false},"author":7576,"featured_media":0,"comment_status":"open","ping_status":"open","sticky":false,"template":"","format":"standard","meta":{"ngg_post_thumbnail":0,"footnotes":""},"categories":[6],"tags":[],"aioseo_notices":[],"_links":{"self":[{"href":"https:\/\/blogsaverroes.juntadeandalucia.es\/viatorcomunica\/index.php?rest_route=\/wp\/v2\/posts\/131"}],"collection":[{"href":"https:\/\/blogsaverroes.juntadeandalucia.es\/viatorcomunica\/index.php?rest_route=\/wp\/v2\/posts"}],"about":[{"href":"https:\/\/blogsaverroes.juntadeandalucia.es\/viatorcomunica\/index.php?rest_route=\/wp\/v2\/types\/post"}],"author":[{"embeddable":true,"href":"https:\/\/blogsaverroes.juntadeandalucia.es\/viatorcomunica\/index.php?rest_route=\/wp\/v2\/users\/7576"}],"replies":[{"embeddable":true,"href":"https:\/\/blogsaverroes.juntadeandalucia.es\/viatorcomunica\/index.php?rest_route=%2Fwp%2Fv2%2Fcomments&post=131"}],"version-history":[{"count":1,"href":"https:\/\/blogsaverroes.juntadeandalucia.es\/viatorcomunica\/index.php?rest_route=\/wp\/v2\/posts\/131\/revisions"}],"predecessor-version":[{"id":133,"href":"https:\/\/blogsaverroes.juntadeandalucia.es\/viatorcomunica\/index.php?rest_route=\/wp\/v2\/posts\/131\/revisions\/133"}],"wp:attachment":[{"href":"https:\/\/blogsaverroes.juntadeandalucia.es\/viatorcomunica\/index.php?rest_route=%2Fwp%2Fv2%2Fmedia&parent=131"}],"wp:term":[{"taxonomy":"category","embeddable":true,"href":"https:\/\/blogsaverroes.juntadeandalucia.es\/viatorcomunica\/index.php?rest_route=%2Fwp%2Fv2%2Fcategories&post=131"},{"taxonomy":"post_tag","embeddable":true,"href":"https:\/\/blogsaverroes.juntadeandalucia.es\/viatorcomunica\/index.php?rest_route=%2Fwp%2Fv2%2Ftags&post=131"}],"curies":[{"name":"wp","href":"https:\/\/api.w.org\/{rel}","templated":true}]}}